{"id":173964,"date":"2025-06-13T18:17:15","date_gmt":"2025-06-13T18:17:15","guid":{"rendered":"https:\/\/www.europesays.com\/fr\/173964\/"},"modified":"2025-06-13T18:17:15","modified_gmt":"2025-06-13T18:17:15","slug":"apres-les-frappes-disrael-sur-liran-la-russie-et-la-chine-condamnent-tandis-que-leurope-appelle-a-la-desescalade","status":"publish","type":"post","link":"https:\/\/www.europesays.com\/fr\/173964\/","title":{"rendered":"Apr\u00e8s les frappes d\u2019Isra\u00ebl sur l\u2019Iran, la Russie et la Chine condamnent tandis que l\u2019Europe appelle \u00e0 la d\u00e9sescalade"},"content":{"rendered":"<p><strong>D\u00c9CRYPTAGE &#8211; <\/strong>Les r\u00e9actions des chancelleries \u00e0 l\u2019attaque correspondent pour l\u2019heure aux positions diplomatiques traditionnelles des uns et des autres.<\/p>\n<p class=\"fig-paragraph\">Le monde avait beau ne pas ignorer la possibilit\u00e9 de<a href=\"http:\/\/www.lefigaro.fr\/international\/frappes-en-iran-comment-israel-entame-la-decapitation-de-la-republique-islamique-20250613\" data-fig-type=\"Article\" data-gtm-custom-categorie=\"navigation\" data-gtm-custom-action=\"crossclick\" data-gtm-custom-label=\"Contextuel\" data-gtm-event=\"customEventSPE\" data-fig-domain=\"LEFIGARO\" rel=\"nofollow noopener\" target=\"_blank\">\u00a0frappes isra\u00e9liennes contre l\u2019Iran<\/a>, l\u2019attaque massive lanc\u00e9e dans la nuit de jeudi \u00e0 vendredi a surpris. Dans un message diffus\u00e9 sur internet peu apr\u00e8s le d\u00e9but de l\u2019offensive,\u00a0<a href=\"http:\/\/www.lefigaro.fr\/international\/benyamin-netanyahou-dejoue-une-manoeuvre-de-l-opposition-et-sauve-sa-coalition-20250612\" data-fig-type=\"Article\" data-gtm-custom-categorie=\"navigation\" data-gtm-custom-action=\"crossclick\" data-gtm-custom-label=\"Contextuel\" data-gtm-event=\"customEventSPE\" data-fig-domain=\"LEFIGARO\" rel=\"nofollow noopener\" target=\"_blank\">Benyamin Netanyahou<\/a>\u00a0a expliqu\u00e9 sa d\u00e9cision, tant pour rassurer les Isra\u00e9liens que pour tenter de rallier autant de dirigeants que possible \u00e0 sa cause. Dans cette allocution, le premier ministre a affirm\u00e9 que \u00ab\u00a0nous n\u2019avions pas d\u2019autre choix que d\u2019agir rapidement\u00a0\u00bb, \u00e9voquant \u00ab\u00a0une menace existentielle\u00a0\u00bb. \u00ab\u00a0Nous ne pouvions pas laisser cette menace \u00e0 la g\u00e9n\u00e9ration suivante\u00a0\u00bb, a-t-il affirm\u00e9, reconnaissant \u00ab\u00a0des moments difficiles \u00e0 venir\u00a0\u00bb alors que l\u2019op\u00e9ration, baptis\u00e9e \u00ab\u00a0Rising Lion\u00a0\u00bb, doit encore continuer \u00ab\u00a0des jours\u00a0\u00bb.<\/p>\n<p class=\"fig-paragraph\">Devant cette brusque mont\u00e9e de tensions, les chancelleries ont, pour la plupart, camp\u00e9 sur leur position traditionnelle et appel\u00e9 \u00e0 la retenue et \u00e0 la d\u00e9sescalade, \u00e0 commencer par le secr\u00e9taire g\u00e9n\u00e9ral de l\u2019ONU,<a href=\"http:\/\/www.lefigaro.fr\/international\/a-kazan-antonio-guterres-brise-l-isolement-de-poutine-sur-la-scene-internationale-20241023\" data-fig-type=\"Article\" data-gtm-custom-categorie=\"navigation\" data-gtm-custom-action=\"crossclick\" data-gtm-custom-label=\"Contextuel\" data-gtm-event=\"customEventSPE\" data-fig-domain=\"LEFIGARO\" rel=\"nofollow noopener\" target=\"_blank\">\u00a0Antonio\u2026<\/a><\/p>\n<p class=\"fig-premium-paywall__infos\">\n        Cet article est r\u00e9serv\u00e9 aux abonn\u00e9s.        Il vous reste 79% \u00e0 d\u00e9couvrir.\n    <\/p>\n<p>                <img  data- alt=\"Le Figaro\" class=\"fig-img--complete fig-img\"\/><\/p>\n<p class=\"fig-premium-paywall__title\">Vente Flash<\/p>\n<p class=\"fig-premium-paywall__subtitle\">3,99\u20ac par mois pendant 12 mois. Sans engagement.<\/p>\n<p class=\"fig-premium-paywall__connect\">\n                D\u00e9j\u00e0 abonn\u00e9\u00a0?                <a class=\"fig-premium-paywall__connect-link\" href=\"https:\/\/connect.lefigaro.fr\/login?client=horizon_web&amp;type=main&amp;redirect_uri=https%3A%2F%2Fwww.lefigaro.fr%2Finternational%2Fapres-les-frappes-d-israel-sur-l-iran-la-russie-et-la-chine-condamnent-tandis-que-l-europe-appelle-a-la-desescalade-20250613\" data-js-gtm=\"{&quot;customCategorie&quot;: &quot;conversion&quot;, &quot;customAction&quot;: &quot;before_Landing_Connexion_paywall_auto&quot;, &quot;customLabel&quot;: &quot;bGVmaWdhcm8uZnJfXzFmMDQ4NjE4LTcxYzktNmI3YS1hNDliLWZmNzRhNjE4YzJhZF9fQXJ0aWNsZQ==_Apr\u00e8s les frappes d\u2019Isra\u00ebl sur l\u2019Iran, la Russie et la Chine condamnent tandis que l\u2019Europe appelle \u00e0 la d\u00e9sescalade_212&quot;, &quot;customIDSPE&quot;: &quot;bGVmaWdhcm8uZnJfXzFmMDQ4NjE4LTcxYzktNmI3YS1hNDliLWZmNzRhNjE4YzJhZF9fQXJ0aWNsZQ==&quot;, &quot;event&quot;: &quot;customEventSPE&quot;}\" rel=\"nofollow noopener\" target=\"_blank\"><br \/>\n                    Connectez-vous<br \/>\n                <\/a>\n            <\/p>\n","protected":false},"excerpt":{"rendered":"D\u00c9CRYPTAGE &#8211; Les r\u00e9actions des chancelleries \u00e0 l\u2019attaque correspondent pour l\u2019heure aux positions diplomatiques traditionnelles des uns et&hellip;\n","protected":false},"author":2,"featured_media":173965,"comment_status":"","ping_status":"","sticky":false,"template":"","format":"standard","meta":{"footnotes":""},"categories":[1591],"tags":[259,11,260,1887,14,3019,664,261,12,262,1885,1886,132],"class_list":{"0":"post-173964","1":"post","2":"type-post","3":"status-publish","4":"format-standard","5":"has-post-thumbnail","7":"category-russie","8":"tag-actualite-internationale","9":"tag-actualites","10":"tag-affaires-etrangeres","11":"tag-federation-de-russie","12":"tag-international","13":"tag-iran","14":"tag-israel","15":"tag-ministere-des-affaires-etrangeres","16":"tag-news","17":"tag-politique-etrangere","18":"tag-russia","19":"tag-russian-federation","20":"tag-russie"},"share_on_mastodon":{"url":"https:\/\/pubeurope.com\/@fr\/114677432048110564","error":""},"_links":{"self":[{"href":"https:\/\/www.europesays.com\/fr\/wp-json\/wp\/v2\/posts\/173964","targetHints":{"allow":["GET"]}}],"collection":[{"href":"https:\/\/www.europesays.com\/fr\/wp-json\/wp\/v2\/posts"}],"about":[{"href":"https:\/\/www.europesays.com\/fr\/wp-json\/wp\/v2\/types\/post"}],"author":[{"embeddable":true,"href":"https:\/\/www.europesays.com\/fr\/wp-json\/wp\/v2\/users\/2"}],"replies":[{"embeddable":true,"href":"https:\/\/www.europesays.com\/fr\/wp-json\/wp\/v2\/comments?post=173964"}],"version-history":[{"count":0,"href":"https:\/\/www.europesays.com\/fr\/wp-json\/wp\/v2\/posts\/173964\/revisions"}],"wp:featuredmedia":[{"embeddable":true,"href":"https:\/\/www.europesays.com\/fr\/wp-json\/wp\/v2\/media\/173965"}],"wp:attachment":[{"href":"https:\/\/www.europesays.com\/fr\/wp-json\/wp\/v2\/media?parent=173964"}],"wp:term":[{"taxonomy":"category","embeddable":true,"href":"https:\/\/www.europesays.com\/fr\/wp-json\/wp\/v2\/categories?post=173964"},{"taxonomy":"post_tag","embeddable":true,"href":"https:\/\/www.europesays.com\/fr\/wp-json\/wp\/v2\/tags?post=173964"}],"curies":[{"name":"wp","href":"https:\/\/api.w.org\/{rel}","templated":true}]}}