{"id":173966,"date":"2025-06-13T18:18:10","date_gmt":"2025-06-13T18:18:10","guid":{"rendered":"https:\/\/www.europesays.com\/fr\/173966\/"},"modified":"2025-06-13T18:18:10","modified_gmt":"2025-06-13T18:18:10","slug":"les-russes-progressent-sur-le-terrain-lukraine-pleure-ses-morts","status":"publish","type":"post","link":"https:\/\/www.europesays.com\/fr\/173966\/","title":{"rendered":"Les Russes progressent sur le terrain, l\u2019Ukraine pleure ses morts"},"content":{"rendered":"<p><strong>R\u00e9cap &#8211; \u00ab 20 Minutes \u00bb fait le point pour vous tous les soirs sur le conflit en Ukraine. Ce vendredi, alors que la plan\u00e8te enti\u00e8re avait les yeux tourn\u00e9s vers l\u2019Iran, la Russie a revendiqu\u00e9 une nouvelle avanc\u00e9e sur le front<\/strong><\/p>\n<p>Vous avez rat\u00e9 les derniers \u00e9v\u00e9nements sur la <a href=\"https:\/\/www.20minutes.fr\/monde\/ukraine\/?at_medium=RSS%20feed&amp;at_campaign=ynews&amp;utm_source=yahoo&amp;utm_medium=rss&amp;utm_campaign=news_feed&amp;utm_content=in_article_link\" rel=\"nofollow noopener\" target=\"_blank\" data-ylk=\"slk:guerre en Ukraine;elm:context_link;itc:0;sec:content-canvas\" class=\"link \">guerre en Ukraine<\/a> ? 20 Minutes fait le point pour vous tous les soirs. Voici l\u2019essentiel de ce vendredi 13 juin 2025, 1.206e jour du conflit.<\/p>\n<p>Le fait du jour<\/p>\n<p>Trois nouvelles localit\u00e9s ukrainiennes sont tomb\u00e9es aux mains des <a href=\"https:\/\/www.20minutes.fr\/monde\/russie\/?at_medium=RSS%20feed&amp;at_campaign=ynews&amp;utm_source=yahoo&amp;utm_medium=rss&amp;utm_campaign=news_feed&amp;utm_content=in_article_link\" rel=\"nofollow noopener\" target=\"_blank\" data-ylk=\"slk:Russes;elm:context_link;itc:0;sec:content-canvas\" class=\"link \">Russes<\/a>. Selon le rapport quotidien du minist\u00e8re de la D\u00e9fense, les forces de Moscou se sont empar\u00e9es la localit\u00e9 de Iablonivka dans la r\u00e9gion de Soumy, situ\u00e9e \u00e0 environ 25 kilom\u00e8tres de la capitale r\u00e9gionale \u00e9ponyme. Dans la r\u00e9gion de Donetsk, o\u00f9 se d\u00e9roule l\u2019essentiel des combats depuis le d\u00e9but de l\u2019offensive russe contre l\u2019Ukraine en f\u00e9vrier 2022, l\u2019arm\u00e9e russe a pris le contr\u00f4le des bourgades de Komar et de Koptiev\u00e9. <a href=\"https:\/\/www.20minutes.fr\/monde\/volodymyr-zelensky\/?at_medium=RSS%20feed&amp;at_campaign=ynews&amp;utm_source=yahoo&amp;utm_medium=rss&amp;utm_campaign=news_feed&amp;utm_content=in_article_link\" rel=\"nofollow noopener\" target=\"_blank\" data-ylk=\"slk:Volodymyr Zelensky;elm:context_link;itc:0;sec:content-canvas\" class=\"link \">Volodymyr Zelensky<\/a> avait pourtant assur\u00e9 jeudi soir que les forces ukrainiennes \u00ab repoussent peu \u00e0 peu les occupants dans la r\u00e9gion de Soumy \u00bb. C\u2019est dans cette r\u00e9gion que <a href=\"https:\/\/www.20minutes.fr\/monde\/vladimir_poutine\/?at_medium=RSS%20feed&amp;at_campaign=ynews&amp;utm_source=yahoo&amp;utm_medium=rss&amp;utm_campaign=news_feed&amp;utm_content=in_article_link\" rel=\"nofollow noopener\" target=\"_blank\" data-ylk=\"slk:Vladimir Poutine;elm:context_link;itc:0;sec:content-canvas\" class=\"link \">Vladimir Poutine<\/a> a annonc\u00e9 vouloir \u00e9tablir une \u00ab zone tampon \u00bb afin d\u2019\u00e9viter des incursions ukrainiennes sur le sol russe.<\/p>\n<p>Kiev redoute un assaut de grande envergure du c\u00f4t\u00e9 de Soumy, o\u00f9 les bombardements se sont intensifi\u00e9s.<\/p>\n<p>La d\u00e9claration du jour<\/p>\n<blockquote class=\"caas-blockquote\">\n<p>Il n\u2019y a pas d\u2019\u00e9quivalent r\u00e9cent. C\u2019est un conflit extr\u00eamement meurtrier. D\u2019autant que sur la ligne de front, on a dix fois moins d\u2019hommes \u00bb que lors des deux guerres mondiales<\/p>\n<\/blockquote>\n<p>Le sentiment de Michel Goya, ancien colonel et sp\u00e9cialiste des conflits arm\u00e9s, interrog\u00e9 par 20 Minutes sur la cr\u00e9dibilit\u00e9 du chiffre d\u2019un million de morts russes en trois ans, avanc\u00e9 par l\u2019arm\u00e9e de Kiev, qu(&#8230;)<\/p>\n<p><a href=\"https:\/\/www.20minutes.fr\/monde\/ukraine\/4158460-20250613-guerre-ukraine-russes-progressent-terrain-ukraine-pleure-morts?at_medium=RSS%20feed&amp;at_campaign=ynews&amp;utm_source=yahoo&amp;utm_medium=rss&amp;utm_campaign=news_feed&amp;utm_content=read_more_link\" rel=\"nofollow noopener\" target=\"_blank\" data-ylk=\"slk:Lire la suite sur 20minutes;elm:context_link;itc:0;sec:content-canvas\" class=\"link \">Lire la suite sur 20minutes<\/a><\/p>\n<p>\u00c0 lire aussi :<br \/><a href=\"https:\/\/www.20minutes.fr\/monde\/4158332-20250613-guerre-ukraine-pourquoi-destruction-su-35-russe-f-16-consideree-comme-historique?at_medium=RSS%20feed&amp;at_campaign=ynews&amp;utm_source=yahoo&amp;utm_medium=rss&amp;utm_campaign=news_feed&amp;utm_content=related_content_link\" rel=\"nofollow noopener\" target=\"_blank\" data-ylk=\"slk:Guerre en Ukraine : Pourquoi la destruction d\u2019un Su-35 russe par un F-16 est-elle consid\u00e9r\u00e9e comme \u00ab historique \u00bb ?;elm:context_link;itc:0;sec:content-canvas\" class=\"link \">Guerre en Ukraine : Pourquoi la destruction d\u2019un Su-35 russe par un F-16 est-elle consid\u00e9r\u00e9e comme \u00ab historique \u00bb ?<\/a><br \/><a href=\"https:\/\/www.20minutes.fr\/monde\/ukraine\/4158187-20250613-guerre-ukraine-equivalent-recent-comment-placer-million-pertes-cote-russe-histoire?at_medium=RSS%20feed&amp;at_campaign=ynews&amp;utm_source=yahoo&amp;utm_medium=rss&amp;utm_campaign=news_feed&amp;utm_content=related_content_link\" rel=\"nofollow noopener\" target=\"_blank\" data-ylk=\"slk:Guerre en Ukraine : Comment placer le million de pertes humaines c\u00f4t\u00e9 russe dans l\u2019histoire ?;elm:context_link;itc:0;sec:content-canvas\" class=\"link \">Guerre en Ukraine : Comment placer le million de pertes humaines c\u00f4t\u00e9 russe dans l\u2019histoire ?<\/a><\/p>\n","protected":false},"excerpt":{"rendered":"R\u00e9cap &#8211; \u00ab 20 Minutes \u00bb fait le point pour vous tous les soirs sur le conflit en&hellip;\n","protected":false},"author":2,"featured_media":173967,"comment_status":"","ping_status":"","sticky":false,"template":"","format":"standard","meta":{"footnotes":""},"categories":[1590],"tags":[642,11,1777,674,1876,12,9044,220,134],"class_list":{"0":"post-173966","1":"post","2":"type-post","3":"status-publish","4":"format-standard","5":"has-post-thumbnail","7":"category-ukraine","8":"tag-20-minutes","9":"tag-actualites","10":"tag-eu","11":"tag-europe","12":"tag-ministere-de-la-defense","13":"tag-news","14":"tag-soumy","15":"tag-ukraine","16":"tag-volodymyr-zelensky"},"share_on_mastodon":{"url":"https:\/\/pubeurope.com\/@fr\/114677435949871954","error":""},"_links":{"self":[{"href":"https:\/\/www.europesays.com\/fr\/wp-json\/wp\/v2\/posts\/173966","targetHints":{"allow":["GET"]}}],"collection":[{"href":"https:\/\/www.europesays.com\/fr\/wp-json\/wp\/v2\/posts"}],"about":[{"href":"https:\/\/www.europesays.com\/fr\/wp-json\/wp\/v2\/types\/post"}],"author":[{"embeddable":true,"href":"https:\/\/www.europesays.com\/fr\/wp-json\/wp\/v2\/users\/2"}],"replies":[{"embeddable":true,"href":"https:\/\/www.europesays.com\/fr\/wp-json\/wp\/v2\/comments?post=173966"}],"version-history":[{"count":0,"href":"https:\/\/www.europesays.com\/fr\/wp-json\/wp\/v2\/posts\/173966\/revisions"}],"wp:featuredmedia":[{"embeddable":true,"href":"https:\/\/www.europesays.com\/fr\/wp-json\/wp\/v2\/media\/173967"}],"wp:attachment":[{"href":"https:\/\/www.europesays.com\/fr\/wp-json\/wp\/v2\/media?parent=173966"}],"wp:term":[{"taxonomy":"category","embeddable":true,"href":"https:\/\/www.europesays.com\/fr\/wp-json\/wp\/v2\/categories?post=173966"},{"taxonomy":"post_tag","embeddable":true,"href":"https:\/\/www.europesays.com\/fr\/wp-json\/wp\/v2\/tags?post=173966"}],"curies":[{"name":"wp","href":"https:\/\/api.w.org\/{rel}","templated":true}]}}