{"id":173976,"date":"2025-06-13T18:23:18","date_gmt":"2025-06-13T18:23:18","guid":{"rendered":"https:\/\/www.europesays.com\/fr\/173976\/"},"modified":"2025-06-13T18:23:18","modified_gmt":"2025-06-13T18:23:18","slug":"les-accords-bilateraux-iii-sont-en-consultation-ils-demeurent-la-meilleure-option-pour-le-conseil-federal","status":"publish","type":"post","link":"https:\/\/www.europesays.com\/fr\/173976\/","title":{"rendered":"Les accords bilat\u00e9raux III sont en consultation, ils demeurent la meilleure option pour le Conseil f\u00e9d\u00e9ral"},"content":{"rendered":"<p>              <a tabindex=\"-1\" title=\"Yan Pauchard\" href=\"https:\/\/www.letemps.ch\/profil\/yan-pauchard\" target=\"_blank\" rel=\"noopener\"><\/p>\n<p>                    <img decoding=\"async\" src=\"https:\/\/www.europesays.com\/fr\/wp-content\/uploads\/2025\/06\/1749838998_915_small.jpeg\" class=\"lazy\" alt=\"\"\/><\/p>\n<p><\/a>        <\/p>\n<p>    Publi\u00e9 le 13 juin 2025 \u00e0 16:00. \/ Modifi\u00e9 le 13 juin 2025 \u00e0 20:19.<\/p>\n<p> 3 min. de lecture<\/p>\n<p class=\"article__abstract-call-to-action\" data-ariato=\"TrackableElement\" data-trackable-element-type=\"article_abstract_cta\" data-trackable-element-location=\"article_header\" data-trackable-element-id=\"497777\">\n          <a data-event=\"click-&gt;clicked\" href=\"https:\/\/www.letemps.ch\/abonnements\" target=\"_blank\" rel=\"noopener\">Abonnez-vous<\/a> pour acc\u00e9der au r\u00e9sum\u00e9 en 20 secondes.\n        <\/p>\n<p>L\u2019avenir dira si le choix du vendredi\u00a013 comme date de lancement de la consultation sur le paquet d\u2019accords avec l\u2019Union europ\u00e9enne (UE) portera chance ou non au Conseil f\u00e9d\u00e9ral. Au-del\u00e0 de la boutade, l\u2019instant est marquant pour la politique suisse. C\u2019est face \u00e0 un imposant parterre de journalistes, entour\u00e9 de nombreux directeurs d\u2019office et de secr\u00e9taires d\u2019Etat, qu\u2019Ignazio Cassis a annonc\u00e9 que le gouvernement avait approuv\u00e9 les textes et lanc\u00e9 la proc\u00e9dure de consultation. \u00abCette d\u00e9cision marque une \u00e9tape importante pour la Suisse en vue de stabiliser ses rapports avec l\u2019Union europ\u00e9enne et les d\u00e9velopper\u00bb, s\u2019est r\u00e9jouit le ministre des Affaires \u00e9trang\u00e8res.<\/p>\n<p>L\u2019approbation par le Conseil f\u00e9d\u00e9ral marque la fin d\u2019un processus de plusieurs ann\u00e9es. Le n\u00e9gociateur en chef de la Suisse, Patric Franzen, a \u00e9voqu\u00e9 \u00abl\u2019intensit\u00e9\u00bb du travail qui a concern\u00e9 six des sept d\u00e9partements f\u00e9d\u00e9raux. On parle de 70 personnes ayant \u0153uvr\u00e9 pour ces n\u00e9gociations qui ont abouti \u00e0 un paquet d\u2019accords de quelque 1800 pages. Ces derniers se r\u00e9partissent en quatre arr\u00eat\u00e9s diff\u00e9rents: un sur la stabilisation des relations bilat\u00e9rales et trois sur le d\u00e9veloppement de ces derni\u00e8res (s\u00e9curit\u00e9 alimentaire, \u00e9lectricit\u00e9 et sant\u00e9).<\/p>\n","protected":false},"excerpt":{"rendered":"Publi\u00e9 le 13 juin 2025 \u00e0 16:00. \/ Modifi\u00e9 le 13 juin 2025 \u00e0 20:19. 3 min. de&hellip;\n","protected":false},"author":2,"featured_media":173977,"comment_status":"","ping_status":"","sticky":false,"template":"","format":"standard","meta":{"footnotes":""},"categories":[1586],"tags":[11,1777,674,1779,1011,27,12,6328,301,25,2582,1778,364],"class_list":{"0":"post-173976","1":"post","2":"type-post","3":"status-publish","4":"format-standard","5":"has-post-thumbnail","7":"category-europe","8":"tag-actualites","9":"tag-eu","10":"tag-europe","11":"tag-european-union","12":"tag-fr","13":"tag-france","14":"tag-news","15":"tag-politique-federale","16":"tag-premium","17":"tag-republique-francaise","18":"tag-suisse-ue","19":"tag-ue","20":"tag-union-europeenne"},"share_on_mastodon":{"url":"https:\/\/pubeurope.com\/@fr\/114677455499982347","error":""},"_links":{"self":[{"href":"https:\/\/www.europesays.com\/fr\/wp-json\/wp\/v2\/posts\/173976","targetHints":{"allow":["GET"]}}],"collection":[{"href":"https:\/\/www.europesays.com\/fr\/wp-json\/wp\/v2\/posts"}],"about":[{"href":"https:\/\/www.europesays.com\/fr\/wp-json\/wp\/v2\/types\/post"}],"author":[{"embeddable":true,"href":"https:\/\/www.europesays.com\/fr\/wp-json\/wp\/v2\/users\/2"}],"replies":[{"embeddable":true,"href":"https:\/\/www.europesays.com\/fr\/wp-json\/wp\/v2\/comments?post=173976"}],"version-history":[{"count":0,"href":"https:\/\/www.europesays.com\/fr\/wp-json\/wp\/v2\/posts\/173976\/revisions"}],"wp:featuredmedia":[{"embeddable":true,"href":"https:\/\/www.europesays.com\/fr\/wp-json\/wp\/v2\/media\/173977"}],"wp:attachment":[{"href":"https:\/\/www.europesays.com\/fr\/wp-json\/wp\/v2\/media?parent=173976"}],"wp:term":[{"taxonomy":"category","embeddable":true,"href":"https:\/\/www.europesays.com\/fr\/wp-json\/wp\/v2\/categories?post=173976"},{"taxonomy":"post_tag","embeddable":true,"href":"https:\/\/www.europesays.com\/fr\/wp-json\/wp\/v2\/tags?post=173976"}],"curies":[{"name":"wp","href":"https:\/\/api.w.org\/{rel}","templated":true}]}}