{"id":173981,"date":"2025-06-13T18:26:09","date_gmt":"2025-06-13T18:26:09","guid":{"rendered":"https:\/\/www.europesays.com\/fr\/173981\/"},"modified":"2025-06-13T18:26:09","modified_gmt":"2025-06-13T18:26:09","slug":"dispositif-sentinelle-renforce-en-france-defense-disrael-responsabilite-de-liran-ce-quil-faut-retenir-de-la-conference-de-presse-de-macron","status":"publish","type":"post","link":"https:\/\/www.europesays.com\/fr\/173981\/","title":{"rendered":"Dispositif Sentinelle renforc\u00e9 en France, d\u00e9fense d\u2019Isra\u00ebl, responsabilit\u00e9 de l\u2019Iran&#8230; Ce qu\u2019il faut retenir de la conf\u00e9rence de presse de Macron"},"content":{"rendered":"<p>Le pr\u00e9sident de la R\u00e9publique a point\u00e9 vendredi la \u00ablourde responsabilit\u00e9\u00bb de l\u2019Iran dans la mont\u00e9e des tensions avec Isra\u00ebl, qui a lanc\u00e9 son op\u00e9ration \u00abRising Lion\u00bb. \u00abNous ne pouvons pas vivre dans un monde o\u00f9 l\u2019Iran a l\u2019arme atomique\u00bb, a-t-il martel\u00e9.<\/p>\n<p class=\"fig-paragraph\">Sa prise de parole \u00e9tait attendue. Lors d\u2019une conf\u00e9rence de presse ce vendredi soir 13 juin \u00e0 l\u2019\u00c9lys\u00e9e, cons\u00e9cutives aux\u00a0<a href=\"http:\/\/www.lefigaro.fr\/conjoncture\/carburants-faut-il-craindre-une-flambee-des-prix-a-la-pompe-apres-les-frappes-israeliennes-en-iran-20250613\" target=\"_blank\" data-fig-type=\"Article\" rel=\"noopener nofollow\" data-gtm-custom-categorie=\"navigation\" data-gtm-custom-action=\"crossclick\" data-gtm-custom-label=\"Contextuel\" data-gtm-event=\"customEventSPE\" data-fig-domain=\"LEFIGARO\">frappes isra\u00e9liennes sur l\u2019Iran<\/a>\u00a0survenues la nuit pr\u00e9c\u00e9dente,\u00a0<a href=\"http:\/\/www.lefigaro.fr\/international\/les-frappes-d-israel-en-iran-bousculent-l-agenda-d-emmanuel-macron-sur-la-palestine-20250613\" target=\"_blank\" data-fig-type=\"Article\" rel=\"noopener nofollow\" data-gtm-custom-categorie=\"navigation\" data-gtm-custom-action=\"crossclick\" data-gtm-custom-label=\"Contextuel\" data-gtm-event=\"customEventSPE\" data-fig-domain=\"LEFIGARO\">Emmanuel Macron<\/a>\u00a0a point\u00e9 la \u00ablourde responsabilit\u00e9\u00bb de l\u2019Iran dans cette attaque, que l\u2019arm\u00e9e isra\u00e9lienne a surnomm\u00e9e \u00ab<a href=\"http:\/\/www.lefigaro.fr\/international\/teheran-en-feu-etat-d-urgence-en-israel-implication-du-mossad-le-recit-de-la-nuit-ou-tsahal-a-declenche-l-operation-rising-lion-contre-l-iran-20250613\" target=\"_blank\" data-fig-type=\"NewsFlash\" rel=\"noopener nofollow\" data-gtm-custom-categorie=\"navigation\" data-gtm-custom-action=\"crossclick\" data-gtm-custom-label=\"Contextuel\" data-gtm-event=\"customEventSPE\" data-fig-domain=\"LEFIGARO\">op\u00e9ration Rising Lion<\/a> \u00bb. Le Figaro fait le point sur ce qu\u2019il faut retenir de ce point presse.<\/p>\n<p>\u00abNous ne pouvons pas vivre dans un monde o\u00f9 l\u2019Iran a l\u2019arme atomique\u00bb<\/p>\n<p class=\"fig-paragraph\">Ces frappes, auxquelles la France n\u2019a pas particip\u00e9 selon le chef de l\u2019\u00c9tat, \u00abdevraient probablement durer\u00bb, a-t-il dit en pr\u00e9ambule. Elles marquent d\u2019ailleurs une \u00ab\u00e9tape nouvelle\u00bb dans les tensions au\u00a0<a href=\"http:\/\/www.lefigaro.fr\/flash-actu\/nucleaire-l-iran-menace-de-cibler-les-bases-americaines-au-moyen-orient-en-cas-de-conflit-20250611\" target=\"_blank\" data-fig-type=\"NewsFlash\" rel=\"noopener nofollow\" data-gtm-custom-categorie=\"navigation\" data-gtm-custom-action=\"crossclick\" data-gtm-custom-label=\"Contextuel\" data-gtm-event=\"customEventSPE\" data-fig-domain=\"LEFIGARO\">Moyen-Orient<\/a>. \u00abNous ne pouvons pas vivre dans un monde o\u00f9 l\u2019Iran a l\u2019arme atomique\u00bb, a-t-il imm\u00e9diatement ajout\u00e9, rappelant que la \u00abFrance a condamn\u00e9 depuis longtemps et \u00e0 de multiples reprises le programme nucl\u00e9aire iranien.\u00bb\u00a0<\/p>\n<p class=\"fig-paragraph\">L\u2019Iran a pourtant \u00abcontinu\u00e9 de produire de l\u2019uranium enrichi. (Le pays) s\u2019est ainsi affranchi de toute r\u00e9glementation et a rompu toutes ses promesses. L\u2019Iran d\u00e9veloppe aussi \u00e0 marche forc\u00e9e un programme de missiles balistiques, dont certains pourraient atteindre le territoire national.\u00bb Pour Emmanuel Macron, l\u2019Iran est \u00abproche d\u2019un stade critique\u00bb qui \u00abpermet de produire des engins nucl\u00e9aires\u00bb. Sans pour autant l\u00e9gitimer la voie militaire qu\u2019Isra\u00ebl a emprunt\u00e9e, disant que la France avait plut\u00f4t opt\u00e9 pour la voie diplomatique afin de faire plier\u00a0<a href=\"http:\/\/www.lefigaro.fr\/international\/teheran-en-feu-etat-d-urgence-en-israel-implication-du-mossad-le-recit-de-la-nuit-ou-tsahal-a-declenche-l-operation-rising-lion-contre-l-iran-20250613\" target=\"_blank\" data-fig-type=\"NewsFlash\" rel=\"noopener nofollow\" data-gtm-custom-categorie=\"navigation\" data-gtm-custom-action=\"crossclick\" data-gtm-custom-label=\"Contextuel\" data-gtm-event=\"customEventSPE\" data-fig-domain=\"LEFIGARO\">T\u00e9h\u00e9ran<\/a>\u00a0sur son programme nucl\u00e9aire, le chef de l\u2019\u00c9tat a toutefois clam\u00e9 que \u00abla situation dans laquelle nous \u00e9tions entr\u00e9s \u00e9tait une menace pour Isra\u00ebl et pour nous tous\u00bb.<\/p>\n<p>La France pr\u00eate \u00e0 participer \u00e0 la d\u00e9fense d\u2019Isra\u00ebl<\/p>\n<p class=\"fig-paragraph\">Si la France n\u2019a pas \u00abparticip\u00e9 \u00e0 la conduite des frappes\u00bb isra\u00e9liennes, elle se tient toutefois pr\u00eate \u00e0 participer \u00e0 la d\u00e9fense d\u2019Isra\u00ebl, si elle est \u00aben situation de le faire\u00bb. \u00abJ\u2019ai marqu\u00e9 notre disponibilit\u00e9 en ce sens\u00bb, a ajout\u00e9 le pr\u00e9sident fran\u00e7ais. \u00ab\u00c0 l\u2019inverse, je n\u2019envisage aucunement de participer \u00e0 quelque op\u00e9ration offensive que ce soit. Ce n\u2019est pas notre r\u00f4le\u00bb, a fait valoir Emmanuel Macron.<\/p>\n<p>Le dispositif Sentinelle renforc\u00e9 en France \u00abpour faire face \u00e0 toutes les potentielles menaces\u00bb<\/p>\n<p class=\"fig-paragraph\">Le pr\u00e9sident de la R\u00e9publique a en outre d\u00e9plor\u00e9 d\u2019\u00e9ventuelles \u00abmenaces\u00bb pesant sur la France, rappelant l\u2019Iran avait pr\u00e9c\u00e9demment \u00abd\u00e9montr\u00e9 sa capacit\u00e9 \u00e0 mener des actions terroristes\u00bb \u00e0 l\u2019\u00e9tranger. \u00abLe pays a aussi des capacit\u00e9s balistiques\u00bb. Pour rem\u00e9dier \u00e0 ces menaces, un renforcement du dispositif\u00a0<a href=\"https:\/\/www.lefigaro.fr\/actualite-france\/face-a-la-menace-le-dispositif-sentinelle-se-renforce-20201030\" target=\"_blank\" data-fig-type=\"Article\" rel=\"noopener nofollow\" data-gtm-custom-categorie=\"navigation\" data-gtm-custom-action=\"crossclick\" data-gtm-custom-label=\"Contextuel\" data-gtm-event=\"customEventSPE\" data-fig-domain=\"LEFIGARO\">Sentinelle<\/a>, qui pr\u00e9voit le d\u00e9ploiement de militaires autour des sites sensibles ou touristiques fran\u00e7ais, est d\u2019ores et d\u00e9j\u00e0 pr\u00e9vu.<\/p>\n<p class=\"fig-paragraph\">\u00abPlusieurs mesures ont aussi \u00e9t\u00e9 act\u00e9es pour garantir la s\u00e9curit\u00e9 de nos ressortissants et de nos troupes et de nos ambassades dans la r\u00e9gion. Je demande \u00e0 nos compatriotes de ne pas se rendre sur place, quel que soit le pr\u00e9texte. Notre dispositif militaire dans la r\u00e9gion est quant \u00e0 lui en alerte\u00bb, a ajout\u00e9 Emmanuel Macron.<\/p>\n<p>\u00abSe pr\u00e9parer \u00e0 des cons\u00e9quences \u00e9conomiques mondiales\u00bb<\/p>\n<p class=\"fig-paragraph\">Le chef de l\u2019\u00c9tat a \u00e9galement appel\u00e9 \u00e0 \u00abse pr\u00e9parer \u00e0 des cons\u00e9quences \u00e9conomiques\u00bb mondiales. \u00abIl est tr\u00e8s clair qu\u2019en fonction de l\u2019\u00e9volution de la situation, l\u2019\u00e9conomie mondiale peut \u00eatre impact\u00e9e, qu\u2019il s\u2019agisse de la production p\u00e9troli\u00e8re ou d\u2019autres sujets. Compte tenu de l\u2019incapacit\u00e9 de qui que ce soit de se prononcer sur la dur\u00e9e et l\u2019entendue des ripostes, il faut se pr\u00e9parer\u00bb, a-t-il ajout\u00e9.<\/p>\n<p>Un \u00ab\u00c9tat palestinien d\u00e9militaris\u00e9\u00bb est un \u00abpr\u00e9alable indispensable \u00e0 l\u2019int\u00e9gration r\u00e9gionale d\u2019Isra\u00ebl\u00bb<\/p>\n<p class=\"fig-paragraph\">Ayant toujours la situation \u00e0\u00a0<a href=\"http:\/\/www.lefigaro.fr\/international\/gaza-apres-vingt-mois-de-guerre-que-reste-t-il-du-hamas-20250612\" target=\"_blank\" data-fig-type=\"Article\" rel=\"noopener nofollow\" data-gtm-custom-categorie=\"navigation\" data-gtm-custom-action=\"crossclick\" data-gtm-custom-label=\"Contextuel\" data-gtm-event=\"customEventSPE\" data-fig-domain=\"LEFIGARO\">Gaza<\/a>\u00a0dans le viseur, Emmanuel Macron a plaid\u00e9 une nouvelle fois pour la cr\u00e9ation d\u2019un \u00c9tat palestinien, \u00abd\u00e9militaris\u00e9\u00bb. Il s\u2019agit selon lui d\u2019un \u00abpr\u00e9alable indispensable \u00e0 l\u2019int\u00e9gration r\u00e9gionale d\u2019Isra\u00ebl\u00bb La conf\u00e9rence \u00e0 l\u2019ONU sur l\u2019\u00c9tat palestinien, qui devait se tenir la semaine prochaine \u00e0 New York, doit d\u2019ailleurs \u00eatre report\u00e9e \u00abpour des raisons logistiques et s\u00e9curitaires\u00bb mais \u00abaura lieu au plus vite\u00bb, a soulign\u00e9 le chef de l\u2019\u00c9tat.<\/p>\n<p class=\"fig-paragraph\">\u00abCe report ne saurait remettre en cause notre d\u00e9termination \u00e0 avancer vers la mise en \u0153uvre de la solution des deux \u00c9tats. Quelles que soient les circonstances, j\u2019ai dit ma d\u00e9termination \u00e0 reconna\u00eetre l\u2019\u00c9tat de Palestine\u00bb, a ajout\u00e9 le pr\u00e9sident fran\u00e7ais.<\/p>\n","protected":false},"excerpt":{"rendered":"Le pr\u00e9sident de la R\u00e9publique a point\u00e9 vendredi la \u00ablourde responsabilit\u00e9\u00bb de l\u2019Iran dans la mont\u00e9e des tensions&hellip;\n","protected":false},"author":2,"featured_media":173982,"comment_status":"","ping_status":"","sticky":false,"template":"","format":"standard","meta":{"footnotes":""},"categories":[4],"tags":[259,11,260,1011,27,14,3019,11514,261,12,262,25],"class_list":{"0":"post-173981","1":"post","2":"type-post","3":"status-publish","4":"format-standard","5":"has-post-thumbnail","7":"category-france","8":"tag-actualite-internationale","9":"tag-actualites","10":"tag-affaires-etrangeres","11":"tag-fr","12":"tag-france","13":"tag-international","14":"tag-iran","15":"tag-macron","16":"tag-ministere-des-affaires-etrangeres","17":"tag-news","18":"tag-politique-etrangere","19":"tag-republique-francaise"},"share_on_mastodon":{"url":"https:\/\/pubeurope.com\/@fr\/114677467322910637","error":""},"_links":{"self":[{"href":"https:\/\/www.europesays.com\/fr\/wp-json\/wp\/v2\/posts\/173981","targetHints":{"allow":["GET"]}}],"collection":[{"href":"https:\/\/www.europesays.com\/fr\/wp-json\/wp\/v2\/posts"}],"about":[{"href":"https:\/\/www.europesays.com\/fr\/wp-json\/wp\/v2\/types\/post"}],"author":[{"embeddable":true,"href":"https:\/\/www.europesays.com\/fr\/wp-json\/wp\/v2\/users\/2"}],"replies":[{"embeddable":true,"href":"https:\/\/www.europesays.com\/fr\/wp-json\/wp\/v2\/comments?post=173981"}],"version-history":[{"count":0,"href":"https:\/\/www.europesays.com\/fr\/wp-json\/wp\/v2\/posts\/173981\/revisions"}],"wp:featuredmedia":[{"embeddable":true,"href":"https:\/\/www.europesays.com\/fr\/wp-json\/wp\/v2\/media\/173982"}],"wp:attachment":[{"href":"https:\/\/www.europesays.com\/fr\/wp-json\/wp\/v2\/media?parent=173981"}],"wp:term":[{"taxonomy":"category","embeddable":true,"href":"https:\/\/www.europesays.com\/fr\/wp-json\/wp\/v2\/categories?post=173981"},{"taxonomy":"post_tag","embeddable":true,"href":"https:\/\/www.europesays.com\/fr\/wp-json\/wp\/v2\/tags?post=173981"}],"curies":[{"name":"wp","href":"https:\/\/api.w.org\/{rel}","templated":true}]}}