{"id":173990,"date":"2025-06-13T18:33:09","date_gmt":"2025-06-13T18:33:09","guid":{"rendered":"https:\/\/www.europesays.com\/fr\/173990\/"},"modified":"2025-06-13T18:33:09","modified_gmt":"2025-06-13T18:33:09","slug":"la-saga-du-passeport-de-gabriel-bortoleto-vole-recupere-et-un-triomphe-en-f1-en-attente","status":"publish","type":"post","link":"https:\/\/www.europesays.com\/fr\/173990\/","title":{"rendered":"La saga du passeport de Gabriel Bortoleto : vol\u00e9, r\u00e9cup\u00e9r\u00e9, et un triomphe en F1 en attente."},"content":{"rendered":"<p>Dans un tournant choquant des \u00e9v\u00e9nements, le pilote de F1 Gabriel Bortoleto s\u2019est retrouv\u00e9 au centre du chaos lorsqu\u2019un voleur l\u2019a cibl\u00e9, volant son sac \u00e0 dos qui contenait son passeport. L\u2019incident a presque compromis sa participation au Grand Prix du Canada m\u00eame avant le d\u00e9but du week-end de course.  <\/p>\n<\/p>\n<p>Alors que les pilotes de F1 profitaient d\u2019une pause entre les courses de Monaco et de Montr\u00e9al, Bortoleto s\u2019est rendu en Suisse, o\u00f9 son sac \u00e0 dos a \u00e9t\u00e9 vol\u00e9 dans une voiture, le laissant sans documents cruciaux. Malgr\u00e9 ce contretemps, son passeport a finalement \u00e9t\u00e9 r\u00e9cup\u00e9r\u00e9, lui permettant de se rendre \u00e0 Montr\u00e9al pour le Grand Prix.  <\/p>\n<p>Bortoleto, qui n\u2019avait pas encore marqu\u00e9 de points cette saison, est rest\u00e9 optimiste quant \u00e0 sa performance, croyant que son premier top dix \u00e9tait \u00e0 port\u00e9e de main. Il a reconnu les d\u00e9fis d\u2019\u00eatre un rookie en F1, en particulier les engagements m\u00e9diatiques et de sponsoring accrus par rapport \u00e0 d\u2019autres s\u00e9ries de course.  <\/p>\n<p>Le jeune pilote a soulign\u00e9 l\u2019ajustement n\u00e9cessaire pour \u00e9quilibrer performance sur la piste et engagements m\u00e9diatiques ainsi que obligations envers les sponsors, mettant en avant la courbe d\u2019apprentissage abrupte \u00e0 laquelle sont confront\u00e9s les rookies dans le sport. Malgr\u00e9 les obstacles, Bortoleto est rest\u00e9 concentr\u00e9 sur le fait de donner le meilleur de lui-m\u00eame sur la piste dans l\u2019environnement exigeant de la Formule 1.<\/p>\n","protected":false},"excerpt":{"rendered":"Dans un tournant choquant des \u00e9v\u00e9nements, le pilote de F1 Gabriel Bortoleto s\u2019est retrouv\u00e9 au centre du chaos&hellip;\n","protected":false},"author":2,"featured_media":173991,"comment_status":"","ping_status":"","sticky":false,"template":"","format":"standard","meta":{"footnotes":""},"categories":[1412],"tags":[1451,1452,1453,1454,1455,1011,27,30735,60],"class_list":{"0":"post-173990","1":"post","2":"type-post","3":"status-publish","4":"format-standard","5":"has-post-thumbnail","7":"category-f1","8":"tag-f1","9":"tag-formula-1","10":"tag-formula1","11":"tag-formule-1","12":"tag-formule1","13":"tag-fr","14":"tag-france","15":"tag-gabriel-bortoletos","16":"tag-sports"},"share_on_mastodon":{"url":"https:\/\/pubeurope.com\/@fr\/114677494781506829","error":""},"_links":{"self":[{"href":"https:\/\/www.europesays.com\/fr\/wp-json\/wp\/v2\/posts\/173990","targetHints":{"allow":["GET"]}}],"collection":[{"href":"https:\/\/www.europesays.com\/fr\/wp-json\/wp\/v2\/posts"}],"about":[{"href":"https:\/\/www.europesays.com\/fr\/wp-json\/wp\/v2\/types\/post"}],"author":[{"embeddable":true,"href":"https:\/\/www.europesays.com\/fr\/wp-json\/wp\/v2\/users\/2"}],"replies":[{"embeddable":true,"href":"https:\/\/www.europesays.com\/fr\/wp-json\/wp\/v2\/comments?post=173990"}],"version-history":[{"count":0,"href":"https:\/\/www.europesays.com\/fr\/wp-json\/wp\/v2\/posts\/173990\/revisions"}],"wp:featuredmedia":[{"embeddable":true,"href":"https:\/\/www.europesays.com\/fr\/wp-json\/wp\/v2\/media\/173991"}],"wp:attachment":[{"href":"https:\/\/www.europesays.com\/fr\/wp-json\/wp\/v2\/media?parent=173990"}],"wp:term":[{"taxonomy":"category","embeddable":true,"href":"https:\/\/www.europesays.com\/fr\/wp-json\/wp\/v2\/categories?post=173990"},{"taxonomy":"post_tag","embeddable":true,"href":"https:\/\/www.europesays.com\/fr\/wp-json\/wp\/v2\/tags?post=173990"}],"curies":[{"name":"wp","href":"https:\/\/api.w.org\/{rel}","templated":true}]}}