{"id":174004,"date":"2025-06-13T18:40:16","date_gmt":"2025-06-13T18:40:16","guid":{"rendered":"https:\/\/www.europesays.com\/fr\/174004\/"},"modified":"2025-06-13T18:40:16","modified_gmt":"2025-06-13T18:40:16","slug":"celine-dion-le-derriere-a-lair-florent-pagny-a-litteralement-vu-ses-fesses-et-il-est-reste-tres-gentleman-video","status":"publish","type":"post","link":"https:\/\/www.europesays.com\/fr\/174004\/","title":{"rendered":"C\u00e9line Dion \u201cle derri\u00e8re \u00e0 l\u2019air\u201d : Florent Pagny a litt\u00e9ralement vu ses fesses, et il est rest\u00e9 tr\u00e8s gentleman ! (Vid\u00e9o)"},"content":{"rendered":"<p data-start=\"473\" data-end=\"811\"><a href=\"https:\/\/www.closermag.fr\/people\/mylene-farmer-celine-dion-johnny-hallyday-ces-stars-qui-ont-truste-le-top-50-3410432#item=1\" target=\"_blank\" rel=\"noopener\"><br \/>\nC\u00e9line Dion et Florent Pagny,<\/a> c\u2019est une amiti\u00e9 de longue date.<br \/>\nD\u00e8s 2003, ils se retrouvaient \u00e0 Las Vegas pour la sortie de<br \/>\n1 Fille &amp; 4 Types, un<br \/>\nalbum marquant dans la carri\u00e8re de la chanteuse. Les deux artistes<br \/>\nont continu\u00e9 \u00e0 se croiser au fil des ann\u00e9es et <strong>ont partag\u00e9<br \/>\nla sc\u00e8ne et beaucoup de souvenirs,<\/strong> toujours avec beaucoup<br \/>\nde complicit\u00e9.<\/p>\n<p data-start=\"813\" data-end=\"1115\">Ce que peux de gens savent,<br \/>\nc&rsquo;est que l\u2019un de leurs moments les plus m\u00e9morables ne s\u2019est pas<br \/>\njou\u00e9 sur sc\u00e8ne, <strong>mais en coulisses<\/strong>, \u00e0 Bercy, le 5<br \/>\nseptembre 2013. Alors que C\u00e9line se pr\u00e9parait \u00e0 monter sur sc\u00e8ne,<br \/>\nune petite \u00e9tourderie vestimentaire aurait bien failli tourner \u00e0 la<br \/>\ng\u00eane totale\u2026 si Florent Pagny n\u2019\u00e9tait pas intervenu \u00e0 temps !<\/p>\n<p>\u00ab\u00a0J&rsquo;avais le derri\u00e8re \u00e0 l&rsquo;air<br \/>\n!\u00a0\u00bb : C\u00e9line Dion r\u00e9agit avec humour<\/p>\n<p data-start=\"1189\" data-end=\"1511\">Dans la vid\u00e9o devenue virale,<br \/>\non entend Florent Pagny pr\u00e9venir la star : \u00ab\u00a0Attention C\u00e9line, ta robe, elle s\u2019ouvre<br \/>\nbeaucoup.\u00a0\u00bb Et en effet, <strong data-start=\"1329\" data-end=\"1352\">la fermeture \u00e9clair<\/strong> de sa robe n\u2019avait pas \u00e9t\u00e9<br \/>\nreferm\u00e9e, d\u00e9voilant tout son fessier ! <a href=\"https:\/\/www.closermag.fr\/people\/florent-pagny-et-sa-femme-azucena-ce-choc-de-leur-fille-ael-quils-ne-digereront-jamais-vraiment-3515996\" target=\"_blank\" rel=\"noopener\"><br \/>\nLe compagnon d&rsquo;Azucena<\/a>, tout en d\u00e9licatesse, d\u00e9tourne le regard<br \/>\net sauve sa camarade d\u2019un moment bien embarrassant.<\/p>\n<p data-start=\"1513\" data-end=\"1831\"><a href=\"https:\/\/www.closermag.fr\/people\/surprise-au-top-en-cravate-et-costume-trois-pieces-celine-dion-fait-sensation-au-concert-de-coldplay-3552812\" target=\"_blank\" rel=\"noopener\"><br \/>\nC\u00e9line Dion<\/a>, fid\u00e8le \u00e0 elle-m\u00eame, a r\u00e9agi avec beaucoup<br \/>\nd\u2019autod\u00e9rision. \u00ab\u00a0J&rsquo;avais le<br \/>\nderri\u00e8re \u00e0 l\u2019air\u2026 <strong>Tant que \u00e7a n\u2019arrive pas sur la sc\u00e8ne<br \/>\n!<\/strong>\u00a0\u00bb a-t-elle plaisant\u00e9 en remettant sa robe. Une<br \/>\npreuve suppl\u00e9mentaire de son naturel et de sa capacit\u00e9 \u00e0 rire de<br \/>\ntout, m\u00eame quand les projecteurs ne sont pas encore allum\u00e9s.<\/p>\n<blockquote class=\"instagram-media\" style=\"background: #ffffff;border: 0;margin: 1px;width: 100%;padding: 0;max-width: 500px;\" data-instgrm-permalink=\"https:\/\/www.instagram.com\/reel\/DKWfDKQtzo9\/?igsh=MXQzMjNpbDc0dXZ3NQ%3D%3D\" data-instgrm-version=\"14\"\/><p>\nUne<br \/>\nvid\u00e9o qui amuse encore les internautes<\/p>\n<p data-start=\"1888\" data-end=\"2288\">Depuis plusieurs ann\u00e9es, cette<br \/>\nsc\u00e8ne continue de circuler sur les r\u00e9seaux. \u00ab\u00a0Cette vid\u00e9o me fait toujours mourir de rire\u00a0\u00bb,<br \/>\n\u00ab\u00a0Au moins, il l\u2019a pr\u00e9venue<br \/>\n!\u00a0\u00bb, \u00ab\u00a0<strong>Elle est<br \/>\ntrop dr\u00f4le, toujours naturelle et transparente\u00a0\u00bb<\/strong>\u2026 les<br \/>\ncommentaires fusent sous les publications. Certains glissent m\u00eame<br \/>\nun clin d\u2019\u0153il malicieux : \u00ab\u00a0En<br \/>\ntout cas, il a aim\u00e9 le show, lui !\u00a0\u00bb Dans un monde de<br \/>\ncommunication millim\u00e9tr\u00e9e, cette sc\u00e8ne rappelle que m\u00eame les stars<br \/>\nont leurs petits rat\u00e9s, (et que ce sont souvent ces instants-l\u00e0 qui<br \/>\nles rendent encore plus attachantes). La spontan\u00e9it\u00e9, \u00e7a ne<br \/>\ns\u2019improvise pas.<\/p>\n<p data-start=\"2577\" data-end=\"2928\">Aujourd\u2019hui, ce souvenir<br \/>\namusant r\u00e9sonne avec une autre \u00e9motion. C\u00e9line Dion lutte contre<br \/>\ndes \u00ab\u00a0spasmes musculaires<br \/>\ns\u00e9v\u00e8res et persistants\u00a0\u00bb, qui l\u2019ont contrainte \u00e0 suspendre des<br \/>\nconcerts. Florent Pagny, lui, continue \u00e0 <strong>faire attention \u00e0<br \/>\nsa sant\u00e9<\/strong> depuis son <a href=\"https:\/\/www.closermag.fr\/people\/florent-pagny-sorti-daffaires-apres-son-cancer-la-prudence-est-de-mise-3542436\" target=\"_blank\" rel=\"noopener\"><br \/>\ncancer du poumon.<\/a> Mais au-del\u00e0 de la maladie, ce qui reste,<br \/>\nc\u2019est ce genre de moments capt\u00e9s \u00e0 l\u2019improviste. Et dans ce cas<br \/>\npr\u00e9cis, une fermeture de robe oubli\u00e9e\u2026 et <strong data-start=\"3112\" data-end=\"3144\">un Florent Pagny tr\u00e8s classe<\/strong>, qui a prouv\u00e9<br \/>\nque m\u00eame dans ce genre de situation, on peut rester un vrai<br \/>\ngentleman.<\/p>\n<p><script async src=\"\/\/www.instagram.com\/embed.js\"><\/script><\/p>\n","protected":false},"excerpt":{"rendered":"C\u00e9line Dion et Florent Pagny, c\u2019est une amiti\u00e9 de longue date. D\u00e8s 2003, ils se retrouvaient \u00e0 Las&hellip;\n","protected":false},"author":2,"featured_media":174005,"comment_status":"","ping_status":"","sticky":false,"template":"","format":"standard","meta":{"footnotes":""},"categories":[1355],"tags":[548,7043,15019,58,59,3109,1011,27,1361,873,133],"class_list":{"0":"post-174004","1":"post","2":"type-post","3":"status-publish","4":"format-standard","5":"has-post-thumbnail","7":"category-musique","8":"tag-article-simple","9":"tag-celine-dion","10":"tag-chanteurs","11":"tag-divertissement","12":"tag-entertainment","13":"tag-florent-pagny","14":"tag-fr","15":"tag-france","16":"tag-music","17":"tag-musique","18":"tag-video"},"share_on_mastodon":{"url":"https:\/\/pubeurope.com\/@fr\/114677522462001289","error":""},"_links":{"self":[{"href":"https:\/\/www.europesays.com\/fr\/wp-json\/wp\/v2\/posts\/174004","targetHints":{"allow":["GET"]}}],"collection":[{"href":"https:\/\/www.europesays.com\/fr\/wp-json\/wp\/v2\/posts"}],"about":[{"href":"https:\/\/www.europesays.com\/fr\/wp-json\/wp\/v2\/types\/post"}],"author":[{"embeddable":true,"href":"https:\/\/www.europesays.com\/fr\/wp-json\/wp\/v2\/users\/2"}],"replies":[{"embeddable":true,"href":"https:\/\/www.europesays.com\/fr\/wp-json\/wp\/v2\/comments?post=174004"}],"version-history":[{"count":0,"href":"https:\/\/www.europesays.com\/fr\/wp-json\/wp\/v2\/posts\/174004\/revisions"}],"wp:featuredmedia":[{"embeddable":true,"href":"https:\/\/www.europesays.com\/fr\/wp-json\/wp\/v2\/media\/174005"}],"wp:attachment":[{"href":"https:\/\/www.europesays.com\/fr\/wp-json\/wp\/v2\/media?parent=174004"}],"wp:term":[{"taxonomy":"category","embeddable":true,"href":"https:\/\/www.europesays.com\/fr\/wp-json\/wp\/v2\/categories?post=174004"},{"taxonomy":"post_tag","embeddable":true,"href":"https:\/\/www.europesays.com\/fr\/wp-json\/wp\/v2\/tags?post=174004"}],"curies":[{"name":"wp","href":"https:\/\/api.w.org\/{rel}","templated":true}]}}