{"id":174008,"date":"2025-06-13T18:42:09","date_gmt":"2025-06-13T18:42:09","guid":{"rendered":"https:\/\/www.europesays.com\/fr\/174008\/"},"modified":"2025-06-13T18:42:09","modified_gmt":"2025-06-13T18:42:09","slug":"fausses-couches-graves-malformations-ce-medicament-contre-lacne-aux-consequences-dramatiques-sur-les-nouveau-nes","status":"publish","type":"post","link":"https:\/\/www.europesays.com\/fr\/174008\/","title":{"rendered":"Fausses couches, graves malformations&#8230; Ce m\u00e9dicament contre l\u2019acn\u00e9 aux cons\u00e9quences dramatiques sur les nouveau-n\u00e9s"},"content":{"rendered":"<p><strong>VU D\u2019AILLEURS &#8211; <\/strong>De nouvelles donn\u00e9es mettent en lumi\u00e8re les dangers pour les f\u0153tus de m\u00e9dicaments contre l\u2019acn\u00e9 \u00e0 base d\u2019isotr\u00e9tino\u00efne.<\/p>\n<p class=\"fig-paragraph\">Par Catherine Boss et Valeria Mazzeo (Tages-Anzeiger)<\/p>\n<p class=\"fig-paragraph\">Aujourd\u2019hui, pour de nombreux jeunes, la beaut\u00e9 passe souvent par une peau nette et \u00e9clatante. Tant les femmes que les hommes y consacrent beaucoup d\u2019argent et de temps. Sur\u00a0<a href=\"http:\/\/www.lefigaro.fr\/culture\/costumes-d-epoque-danse-de-cour-et-videos-tiktok-au-chateau-de-versailles-le-coup-de-jeune-des-fetes-galantes-20250608\" data-fig-type=\"Article\" data-gtm-custom-categorie=\"navigation\" data-gtm-custom-action=\"crossclick\" data-gtm-custom-label=\"Contextuel\" data-gtm-event=\"customEventSPE\" data-fig-domain=\"LEFIGARO\" target=\"_blank\" rel=\"noopener\">TikTok<\/a>, des influenceuses partagent leurs routines de soin de la peau en vid\u00e9o, d\u00e9voilant des protocoles incluant parfois jusqu\u2019\u00e0 neuf \u00e9tapes de produits appliqu\u00e9s successivement.<\/p>\n<p class=\"fig-paragraph\">Les utilisateurs font \u00e9galement la promotion en ligne de puissants comprim\u00e9s \u00e0 base d\u2019isotr\u00e9tino\u00efne, r\u00e9serv\u00e9s aux cas\u00a0<a href=\"http:\/\/www.lefigaro.fr\/sciences\/acne-pilosite-excessive-regles-irregulieres-surpoids-pourquoi-ces-signes-ne-doivent-pas-etre-pris-a-la-legere-20231102\" data-fig-type=\"Article\" data-gtm-custom-categorie=\"navigation\" data-gtm-custom-action=\"crossclick\" data-gtm-custom-label=\"Contextuel\" data-gtm-event=\"customEventSPE\" data-fig-domain=\"LEFIGARO\" target=\"_blank\" rel=\"noopener\">d\u2019acn\u00e9\u00a0<\/a>s\u00e9v\u00e8re, et cens\u00e9s n\u2019\u00eatre utilis\u00e9s que sous surveillance m\u00e9dicale, car ils peuvent s\u2019av\u00e9rer tr\u00e8s dangereux. Beaucoup publient des vid\u00e9os avant\/apr\u00e8s pour vanter leur succ\u00e8s en mati\u00e8re de peau nette gr\u00e2ce \u00e0 l\u2019isotr\u00e9tino\u00efne. \u00ab Faire cette vid\u00e9o m\u2019a fait pleurer. Je suis tellement heureuse d\u2019avoir eu le courage d\u2019essayer l\u2019Accutane (isotr\u00e9tino\u00efne). Cela a vraiment chang\u00e9 ma vie.\u00a0\u00bb, \u00e9crit par exemple une utilisatrice sur Tiktok.<\/p>\n<p class=\"fig-body-link\">\n            \u00c0 lire aussi<br \/>\n        <a class=\"fig-body-link__link fig-premium-mark\" href=\"http:\/\/www.lefigaro.fr\/secteur\/high-tech\/sante-mentale-les-filtres-beaute-de-tiktok-ne-seront-bientot-plus-accessibles-aux-ados-20241127\" data-fig-type=\"Article\" data-gtm-custom-categorie=\"navigation\" data-gtm-custom-action=\"crossclick\" data-gtm-custom-label=\"Contextuel\" data-gtm-event=\"customEventSPE\" data-fig-domain=\"LEFIGARO\" target=\"_blank\" rel=\"noopener\">Sant\u00e9 mentale\u00a0: les \u00abfiltres beaut\u00e9\u00bb de TikTok ne seront bient\u00f4t plus accessibles aux ados<br \/>\n    <\/a>\n<\/p>\n<p class=\"fig-paragraph\">Les cr\u00e8mes \u00e0 base de tr\u00e9tino\u00efne, plus\u2026<\/p>\n<p class=\"fig-premium-paywall__infos\">\n        Cet article est r\u00e9serv\u00e9 aux abonn\u00e9s.        Il vous reste 88% \u00e0 d\u00e9couvrir.\n    <\/p>\n<p>                <img  data- alt=\"Le Figaro\" class=\"fig-img--complete fig-img\"\/><\/p>\n<p class=\"fig-premium-paywall__title\">Vente Flash<\/p>\n<p class=\"fig-premium-paywall__subtitle\">3,99\u20ac par mois pendant 12 mois. Sans engagement.<\/p>\n<p class=\"fig-premium-paywall__connect\">\n                D\u00e9j\u00e0 abonn\u00e9\u00a0?                <a class=\"fig-premium-paywall__connect-link\" href=\"https:\/\/connect.lefigaro.fr\/login?client=horizon_web&amp;type=main&amp;redirect_uri=https%3A%2F%2Fwww.lefigaro.fr%2Fdemain%2Fsante%2Ffausses-couches-graves-malformations-ce-medicament-contre-l-acne-aux-consequences-dramatiques-sur-les-nouveau-nes-20250613\" data-js-gtm=\"{&quot;customCategorie&quot;: &quot;conversion&quot;, &quot;customAction&quot;: &quot;before_Landing_Connexion_paywall_auto&quot;, &quot;customLabel&quot;: &quot;bGVmaWdhcm8uZnJfXzFmMDQ3YThmLTJhYmQtNjM0Mi04YzZhLTFiMjFhYWJiNDllOV9fQXJ0aWNsZQ==_Fausses couches, graves malformations... Ce m\u00e9dicament contre l\u2019acn\u00e9 aux cons\u00e9quences dramatiques sur les nouveau-n\u00e9s_37&quot;, &quot;customIDSPE&quot;: &quot;bGVmaWdhcm8uZnJfXzFmMDQ3YThmLTJhYmQtNjM0Mi04YzZhLTFiMjFhYWJiNDllOV9fQXJ0aWNsZQ==&quot;, &quot;event&quot;: &quot;customEventSPE&quot;}\" target=\"_blank\" rel=\"noopener\"><br \/>\n                    Connectez-vous<br \/>\n                <\/a>\n            <\/p>\n","protected":false},"excerpt":{"rendered":"VU D\u2019AILLEURS &#8211; De nouvelles donn\u00e9es mettent en lumi\u00e8re les dangers pour les f\u0153tus de m\u00e9dicaments contre l\u2019acn\u00e9&hellip;\n","protected":false},"author":2,"featured_media":174009,"comment_status":"","ping_status":"","sticky":false,"template":"","format":"standard","meta":{"footnotes":""},"categories":[10],"tags":[12424,1011,27,196,1943,72,16292,71,2439],"class_list":{"0":"post-174008","1":"post","2":"type-post","3":"status-publish","4":"format-standard","5":"has-post-thumbnail","7":"category-sante","8":"tag-figaro-demain","9":"tag-fr","10":"tag-france","11":"tag-grossesse","12":"tag-handicap","13":"tag-health","14":"tag-medicaments","15":"tag-sante","16":"tag-tiktok"},"share_on_mastodon":{"url":"https:\/\/pubeurope.com\/@fr\/114677530180497022","error":""},"_links":{"self":[{"href":"https:\/\/www.europesays.com\/fr\/wp-json\/wp\/v2\/posts\/174008","targetHints":{"allow":["GET"]}}],"collection":[{"href":"https:\/\/www.europesays.com\/fr\/wp-json\/wp\/v2\/posts"}],"about":[{"href":"https:\/\/www.europesays.com\/fr\/wp-json\/wp\/v2\/types\/post"}],"author":[{"embeddable":true,"href":"https:\/\/www.europesays.com\/fr\/wp-json\/wp\/v2\/users\/2"}],"replies":[{"embeddable":true,"href":"https:\/\/www.europesays.com\/fr\/wp-json\/wp\/v2\/comments?post=174008"}],"version-history":[{"count":0,"href":"https:\/\/www.europesays.com\/fr\/wp-json\/wp\/v2\/posts\/174008\/revisions"}],"wp:featuredmedia":[{"embeddable":true,"href":"https:\/\/www.europesays.com\/fr\/wp-json\/wp\/v2\/media\/174009"}],"wp:attachment":[{"href":"https:\/\/www.europesays.com\/fr\/wp-json\/wp\/v2\/media?parent=174008"}],"wp:term":[{"taxonomy":"category","embeddable":true,"href":"https:\/\/www.europesays.com\/fr\/wp-json\/wp\/v2\/categories?post=174008"},{"taxonomy":"post_tag","embeddable":true,"href":"https:\/\/www.europesays.com\/fr\/wp-json\/wp\/v2\/tags?post=174008"}],"curies":[{"name":"wp","href":"https:\/\/api.w.org\/{rel}","templated":true}]}}