{"id":174016,"date":"2025-06-13T18:46:11","date_gmt":"2025-06-13T18:46:11","guid":{"rendered":"https:\/\/www.europesays.com\/fr\/174016\/"},"modified":"2025-06-13T18:46:11","modified_gmt":"2025-06-13T18:46:11","slug":"pourquoi-cette-nouvelle-etiquette-va-vous-aider-a-choisir-votre-futur-smartphone","status":"publish","type":"post","link":"https:\/\/www.europesays.com\/fr\/174016\/","title":{"rendered":"Pourquoi cette nouvelle \u00e9tiquette va vous aider \u00e0 choisir votre futur smartphone ?"},"content":{"rendered":"<p>L\u2019objectif de cette nouvelle mesure est clair\u00a0: pousser \u00e0 la transparence, favoriser les produits durables, et armer les consommateurs face \u00e0 l\u2019obsolescence programm\u00e9e.<\/p>\n<p>Un nouvel affichage lisible pour faire le bon choix<\/p>\n<p>\u00c0 compter du 20 juin 2025, tous les smartphones, t\u00e9l\u00e9phones mobiles classiques et tablettes vendus dans l\u2019Union europ\u00e9enne <strong>devront afficher une \u00e9tiquette \u00e9nerg\u00e9tique normalis\u00e9e.<\/strong> Elle contiendra une s\u00e9rie d\u2019indicateurs cl\u00e9s, class\u00e9s de A (excellent) \u00e0 G (m\u00e9diocre), parmi lesquels l\u2019autonomie de la batterie, le nombre de cycles de charge garantis, la r\u00e9sistance aux chutes, la r\u00e9parabilit\u00e9 ou encore l\u2019indice d\u2019\u00e9tanch\u00e9it\u00e9 (IP).<\/p>\n<p>En plus de cette note synth\u00e9tique, un QR code renverra vers la base de donn\u00e9es publique europ\u00e9enne EPREL, o\u00f9 les utilisateurs pourront consulter les donn\u00e9es techniques d\u00e9taill\u00e9es de chaque mod\u00e8le.<\/p>\n<p>C\u2019est une petite r\u00e9volution pour le secteur du high-tech, jusque-l\u00e0 relativement \u00e9pargn\u00e9 par les obligations d\u2019\u00e9tiquetage que l\u2019on retrouve sur les t\u00e9l\u00e9viseurs, r\u00e9frig\u00e9rateurs ou machines \u00e0 laver. D\u00e9sormais, les consommateurs auront enfin en main des crit\u00e8res objectifs pour \u00e9valuer la durabilit\u00e9 et la performance \u00e9nerg\u00e9tique de leur appareil.<\/p>\n<p>Une \u00e9tiquette\u2026 mais aussi des r\u00e8gles strictes c\u00f4t\u00e9 conception<\/p>\n<p>Cette nouvelle obligation ne vient pas seule. En parall\u00e8le de l\u2019\u00e9tiquetage, l\u2019Europe a vot\u00e9 un r\u00e8glement d\u2019\u00e9coconception qui imposera aux fabricants un ensemble de contraintes destin\u00e9es \u00e0 allonger la dur\u00e9e de vie des appareils et \u00e0 en faciliter la r\u00e9paration.<\/p>\n<p>Les smartphones et tablettes mis sur le march\u00e9 devront ainsi\u00a0:<\/p>\n<ul>\n<li>Garantir au moins 800 cycles complets de recharge sans descendre sous les 80\u00a0% de capacit\u00e9 initiale.<\/li>\n<li>Proposer une r\u00e9sistance minimale aux chutes, \u00e0 l\u2019humidit\u00e9 et \u00e0 la poussi\u00e8re, v\u00e9rifi\u00e9e en laboratoire.<\/li>\n<li>Offrir un acc\u00e8s \u00e9quitable aux pi\u00e8ces d\u00e9tach\u00e9es pendant 7 ans apr\u00e8s la fin de commercialisation, avec des d\u00e9lais de livraison fix\u00e9s \u00e0 5 ou 10 jours ouvrables selon les pi\u00e8ces.<\/li>\n<li>Fournir les mises \u00e0 jour de s\u00e9curit\u00e9 et de syst\u00e8me pendant au moins 5 ans apr\u00e8s la derni\u00e8re mise en vente du mod\u00e8le.<\/li>\n<li>Donner aux r\u00e9parateurs ind\u00e9pendants un acc\u00e8s non discriminatoire aux outils, logiciels et firmwares n\u00e9cessaires \u00e0 la r\u00e9paration.<\/li>\n<\/ul>\n<p>En d\u2019autres termes, la fin de la \u201cr\u00e9paration impossible\u201d ou du t\u00e9l\u00e9phone devenu inutilisable faute de mises \u00e0 jour pourrait bien \u00eatre en vue.<\/p>\n<p>Vers un changement de mentalit\u00e9 des consommateurs\u2026 et des marques\u00a0?<\/p>\n<p>Derri\u00e8re cette r\u00e9glementation se joue une bataille plus large\u00a0: celle contre l\u2019obsolescence logicielle et mat\u00e9rielle qui caract\u00e9rise encore trop souvent le march\u00e9 du smartphone. Jusqu\u2019ici, rares sont les fabricants \u00e0 assurer des mises \u00e0 jour sur le long terme ou \u00e0 mettre \u00e0 disposition facilement les pi\u00e8ces d\u00e9tach\u00e9es.<\/p>\n<p>Avec cette r\u00e9forme, la Commission europ\u00e9enne esp\u00e8re r\u00e9duire significativement les d\u00e9chets \u00e9lectroniques (plus de 14 TWh d\u2019\u00e9conomies d\u2019\u00e9nergie anticip\u00e9es par an d\u2019ici 2030) et encourager un changement de comportement des consommateurs. Choisir un appareil en fonction de sa r\u00e9parabilit\u00e9 ou de sa r\u00e9sistance deviendra plus facile, voire, \u00e0 terme, plus important que le simple crit\u00e8re de puissance ou de design.<\/p>\n<p>Certaines marques, comme Fairphone ou Nokia, qui misent d\u00e9j\u00e0 sur la durabilit\u00e9 et la transparence, pourraient tirer leur \u00e9pingle du jeu. D\u2019autres devront sans doute revoir leur copie.<\/p>\n<p>Une mise en application d\u00e8s mi-2025<\/p>\n<p>Adopt\u00e9 en ao\u00fbt 2023, <strong>ce double r\u00e8glement (UE 2023\/1669 pour l\u2019\u00e9tiquetage, UE 2023\/1670 pour l\u2019\u00e9coconception) entrera en vigueur \u00e0 partir du 20 juin 2025<\/strong> pour tous les appareils neufs mis en vente dans l\u2019UE.<\/p>\n<p>Il ne s\u2019appliquera toutefois pas r\u00e9troactivement aux mod\u00e8les d\u00e9j\u00e0 sur le march\u00e9 ou aux appareils consid\u00e9r\u00e9s comme hybrides, comme les ordinateurs portables \u00e0 clavier d\u00e9tachable ou les \u00e9crans flexibles. Les smartphones reconditionn\u00e9s, eux, pourraient \u00eatre concern\u00e9s \u00e0 terme, si des r\u00e8gles sp\u00e9cifiques leur sont appliqu\u00e9es dans un futur r\u00e8glement.<\/p>\n<p>Avec ce dispositif, l\u2019\u00e9tiquette \u00e9nerg\u00e9tique des smartphones devrait devenir, \u00e0 terme, un nouveau r\u00e9flexe d\u2019achat, au m\u00eame titre que celle des lave-linge ou des t\u00e9l\u00e9viseurs.<\/p>\n<blockquote>\n<p class=\"text-base text-neutral-700 dark:text-neutral-300\">\ud83d\udfe3 Pour ne manquer aucune news sur le Journal du Geek, abonnez-vous sur <a href=\"https:\/\/news.google.com\/publications\/CAAqBwgKMNr_hAswwYyCAw?hl=fr&amp;gl=FR&amp;ceid=FR%3Afr\" target=\"_blank\" rel=\"noopener\">Google Actualit\u00e9s<\/a> et sur <a href=\"https:\/\/whatsapp.com\/channel\/0029VaClM5y4tRry12tb7D2h\" target=\"_blank\" rel=\"noopener\">notre WhatsApp<\/a>. Et si vous nous adorez, on a <a href=\"https:\/\/www.journaldugeek.com\/newsletter\/\" target=\"_blank\" rel=\"noopener\">une newsletter tous les matins<\/a>.<\/p>\n<\/blockquote>\n","protected":false},"excerpt":{"rendered":"L\u2019objectif de cette nouvelle mesure est clair\u00a0: pousser \u00e0 la transparence, favoriser les produits durables, et armer les&hellip;\n","protected":false},"author":2,"featured_media":174017,"comment_status":"","ping_status":"","sticky":false,"template":"","format":"standard","meta":{"footnotes":""},"categories":[6],"tags":[35,33,34,30915,674,1011,27,9239,30916],"class_list":{"0":"post-174016","1":"post","2":"type-post","3":"status-publish","4":"format-standard","5":"has-post-thumbnail","7":"category-economie","8":"tag-business","9":"tag-economie","10":"tag-economy","11":"tag-etiquette","12":"tag-europe","13":"tag-fr","14":"tag-france","15":"tag-mesure","16":"tag-nutriscore"},"share_on_mastodon":{"url":"https:\/\/pubeurope.com\/@fr\/114677545884782380","error":""},"_links":{"self":[{"href":"https:\/\/www.europesays.com\/fr\/wp-json\/wp\/v2\/posts\/174016","targetHints":{"allow":["GET"]}}],"collection":[{"href":"https:\/\/www.europesays.com\/fr\/wp-json\/wp\/v2\/posts"}],"about":[{"href":"https:\/\/www.europesays.com\/fr\/wp-json\/wp\/v2\/types\/post"}],"author":[{"embeddable":true,"href":"https:\/\/www.europesays.com\/fr\/wp-json\/wp\/v2\/users\/2"}],"replies":[{"embeddable":true,"href":"https:\/\/www.europesays.com\/fr\/wp-json\/wp\/v2\/comments?post=174016"}],"version-history":[{"count":0,"href":"https:\/\/www.europesays.com\/fr\/wp-json\/wp\/v2\/posts\/174016\/revisions"}],"wp:featuredmedia":[{"embeddable":true,"href":"https:\/\/www.europesays.com\/fr\/wp-json\/wp\/v2\/media\/174017"}],"wp:attachment":[{"href":"https:\/\/www.europesays.com\/fr\/wp-json\/wp\/v2\/media?parent=174016"}],"wp:term":[{"taxonomy":"category","embeddable":true,"href":"https:\/\/www.europesays.com\/fr\/wp-json\/wp\/v2\/categories?post=174016"},{"taxonomy":"post_tag","embeddable":true,"href":"https:\/\/www.europesays.com\/fr\/wp-json\/wp\/v2\/tags?post=174016"}],"curies":[{"name":"wp","href":"https:\/\/api.w.org\/{rel}","templated":true}]}}