{"id":174020,"date":"2025-06-13T18:48:11","date_gmt":"2025-06-13T18:48:11","guid":{"rendered":"https:\/\/www.europesays.com\/fr\/174020\/"},"modified":"2025-06-13T18:48:11","modified_gmt":"2025-06-13T18:48:11","slug":"quatre-morts-et-27-blesses-dans-un-dramatique-accident-de-bus-pres-du-mans-le-vehicule-en-cause","status":"publish","type":"post","link":"https:\/\/www.europesays.com\/fr\/174020\/","title":{"rendered":"Quatre morts et 27 bless\u00e9s dans un dramatique accident de bus pr\u00e8s du Mans : le v\u00e9hicule en cause\u00a0?"},"content":{"rendered":"<p>            Par<br \/>\n        <strong><br \/>\n            <a href=\"https:\/\/actu.fr\/auteur\/frederic-jouvet\" title=\"Consulter tous les articles de Fr\u00e9d\u00e9ric Jouvet\" rel=\"nofollow noopener\" target=\"_blank\">Fr\u00e9d\u00e9ric Jouvet<\/a><br \/>\n        <\/strong><\/p>\n<p>        Publi\u00e9 le<\/p>\n<p>            13 juin 2025 \u00e0 19h20        <\/p>\n<p>Un <b>accident mortel<\/b> impliquant un autobus s\u2019est produit ce vendredi 13\u00a0juin 2025, sur l\u2019autoroute A81 dans le sens Rennes-Le\u00a0Mans, sur la commune de Degr\u00e9 (<a href=\"https:\/\/actu.fr\/pays-de-la-loire\/sarthe_72\" rel=\"nofollow noopener\" target=\"_blank\">Sarthe<\/a>).<\/p>\n<p class=\" wall-content\">Le bilan humain, provisoire, est lourd\u2009: <b>quatre personnes sont d\u00e9c\u00e9d\u00e9es<\/b>, neuf personnes sont gravement bless\u00e9es et 18 autres ont \u00e9t\u00e9 bless\u00e9es l\u00e9g\u00e8rement. Un bilan encore provisoire.\u00a0<\/p>\n<p class=\" wall-content\">Ce direct est maintenant termin\u00e9, merci de l\u2019avoir suivi.\u00a0<\/p>\n<p class=\" wall-content\"><a href=\"https:\/\/www.instagram.com\/reel\/DK15jABsQTm\/embed\" title=\"Ouvrir le lien sur Instagram\" rel=\"nofollow noopener\" target=\"_blank\">Visualiser le contenu sur Instagram<\/a><\/p>\n<p>19 h 05. Les passagers indemnes accueillis \u00e0 Coulans et au Mans<\/p>\n<p class=\" wall-content\">Les passagers indemnes du bus pourraient \u00eatre accueillis pour la nuit \u00e0 Coulans-sur-G\u00e9e et au Mans.\u00a0<\/p>\n<p>19 h. L\u2019autoroute rouverte dans un sens<\/p>\n<p class=\" wall-content\">A 19 h, Vinci Autoroute faisait le point. L\u2019autoroute A81 est rest\u00e9e ferm\u00e9e dans les deux sens de circulation jusqu\u2019\u00e0 18 h 45. Depuis 18 h 45, la circulation a pu reprendre dans le sens Le Mans Rennes. \u00ab\u00a0Elle devrait \u00eatre r\u00e9tablie dans les prochaines heures dans le sens Rennes-Le Mans\u00a0\u00bb.\u00a0<\/p>\n<p>18 h 45. L\u2019\u00e9motion au lyc\u00e9e La Touche de Plo\u00ebrmel<\/p>\n<p class=\" wall-content\">Les jeunes ukrainiens avaient pass\u00e9 quelques jours au lyc\u00e9e La Touche de Plo\u00ebrmel. Le journal Le Plo\u00ebmelais a pu contacter <a href=\"https:\/\/actu.fr\/bretagne\/ploermel_56165\/accident-mortel-pres-du-mans-les-passagers-du-car-scolaire-etaient-en-visite-a-ploermel_62772244.html\" rel=\"nofollow noopener\" target=\"_blank\">le directeur de l\u2019\u00e9tablissement., Nicolas J\u00e9hanno<\/a>.<\/p>\n<p>Vid\u00e9os : en ce moment sur Actu<\/p>\n<p class=\" wall-content\">\u00ab\u00a0Je les ai re\u00e7us parce que je connais l\u2019un des accompagnateurs depuis 15 ans. Nous envisagions, \u00e0 plus long terme, de mettre sur pied un \u00e9change scolaire. Nous avions d\u00e9j\u00e0 accueilli des \u00e9l\u00e8ves l\u2019an pass\u00e9\u2009\u00a0\u00bb, contextualise le chef d\u2019\u00e9tablissement, profond\u00e9ment \u00ab\u00a0\u2009attrist\u00e9\u2009\u00a0\u00bb par le drame. \u00ab\u00a0\u2009Je cherche \u00e0 joindre mon contact sans succ\u00e8s pour le moment\u2009\u00a0\u00bb, explique celui qui tente aussi d\u2019\u00e9changer avec le lyc\u00e9e ukrainien.<\/p>\n<p>18 h 30. Les quatre personnes d\u00e9c\u00e9d\u00e9es sont des adultes<\/p>\n<p class=\" wall-content\">A l\u2019occasion de la visite de l\u2019ambassadeur, la ministre du travail pr\u00e9cisait le bilan. \u00ab\u00a0Les quatre victimes d\u00e9c\u00e9d\u00e9es sont majeures\u00a0\u00bb, pr\u00e9cise-t-elle. Ce sont les accompagnateurs des jeunes \u00ab\u00a0\u00e2g\u00e9s de 14 \u00e0 18 ans, neuf personnes sont gri\u00e8vement bless\u00e9es, 18 plus l\u00e9g\u00e8rement. 29 sont indemnes\u00a0\u00bb.\u00a0<\/p>\n<p>18 h 15. Une quinzaine de poches de sang de l\u2019EFS emmen\u00e9 au bloc op\u00e9ratoire ou sur les lieux de l\u2019accident<\/p>\n<p class=\" wall-content\">\u00ab\u00a0Une quinzaine de poches de l\u2019EFS du Mans ont \u00e9t\u00e9 emmen\u00e9es par le Samu directement au bloc op\u00e9ratoire ou sur les lieux de l\u2019accident\u00a0\u00bb, fait savoir Fr\u00e9d\u00e9ric Cabaret, responsable du site du Mans de l\u2019EFS. Une collecte se d\u00e9roulait \u00e0 la Fert\u00e9 Bernard. \u00a0\u00bb Les objectifs de collecte ont \u00e9t\u00e9 d\u00e9pass\u00e9s, c\u2019est une tr\u00e8s bonne chose pour compenser cette consommation \u00e9lev\u00e9e et brutale sur cet accident et qui peut \u00e9voluer dans la soir\u00e9e ou cette nuit pendant que les patients seront au bloc\u00a0\u00bb.<\/p>\n<p>18 h. Comment s\u2019est organis\u00e9 l\u2019h\u00f4pital du Mans ?\u00a0<\/p>\n<p class=\" wall-content\">Peu apr\u00e8s 18 h, via un communiqu\u00e9, l\u2019h\u00f4pital du Mans a d\u00e9taill\u00e9 le dispositif mis en place pour venir en place aux nombreuses victimes.\u00a0<\/p>\n<p class=\" wall-content\">\u00ab\u00a0D\u00e8s l\u2019alerte, le SAMU 72 a engag\u00e9 les actions et moyens pr\u00e9vus dans le plan de gestion de crise (plan ORSEC), avec l\u2019envoi d\u2019\u00e9quipes et de mat\u00e9riel SMUR. Il a \u00e9galement coordonn\u00e9 le renfort d\u2019\u00e9quipes SMUR et d\u2019h\u00e9licopt\u00e8res sanitaires des h\u00f4pitaux des autres d\u00e9partements\u00a0\u00bb.\u00a0<\/p>\n<p class=\" wall-content\">A 13 h, l\u2019h\u00f4pital a d\u00e9clench\u00e9 la cellule de crise et d\u00e9cid\u00e9 du d\u00e9clenchement du plan blanc \u00ab\u00a0afin de mobiliser les moyens adapt\u00e9s \u00e0 la prise en charge des patients, sous la coordination du directeur m\u00e9dical de crise et du directeur g\u00e9n\u00e9ral adjoint\u00a0\u00bb. Les \u00e9quipes en poste ont \u00e9t\u00e9 renforc\u00e9es, des op\u00e9rations non urgents ont \u00e9t\u00e9 d\u00e9programm\u00e9es. Des \u00ab\u00a0plans de crises internes des services directement impliqu\u00e9s par la prise en charge des victimes (urgences adultes et p\u00e9diatriques, r\u00e9animation, blocs-op\u00e9ratoires, imagerie) ont \u00e9t\u00e9 activ\u00e9s.<\/p>\n<p class=\" wall-content\">Une cellule d\u2019urgence\u00a0m\u00e9dico-psychologique d\u00e9partementale a \u00e9galement \u00e9t\u00e9 mise en place.<\/p>\n<p class=\" wall-content\">La prise en charge des victimes est toujours en cours mais le CH maintient l\u2019accueil et la prise en charge des patients du territoire.<\/p>\n<p>17 h 54. Prise de parole sur place de l\u2019ambassadeur d\u2019Ukraine<br \/>\n    <img   decoding=\"async\" loading=\"lazy\" class=\"size-large\" src=\"https:\/\/www.europesays.com\/fr\/wp-content\/uploads\/2025\/06\/7b74bb6c4c4866f74bb6c4c48a384bv-960x640.jpg\" alt=\"L'ambassadeur d'Ukraine s'est rendu au chevet des bless\u00e9s les plus l\u00e9gers apr\u00e8s l'accident de bus en Sarthe.\" width=\"960\" height=\"640\"\/><br \/>\n    L\u2019ambassadeur d\u2019Ukraine s\u2019est rendu au chevet des bless\u00e9s les plus l\u00e9gers apr\u00e8s l\u2019accident de bus en Sarthe. \u00a9Aur\u00e9lien BURBAN\/Actu Le Mans<\/p>\n<p class=\" wall-content\">L\u2019ambassadeur d\u2019Ukraine en France a \u00e9chang\u00e9 avec les passagers du car \u00ab\u00a0impliqu\u00e9s dans l\u2019accident\u00a0\u00bb et actuellement accueillies dans la salle des f\u00eates de Degr\u00e9. Il \u00e9tait \u00e9mu face aux micros des journalistes.\u00a0<\/p>\n<p>17 h 50. Les victimes d\u00e9c\u00e9d\u00e9es transport\u00e9es \u00e0 la chambre mortuaire d\u2019Angers<\/p>\n<p class=\" wall-content\">Un <a href=\"https:\/\/actu.fr\/pays-de-la-loire\/angers_49007\/grave-accident-de-bus-pres-du-mans-le-chu-dangers-mobilise-pour-prendre-en-charge-les-victimes_62770746.html\" rel=\"nofollow noopener\" target=\"_blank\">point de situation a \u00e9t\u00e9 fait par le CHU d\u2019Angers<\/a>.<\/p>\n<p class=\" wall-content\">Les \u00e9quipes du CHU accueillent les quatre patients les plus gravement bless\u00e9s. \u00ab\u00a0Les corps des victimes transport\u00e9es au CHU d\u2019Angers.\u00a0Plusieurs m\u00e9decins l\u00e9gistes du service de M\u00e9decine l\u00e9gale (deux seniors, deux internes) du CHU d\u2019Angers ont \u00e9galement \u00e9t\u00e9 d\u00e9p\u00each\u00e9s sur les lieux de l\u2019accident. \u00ab\u00a0\u2009Les victimes d\u00e9c\u00e9d\u00e9es vont \u00eatre transport\u00e9es au CHU, et leurs corps reposeront \u00e0 la chambre mortuaire\u2009\u00a0\u00bb, indique la direction du CHU d\u2019Angers.<\/p>\n<p class=\" wall-content\">Le CHU se pr\u00e9pare \u00e0 l\u2019accueil\u00a0<b>des familles des bless\u00e9s\u00a0<\/b>et des\u00a0<b>victimes d\u00e9c\u00e9d\u00e9es<\/b>, dans les jours \u00e0 venir.\u00a0<\/p>\n<p>17 h 10. L\u2019ambassadeur d\u2019Ukraine est sur place<\/p>\n<p class=\" wall-content\">L\u2019ambassadeur d\u2019Ukraine en France est arriv\u00e9 sur les lieux de l\u2019accident. Il s\u2019est ensuite rendu \u00e0 la salle des f\u00eates de Degr\u00e9 o\u00f9 sont accueillies les victimes les plus l\u00e9g\u00e8rement bless\u00e9es pour s\u2019entretenir avec elles.\u00a0<\/p>\n<p>17 h. Le bus aurait eu trois pannes lors du trajet aller<\/p>\n<p class=\" wall-content\">Selon des t\u00e9moins sur place \u00e0 Degr\u00e9, les adolescents et leurs neuf accompagnants \u00e9taient en voyage scolaire dans le cadre d\u2019un \u00e9change scolaire notamment avec le lyc\u00e9e Latouche de Plo\u00ebrmel. Ils \u00e9taient arriv\u00e9s dans la nuit de mardi \u00e0 mercredi et rentraient en Ukraine.\u00a0<\/p>\n<p class=\" wall-content\">Selon ce m\u00eame t\u00e9moin, le bus aurait eu trois pannes lors du trajet aller.\u00a0<\/p>\n<p>16 h 55. Une mobilisation importante autour de l\u2019accident<\/p>\n<p class=\" wall-content\">A Degr\u00e9, les b\u00e9n\u00e9voles de la Croix Rouge sont mobilis\u00e9s pour venir en aide aux personnes l\u00e9g\u00e8rement bless\u00e9es.\u00a0\u00a0<\/p>\n<p>16h. Vinci fait le point sur la circulation<\/p>\n<p class=\" wall-content\">Vinci Autoroute annonce que tous les v\u00e9hicules l\u00e9gers coinc\u00e9s sur l\u2019autoroute en amont de l\u2019accident sont d\u00e9sormais d\u00e9bloqu\u00e9s. Restent encore les poids lourds.<\/p>\n<p>15\u2009h\u200945. La ministre aupr\u00e8s des bless\u00e9s<br \/>\n    <img   decoding=\"async\" loading=\"lazy\" class=\"size-large\" src=\"https:\/\/www.europesays.com\/fr\/wp-content\/uploads\/2025\/06\/1ab045ac2c4864eb045ac2c48bfb04v-960x640.jpg\" alt=\"Ministre Pr\u00e9fet accident de bus A81\" width=\"960\" height=\"640\"\/><br \/>\n    Le pr\u00e9fet de la Sarthe Emmanuel Aubry s\u2019est rendu sur place. \u00a9Aur\u00e9lien BURBAN\/Actu Le Mans<\/p>\n<p class=\" wall-content\">La ministre s\u2019est rendue dans la salle des f\u00eates de Degr\u00e9 o\u00f9 sont accueillies les personnes les plus l\u00e9g\u00e8rement bless\u00e9es.<\/p>\n<p>15\u2009h\u200940. Des personnes l\u00e9g\u00e8rement bless\u00e9es arrivent \u00e0 la salle des f\u00eates de Degr\u00e9<br \/>\n    <img   decoding=\"async\" loading=\"lazy\" class=\"size-large\" src=\"https:\/\/www.europesays.com\/fr\/wp-content\/uploads\/2025\/06\/5edb35ac2c48633eb35ac2c4897eb3v-960x640.jpg\" alt=\"bless\u00e9s accident A 81 bus Degr\u00e9\" width=\"960\" height=\"640\"\/><br \/>\n    Les bless\u00e9s l\u00e9gers ont \u00e9t\u00e9 accueillis \u00e0 la salle des f\u00eates de Degr\u00e9. \u00a9Aur\u00e9lien BURBAN\/Actu Le Mans<\/p>\n<p class=\" wall-content\">Les victimes les plus l\u00e9g\u00e8rement bless\u00e9es sont accueillies \u00e0 la salle des f\u00eates de Degr\u00e9. Le maire, Jean-Paul Blot est sur place.<\/p>\n<p>15 h 35. L\u2019ambassadeur d\u2019Ukraine attendu sur place<\/p>\n<p class=\" wall-content\">L\u2019ambassadeur d\u2019Ukraine devrait \u00eatre sur les lieux de l\u2019accident dans les minutes qui viennent.<\/p>\n<p>15\u2009h\u200930. Conf\u00e9rence de presse de la ministre Astrid Panosyan-Bouvet<\/p>\n<p class=\" wall-content\">Astrid Panosyan-Bouvet a donn\u00e9 une conf\u00e9rence de presse sur les lieux de l\u2019accident. La ministre a rappel\u00e9 le bilan provisoire de quatre personnes d\u00e9c\u00e9d\u00e9es, 11 en urgence absolue et 34 en urgence relative.<\/p>\n<p class=\" wall-content\">Elle a donn\u00e9 quelques pr\u00e9cisions. \u00ab\u2009Les Ukrainiens \u00e9taient en France dans le cadre d\u2019un voyage scolaire. 60\u00a0personnes, des adolescents et des adultes se trouvaient dans le v\u00e9hicule\u2009\u00bb.<\/p>\n<p class=\" wall-content\">Le Pr\u00e9fet, Emmanuel Aubry, annonce que les v\u00e9hicules encore coinc\u00e9s sur l\u2019autoroute vont progressivement \u00eatre \u00e9vacu\u00e9s.<\/p>\n<p>15h02. La ministre Astrid Panosyan-Bouvet se rendra sur place<\/p>\n<p class=\" wall-content\"><b>Astrid Panosyan-Bouvet,<\/b> la ministre charg\u00e9e du Travail et de l\u2019Emploi, va se rendre sur place. La membre du gouvernement \u00e9tait en visite ce vendredi \u00e0 l\u2019usine Renault du\u00a0Mans, dans le cadre du Concours Excellence M\u00e9canique Alpine.<\/p>\n<p>14h52. Une cellule de soutien psychologique mise en place<\/p>\n<p class=\" wall-content\">Une <b>cellule de soutien psychologique<\/b> va \u00eatre mise en place. Les bless\u00e9s l\u00e9gers sont redirig\u00e9s vers la salle des f\u00eates de Degr\u00e9.<\/p>\n<p>    <img   decoding=\"async\" loading=\"lazy\" class=\"size-large\" src=\"https:\/\/www.europesays.com\/fr\/wp-content\/uploads\/2025\/06\/6b5913ff1c486bf5913ff1c48b3691v-960x640.jpg\" alt=\"La salle des f\u00eates de Degr\u00e9 accueille les bless\u00e9s l\u00e9gers.\" width=\"960\" height=\"640\"\/><br \/>\n    La salle des f\u00eates de Degr\u00e9 accueille les bless\u00e9s l\u00e9gers. \u00a9Aur\u00e9lien Burban\/Actu Le Mans14h48. Une conf\u00e9rence de presse pour un point de situation<\/p>\n<p class=\" wall-content\">Les services de la pr\u00e9fecture organisent une conf\u00e9rence de presse afin de faire un point de situation.<\/p>\n<p>    <a href=\"https:\/\/www.facebook.com\/plugins\/post.php?href=https%3A%2F%2Fwww.facebook.com%2FPrefecturedelaSarthe%2Fposts%2Fpfbid02guXDXNUcVU1pgAKyHzsPQ6zTxpzpy3UHRNbrPjqHyGCGLctHinw2wYaATGHtgdv2l&amp;show_text=true&amp;width=350\" title=\"Ouvrie le lien\" rel=\"nofollow noopener\" target=\"_blank\">Cliquez ici pour visualiser le contenu<\/a><\/p>\n<p>14h34. Le centre hospitalier du\u00a0Mans active son plan blanc<\/p>\n<p class=\" wall-content\">Afin de prendre en charge les victimes de l\u2019accident d\u2019autobus, le <b>centre hospitalier du\u00a0Mans <\/b>(CHM) vient d\u2019annoncer le d\u00e9clenchement de <b>son plan blanc<\/b>. \u00ab\u2009Nos \u00e9quipes sont pleinement mobilis\u00e9es pour assurer la prise en charge des victimes\u2009\u00bb, indique le CHM.<\/p>\n<p>    <a href=\"https:\/\/www.facebook.com\/plugins\/post.php?href=https%3A%2F%2Fwww.facebook.com%2Fchlemansofficiel%2Fposts%2Fpfbid0U1DS1uw2jkdeaf3KMwoiMLkNUZaRVECr9fyW6mCP9ChwQZWdN6eqv26oxm6Uw34Cl&amp;show_text=true&amp;width=350\" title=\"Ouvrie le lien\" rel=\"nofollow noopener\" target=\"_blank\">Cliquez ici pour visualiser le contenu<\/a><\/p>\n<p class=\" wall-content\">Il est demand\u00e9 de ne pas solliciter le standard t\u00e9l\u00e9phonique inutilement et de ne pas se d\u00e9placer spontan\u00e9ment aux urgences.<\/p>\n<p class=\" wall-content\">\u00ab\u2009Merci de contacter le 15 (le 114 pour les personnes sourdes ou malentendantes) uniquement en cas d\u2019urgence ou de doute sur la gravit\u00e9 de la situation. En priorit\u00e9, prenez contact avec votre m\u00e9decin traitant.\u2009\u00bb<\/p>\n<p>14h26. L\u2019autoroute est coup\u00e9e, des bouchons se sont form\u00e9s sur l\u2019A81<br \/>\n    <img   decoding=\"async\" loading=\"lazy\" class=\"size-large\" src=\"https:\/\/www.europesays.com\/fr\/wp-content\/uploads\/2025\/06\/6a3c22d21c4863e3c22d21c48224c2v-960x640.jpg\" alt=\"Un accident mortel s'est produit sur l'autoroute A81, \u00e0 hauteur de Degr\u00e9 (Sarthe), ce vendredi 13 juin 2025. L'autoroute est coup\u00e9e, les bouchons se forment.\" width=\"960\" height=\"640\"\/><br \/>\n    L\u2019autoroute A81 est coup\u00e9e apr\u00e8s un accident mortel impliquant un autobus, des bouchons se sont form\u00e9s. \u00a9Aur\u00e9lien Burban\/Actu Le Mans14h03. La mairie de Degr\u00e9 ouvre une salle des f\u00eates<\/p>\n<p class=\" wall-content\">La mairie de Degr\u00e9 a d\u00e9cid\u00e9 d\u2019ouvrir une<b> salle des f\u00eates<\/b> pour la mettre \u00e0 disposition des victimes.<\/p>\n<p>14h. Des d\u00e9viations mises en place sur l\u2019autoroute<\/p>\n<p class=\" wall-content\">L\u2019A81 est ferm\u00e9e dans les deux sens. <a href=\"https:\/\/actu.fr\/pays-de-la-loire\/degre_72113\/grave-accident-de-car-sur-lautoroute-a81-pres-du-mans-plusieurs-personnes-tuees_62769361.html\" rel=\"nofollow noopener\" target=\"_blank\">Des d\u00e9viations ont \u00e9t\u00e9 mises en place.<\/a><\/p>\n<p>13h44. Le num\u00e9ro vert est activ\u00e9<\/p>\n<p class=\" wall-content\">La pr\u00e9fecture de la Sarthe indique que le num\u00e9ro vert est activ\u00e9\u2009: 09\u200970\u200980\u200990\u200940.<\/p>\n<p>13h39. Accident mortel sur l\u2019autoroute\u2009: au moins quatre personnes tu\u00e9es et 45 bless\u00e9s<\/p>\n<p class=\" wall-content\"><b>Vers 13h30, la pr\u00e9fecture dresse un premier bilan de la situation, le bilan est tr\u00e8s lourd.<\/b><b\/><\/p>\n<p class=\" wall-content\">\u00ab\u2009L\u2019accident impliquant un autobus\u00a0transportait des adultes et adolescents de nationalit\u00e9 ukrainienne\u2009\u00bb, informe la pr\u00e9fecture de la Sarthe vers 13h30. Le bilan humain de l\u2019accident est extr\u00eamement lourd.<\/p>\n<blockquote class=\"ac-article-quote wall-content\">\n<p>Le bilan humain encore provisoire s\u2019\u00e9tablit actuellement \u00e0 34 bless\u00e9s l\u00e9gers et 11 bless\u00e9s graves. On d\u00e9plore le d\u00e9c\u00e8s de 4\u00a0personnes.<\/p>\n<p>Pr\u00e9fecture de la Sarthe<\/p><\/blockquote>\n<p class=\" wall-content\">Le pr\u00e9fet de la Sarthe a pris la direction des op\u00e9rations de secours. Afin de coordonner les actions sur le terrain entre les diff\u00e9rents acteurs, un centre op\u00e9rationnel d\u00e9partemental a \u00e9t\u00e9 mis en place.<\/p>\n<p>    <img   decoding=\"async\" loading=\"lazy\" class=\"size-large\" src=\"https:\/\/www.europesays.com\/fr\/wp-content\/uploads\/2025\/06\/7f78bf671c4866388bf671c483788bv-960x640.jpg\" alt=\"Un accident mortel s'est produit sur l'autoroute A81, \u00e0 hauteur de Degr\u00e9 (Sarthe), ce vendredi 13 juin 2025.\" width=\"960\" height=\"640\"\/><br \/>\n    8\u00e8 sapeurs-pompiers ont \u00e9t\u00e9 mobilis\u00e9s sur l\u2019intervention. \u00a9Aur\u00e9lien Burban\/Actu Le Mans<\/p>\n<p class=\" wall-content\">Arriv\u00e9s rapidement sur place, les sapeurs-pompiers prennent en charge les victimes.<b> 87 sapeurs pompiers <\/b>du Service D\u00e9partemental d\u2019Incendie et de Secours de la Sarthe sont sur place et 49 engins sont mobilis\u00e9s.<\/p>\n<p class=\" wall-content\">Un num\u00e9ro vert va \u00eatre mis en place.<\/p>\n<p>L\u2019autoroute ferm\u00e9e<\/p>\n<p class=\" wall-content\">La circulation est coup\u00e9e dans les deux sens. Le pr\u00e9fet de la Sarthe appelle \u00e0 la plus grande vigilance sur ce secteur et \u00e0 ne pas g\u00eaner l\u2019intervention des secours.<\/p>\n<p>13h18. Un grave accident pr\u00e8s du\u00a0Mans, un car couch\u00e9 sur l\u2019autoroute A81<\/p>\n<p class=\" wall-content\">Peu avant midi, \u00ab\u2009un <b>car s\u2019est couch\u00e9<\/b> sur l\u2019autoroute A81 dans le sens Rennes-Le\u00a0Mans entre la sortie de Sill\u00e9-Le-Guillaume et la bifurcation de l\u2019Autoroute A11 au niveau du\u00a0Mans\u2009\u00bb, indique Vinci Autoroutes.<\/p>\n<p class=\" wall-content\">\n<p class=\" wall-content\">Les secours sont sur place. Selon nos informations,<b> plusieurs victimes<\/b> seraient d\u00e9c\u00e9d\u00e9es et l\u2019accident aurait fait plusieurs bless\u00e9s graves.<\/p>\n<p class=\" wall-content\">Les secours sont actuellement sur place. L\u2019autoroute a \u00e9t\u00e9 coup\u00e9e afin de faciliter l\u2019intervention des secours.<\/p>\n<p class=\" wall-content\">Suivez toute l\u2019actualit\u00e9 de vos villes et m\u00e9dias favoris en vous inscrivant \u00e0 <a href=\"https:\/\/moncompte.actu.fr\" title=\"D\u00e9couvez Mon Actu\" rel=\"nofollow noopener\" data-trk=\"{&quot;cta&quot;:{&quot;action&quot;:&quot;https:\\\/\\\/moncompte.actu.fr&quot;,&quot;category&quot;:&quot;mon compte&quot;,&quot;from&quot;:&quot;article footer&quot;,&quot;name&quot;:&quot;Mon actu&quot;,&quot;type&quot;:&quot;cta&quot;}}\" target=\"_blank\">Mon Actu<\/a>.<\/p>\n<p>                    <script async src=\"\/\/www.instagram.com\/embed.js\"><\/script><\/p>\n","protected":false},"excerpt":{"rendered":"Par Fr\u00e9d\u00e9ric Jouvet Publi\u00e9 le 13 juin 2025 \u00e0 19h20 Un accident mortel impliquant un autobus s\u2019est produit&hellip;\n","protected":false},"author":2,"featured_media":174021,"comment_status":"","ping_status":"","sticky":false,"template":"","format":"standard","meta":{"footnotes":""},"categories":[4],"tags":[119,11,118,1011,27,12,25],"class_list":{"0":"post-174020","1":"post","2":"type-post","3":"status-publish","4":"format-standard","5":"has-post-thumbnail","7":"category-france","8":"tag-accident","9":"tag-actualites","10":"tag-faits-divers","11":"tag-fr","12":"tag-france","13":"tag-news","14":"tag-republique-francaise"},"share_on_mastodon":{"url":"https:\/\/pubeurope.com\/@fr\/114677555207460681","error":""},"_links":{"self":[{"href":"https:\/\/www.europesays.com\/fr\/wp-json\/wp\/v2\/posts\/174020","targetHints":{"allow":["GET"]}}],"collection":[{"href":"https:\/\/www.europesays.com\/fr\/wp-json\/wp\/v2\/posts"}],"about":[{"href":"https:\/\/www.europesays.com\/fr\/wp-json\/wp\/v2\/types\/post"}],"author":[{"embeddable":true,"href":"https:\/\/www.europesays.com\/fr\/wp-json\/wp\/v2\/users\/2"}],"replies":[{"embeddable":true,"href":"https:\/\/www.europesays.com\/fr\/wp-json\/wp\/v2\/comments?post=174020"}],"version-history":[{"count":0,"href":"https:\/\/www.europesays.com\/fr\/wp-json\/wp\/v2\/posts\/174020\/revisions"}],"wp:featuredmedia":[{"embeddable":true,"href":"https:\/\/www.europesays.com\/fr\/wp-json\/wp\/v2\/media\/174021"}],"wp:attachment":[{"href":"https:\/\/www.europesays.com\/fr\/wp-json\/wp\/v2\/media?parent=174020"}],"wp:term":[{"taxonomy":"category","embeddable":true,"href":"https:\/\/www.europesays.com\/fr\/wp-json\/wp\/v2\/categories?post=174020"},{"taxonomy":"post_tag","embeddable":true,"href":"https:\/\/www.europesays.com\/fr\/wp-json\/wp\/v2\/tags?post=174020"}],"curies":[{"name":"wp","href":"https:\/\/api.w.org\/{rel}","templated":true}]}}