{"id":174022,"date":"2025-06-13T18:49:24","date_gmt":"2025-06-13T18:49:24","guid":{"rendered":"https:\/\/www.europesays.com\/fr\/174022\/"},"modified":"2025-06-13T18:49:24","modified_gmt":"2025-06-13T18:49:24","slug":"obseques-de-philippe-labro-didier-barbelivien-apparait-decontracte-apres-son-hospitalisation","status":"publish","type":"post","link":"https:\/\/www.europesays.com\/fr\/174022\/","title":{"rendered":"Obs\u00e8ques de Philippe Labro : Didier Barbelivien appara\u00eet d\u00e9contract\u00e9 apr\u00e8s son hospitalisation"},"content":{"rendered":"<p>Il a rendu son dernier souffle \u00e0 88 ans. Grande figure du<br \/>\njournalisme, Philippe Labro est mort le 4 juin 2025. Il laisse<br \/>\nderri\u00e8re lui \u00a0<a href=\"https:\/\/www.closermag.fr\/people\/mort-de-philippe-labro-qui-est-sa-veuve-francoise-3551269\" data-mrf-link=\"https:\/\/www.closermag.fr\/people\/mort-de-philippe-labro-qui-est-sa-veuve-francoise-3551269\" target=\"_blank\" rel=\"noopener\">Fran\u00e7oise<br \/>\nCoulon<\/a>, son \u00e9pouse depuis 47 ans, ainsi que leurs trois<br \/>\nenfants, Jean, Clarisse et Val\u00e9rie et un autre enfant n\u00e9 d\u2019une<br \/>\nrelation pr\u00e9c\u00e9dente.<\/p>\n<p>Quelques semaines apr\u00e8s son d\u00e9c\u00e8s, sa famille et ses amis se<br \/>\nsont r\u00e9unis en l\u2019\u00e9glise de Saint-Germain-des-Pr\u00e9s <a href=\"https:\/\/www.closermag.fr\/people\/philippe-labro-est-mort-ou-et-quand-se-derouleront-ses-obseques-3551280\" data-mrf-link=\"https:\/\/www.closermag.fr\/people\/philippe-labro-est-mort-ou-et-quand-se-derouleront-ses-obseques-3551280\" target=\"_blank\" rel=\"noopener\"><br \/>\npour les obs\u00e8ques du journaliste<\/a>. Laurence Ferrari, Renaud<br \/>\nCapu\u00e7on et sa femme, Laeticia Hallyday et Jean-Claude Camus,<br \/>\nFranz-Olivier Giesbert, <strong>Sophie Davant et William<br \/>\nLeymergie<\/strong>&#8230; De nombreuses c\u00e9l\u00e9brit\u00e9s \u00e9taient pr\u00e9sentes<br \/>\ndans le 6\u00e8me arrondissement de Paris pour lui rendre ce dernier<br \/>\nhommage.<\/p>\n<p>Didier Barbelivien : face aux rumeurs,<br \/>\nil appara\u00eet en pleine forme aux obs\u00e8ques de Philippe Labro<\/p>\n<p>Parmi elles, <a href=\"https:\/\/www.closermag.fr\/people\/didier-barbelivien-hospitalise-en-soins-intensifs-on-en-sait-plus-sur-la-sante-du-chanteur-grace-a-sa-femme-3552374\" target=\"_blank\" rel=\"noopener\"><br \/>\nDidier Barbelivien<\/a>. En d\u00e9but de mois,<br \/>\nl\u00a0\u00bbauteur-compositeur-interpr\u00e8te avait inqui\u00e9t\u00e9 ses fans. Son \u00e9tat<br \/>\nde sant\u00e9 \u00e9tait en cause. Il s&rsquo;\u00e9tait en effet rendu avec son \u00e9pouse<br \/>\n\u00e0 l&rsquo;H\u00f4pital am\u00e9ricain de Paris, \u00e0 Neuilly-sur-Seine. Mais aucun<br \/>\ndiagnostic grave n&rsquo;avait \u00e9t\u00e9 pos\u00e9. Comme l&rsquo;avait indiqu\u00e9 un proche<br \/>\ndu chanteur sur Instagram, ce dernier se portait \u00ab\u00a0tr\u00e8s bien\u00a0\u00bb.<br \/>\n<strong>Les arbres de leur maison de campagne<\/strong>\u00a0lui<br \/>\nauraient tout simplement provoqu\u00e9\u00a0<a href=\"https:\/\/www.science-et-vie.com\/corps-et-sante\/medicaments\/enfin-une-avancee-dans-le-traitement-de-lasthme-severe-et-de-la-bpco-185436.html\" data-mrf-link=\"https:\/\/www.science-et-vie.com\/corps-et-sante\/medicaments\/enfin-une-avancee-dans-le-traitement-de-lasthme-severe-et-de-la-bpco-185436.html\" target=\"_blank\" rel=\"noopener\">une<br \/>\ncrise d&rsquo;asthme<\/a>.<\/p>\n<p>Preuve de sa pleine sant\u00e9, l&rsquo;artiste de 71 ans est apparu<br \/>\nd\u00e9contract\u00e9 aux obs\u00e8ques de Philippe Labro. Il portait une veste en<br \/>\njean, des lunettes de soleil et un tee-shirt vert d\u00e9contract\u00e9. De<br \/>\ntoute \u00e9vidence, il \u00e9tait en pleine forme, ce qui confirme<br \/>\nassur\u00e9ment les dires de la fameuse Marguerite, qui \u00e9crivait<br \/>\nquelques jours plus t\u00f4t sur les r\u00e9seaux sociaux :<br \/>\n\u00ab\u00a0Contrairement aux rumeurs en ligne, Didier va tr\u00e8s bien. Il<br \/>\nm\u2019a demand\u00e9 de vous le faire savoir, car il ne s\u2019occupe pas<br \/>\nlui-m\u00eame de ses r\u00e9seaux.\u00a0\u00bb<\/p>\n<p>Diaporama<br \/>\n<img decoding=\"async\" class=\"diapo_img img-responsive lazy-load\" loading=\"lazy\" src=\"https:\/\/www.europesays.com\/fr\/wp-content\/uploads\/2025\/06\/bestimage_00710824_000015-scaled.jpeg\"\/><\/p>\n<p>Dominique Jacovides &#8211; Christophe Clovis<br \/>\n\/ Bestimage<\/p>\n<p>1\/6 Obs\u00e8ques de Philippe Labro : Didier<br \/>\nBarbelivien appara\u00eet d\u00e9contract\u00e9 apr\u00e8s son hospitalisation<\/p>\n<p>Le 13 juin, les obs\u00e8ques de Philippe<br \/>\nLabro avaient lieu en l&rsquo;\u00e9glise de Saint-Germain-des-Pr\u00e9s, \u00e0<br \/>\nParis.<\/p>\n<p><img decoding=\"async\" class=\"diapo_img img-responsive lazy-load\" loading=\"lazy\" src=\"https:\/\/www.europesays.com\/fr\/wp-content\/uploads\/2025\/06\/bestimage_00710825_000001-scaled.jpeg\"\/><\/p>\n<p>Dominique Jacovides &#8211; Christophe Clovis<br \/>\n\/ Bestimage<\/p>\n<p>2\/6 Obs\u00e8ques de Philippe Labro : Didier<br \/>\nBarbelivien appara\u00eet d\u00e9contract\u00e9 apr\u00e8s son hospitalisation<\/p>\n<p>Didier Barbelivien \u00e9tait pr\u00e9sent.\u00a0<\/p>\n<p><img decoding=\"async\" class=\"diapo_img img-responsive lazy-load\" loading=\"lazy\" src=\"https:\/\/www.europesays.com\/fr\/wp-content\/uploads\/2025\/06\/bestimage_00710795_000067-scaled.jpeg\"\/><\/p>\n<p>Dominique Jacovides &#8211; Christophe Clovis<br \/>\n\/ Bestimage<\/p>\n<p>3\/6 Obs\u00e8ques de Philippe Labro : Didier<br \/>\nBarbelivien appara\u00eet d\u00e9contract\u00e9 apr\u00e8s son hospitalisation<\/p>\n<p>Malgr\u00e9 les rumeurs sur sa sant\u00e9, il est apparu en pleine<br \/>\nforme.\u00a0<\/p>\n<p><img decoding=\"async\" class=\"diapo_img img-responsive lazy-load\" loading=\"lazy\" src=\"https:\/\/www.europesays.com\/fr\/wp-content\/uploads\/2025\/06\/bestimage_00710795_000066-scaled.jpeg\"\/><\/p>\n<p>Dominique Jacovides &#8211; Christophe Clovis<br \/>\n\/ Bestimage<\/p>\n<p>4\/6 Obs\u00e8ques de Philippe Labro : Didier<br \/>\nBarbelivien appara\u00eet d\u00e9contract\u00e9 apr\u00e8s son hospitalisation<\/p>\n<p>Il portait une tenue d\u00e9contract\u00e9e.\u00a0<\/p>\n<p><img decoding=\"async\" class=\"diapo_img img-responsive lazy-load\" loading=\"lazy\" src=\"https:\/\/www.europesays.com\/fr\/wp-content\/uploads\/2025\/06\/bestimage_00710795_000065-scaled.jpeg\"\/><\/p>\n<p>Dominique Jacovides &#8211; Christophe Clovis<br \/>\n\/ Bestimage<\/p>\n<p>5\/6 Obs\u00e8ques de Philippe Labro : Didier<br \/>\nBarbelivien appara\u00eet d\u00e9contract\u00e9 apr\u00e8s son hospitalisation<\/p>\n<p>Et il s&rsquo;est montr\u00e9 souriant.<\/p>\n<p><img decoding=\"async\" class=\"diapo_img img-responsive lazy-load\" loading=\"lazy\" src=\"https:\/\/www.europesays.com\/fr\/wp-content\/uploads\/2025\/06\/bestimage_00710795_000064-scaled.jpeg\"\/><\/p>\n<p>Dominique Jacovides &#8211; Christophe Clovis<br \/>\n\/ Bestimage<\/p>\n<p>6\/6 Obs\u00e8ques de Philippe Labro : Didier<br \/>\nBarbelivien appara\u00eet d\u00e9contract\u00e9 apr\u00e8s son hospitalisation<\/p>\n<p>Didier Barbelivien aux obs\u00e8ques de Philippe Labro\u00a0<\/p>\n","protected":false},"excerpt":{"rendered":"Il a rendu son dernier souffle \u00e0 88 ans. Grande figure du journalisme, Philippe Labro est mort le&hellip;\n","protected":false},"author":2,"featured_media":174023,"comment_status":"","ping_status":"","sticky":false,"template":"","format":"standard","meta":{"footnotes":""},"categories":[2],"tags":[11,28714,1011,27,1638,12,28030],"class_list":{"0":"post-174022","1":"post","2":"type-post","3":"status-publish","4":"format-standard","5":"has-post-thumbnail","7":"category-actualites","8":"tag-actualites","9":"tag-didier-barbelivien","10":"tag-fr","11":"tag-france","12":"tag-has_diapo","13":"tag-news","14":"tag-philippe-labro"},"share_on_mastodon":{"url":"https:\/\/pubeurope.com\/@fr\/114677558150146301","error":""},"_links":{"self":[{"href":"https:\/\/www.europesays.com\/fr\/wp-json\/wp\/v2\/posts\/174022","targetHints":{"allow":["GET"]}}],"collection":[{"href":"https:\/\/www.europesays.com\/fr\/wp-json\/wp\/v2\/posts"}],"about":[{"href":"https:\/\/www.europesays.com\/fr\/wp-json\/wp\/v2\/types\/post"}],"author":[{"embeddable":true,"href":"https:\/\/www.europesays.com\/fr\/wp-json\/wp\/v2\/users\/2"}],"replies":[{"embeddable":true,"href":"https:\/\/www.europesays.com\/fr\/wp-json\/wp\/v2\/comments?post=174022"}],"version-history":[{"count":0,"href":"https:\/\/www.europesays.com\/fr\/wp-json\/wp\/v2\/posts\/174022\/revisions"}],"wp:featuredmedia":[{"embeddable":true,"href":"https:\/\/www.europesays.com\/fr\/wp-json\/wp\/v2\/media\/174023"}],"wp:attachment":[{"href":"https:\/\/www.europesays.com\/fr\/wp-json\/wp\/v2\/media?parent=174022"}],"wp:term":[{"taxonomy":"category","embeddable":true,"href":"https:\/\/www.europesays.com\/fr\/wp-json\/wp\/v2\/categories?post=174022"},{"taxonomy":"post_tag","embeddable":true,"href":"https:\/\/www.europesays.com\/fr\/wp-json\/wp\/v2\/tags?post=174022"}],"curies":[{"name":"wp","href":"https:\/\/api.w.org\/{rel}","templated":true}]}}