{"id":174028,"date":"2025-06-13T18:52:13","date_gmt":"2025-06-13T18:52:13","guid":{"rendered":"https:\/\/www.europesays.com\/fr\/174028\/"},"modified":"2025-06-13T18:52:13","modified_gmt":"2025-06-13T18:52:13","slug":"le-cadavre-ne-se-porte-pas-si-mal","status":"publish","type":"post","link":"https:\/\/www.europesays.com\/fr\/174028\/","title":{"rendered":"\u00ab\u00a0Le cadavre ne se porte pas si mal\u00a0\u00bb"},"content":{"rendered":"<blockquote class=\"question\"><p>Vous avez \u00e9t\u00e9 r\u00e9\u00e9lu \u00e0 la t\u00eate du Parti socialiste (PS) avec 50,9\u00a0% des voix. Est-ce une victoire en demi-teinte ou une manifestation de la division qui r\u00e8gne au PS\u00a0?<\/p><\/blockquote>\n<p>\u00ab\u00a0Non, il n\u2019y a absolument pas de divisions. Je sais que c\u2019est le r\u00e9cit que la presse produit. Mais la r\u00e9alit\u00e9, c\u2019est que <a href=\"http:\/\/www.dna.fr\/politique\/2025\/06\/06\/congres-du-ps-olivier-faure-reelu-pour-la-quatrieme-fois-premier-secretaire\" target=\"_blank\" rel=\"nofollow noopener\">j\u2019ai \u00e9t\u00e9 \u00e9lu<\/a> dans les m\u00eames proportions qu\u2019il y a deux ans \u00e0 Marseille et que, pendant ces deux ans, vous n\u2019avez pas entendu une seule fois parler de divisions. Pour preuve, quand nous avons vot\u00e9 les propositions que j\u2019ai pu faire sur le programme des \u00e9lections europ\u00e9ennes, sur l\u2019adh\u00e9sion ou m\u00eame la cr\u00e9ation du Nouveau Front populaire, sur la censure du gouvernement Barnier, sur le sursis probatoire accord\u00e9 \u00e0 Fran\u00e7ois Bayrou, tout a \u00e9t\u00e9 adopt\u00e9 \u00e0 l\u2019unanimit\u00e9 ou quasiment. C\u2019est vous dire que la fracture est en partie artificielle. La r\u00e9alit\u00e9, concr\u00e8te, quotidienne, c\u2019est un parti qui fonctionne, o\u00f9 nous avons su produire de l\u2019unit\u00e9.\u00a0\u00bb<\/p>\n<blockquote class=\"question\"><p>On dit que le PS est moribond. Que r\u00e9pondez-vous\u00a0?<\/p><\/blockquote>\n<p>\u00ab\u00a0Je sais bien <a href=\"http:\/\/www.dna.fr\/politique\/2025\/06\/13\/congres-du-ps-a-nancy-le-parti-socialiste-est-devenu-un-petit-parti\" target=\"_blank\" rel=\"nofollow noopener\">qu\u2019on dit que le PS est moribond<\/a>, \u00e7a fait des ann\u00e9es. Vous avez m\u00eame eu un livre qui s\u2019appelait Le grand cadavre \u00e0 la renverse. Tr\u00e8s bien. Mais, le cadavre ne se porte pas si mal. Il y a trois mois, les m\u00eames expliquaient que nous \u00e9tions en plein renouveau. Pourquoi\u00a0? Parce que nous avions <a href=\"http:\/\/www.dna.fr\/politique\/2025\/01\/16\/gouvernement-bayrou-pourquoi-le-ps-n-a-pas-vote-la-motion-de-censure\" target=\"_blank\" rel=\"nofollow noopener\">refus\u00e9 de censurer le gouvernement Bayrou<\/a>. Nous sommes fringants quand nous sommes per\u00e7us comme des soutiens de la droite macroniste. En revanche, quand on s\u2019oppose \u00e0 elle, on redevient des mourants. Je ne sais pas tr\u00e8s bien quelle version choisir. Ce que je sais, en revanche, c\u2019est que notre parti n\u2019est pas pr\u00e8s de dispara\u00eetre.\u00a0\u00bb<\/p>\n<p>\u00ab Je ferai tout pour que nous ne vivions pas une victoire de l\u2019extr\u00eame droite\u00a0\u00bb<\/p>\n<blockquote class=\"question\"><p>Que comptez-vous faire pour reconstruire votre parti\u00a0?<\/p><\/blockquote>\n<p>\u00ab\u00a0D\u2019abord, l\u2019ouvrir. Nous avons deux ans jusqu\u2019\u00e0 la prochaine pr\u00e9sidentielle, pour affirmer une identit\u00e9 qui permettent de recr\u00e9er un imaginaire collectif diff\u00e9rent des lib\u00e9raux et de l\u2019extr\u00eame droite. Donc, d\u2019abord, construisons cette vision-l\u00e0. Des propositions viendront ensuite l\u2019accompagner et un rassemblement large de la gauche. Avec, pourquoi pas un jour, une f\u00e9d\u00e9ration de toute la gauche.\u00a0\u00bb<\/p>\n<blockquote class=\"question\"><p>Qui voyez-vous pour incarner le PS \u00e0 la pr\u00e9sidentielle\u00a0?<\/p><\/blockquote>\n<p>\u00ab\u00a0Moi, je veux prendre les choses dans l\u2019ordre. D\u2019abord, commencer par une plateforme commune. On va b\u00e2tir un projet socialiste, sur la base duquel nous irons n\u00e9gocier une plateforme commune avec l\u2019ensemble de la gauche et des \u00e9cologistes. Puis, apr\u00e8s, nous chercherons celui ou celle qui sera la meilleure incarnation de ce projet et pourra f\u00e9d\u00e9rer cet espace-l\u00e0. En tout cas, je ferai tout pour que nous ne vivions pas une victoire de l\u2019extr\u00eame droite.\u00a0\u00bb<\/p>\n<blockquote class=\"question\"><p>Vous voyez-vous candidat\u00a0?<\/p><\/blockquote>\n<p>\u00ab\u00a0Chacun d\u2019entre nous doit se poser cette question en temps voulu et se demander s\u2019il est en mesure de rassembler la gauche et de l\u2019emmener jusqu\u2019au second tour. Cette question-l\u00e0, je la pose \u00e0 tout le monde. Je sais bien qu\u2019il y a beaucoup de gens qui sont candidats. On verra le moment venu.\u00a0\u00bb<\/p>\n","protected":false},"excerpt":{"rendered":"Vous avez \u00e9t\u00e9 r\u00e9\u00e9lu \u00e0 la t\u00eate du Parti socialiste (PS) avec 50,9\u00a0% des voix. Est-ce une victoire&hellip;\n","protected":false},"author":2,"featured_media":174029,"comment_status":"","ping_status":"","sticky":false,"template":"","format":"standard","meta":{"footnotes":""},"categories":[9635],"tags":[1111,11,1777,674,107,1011,27,329,775,1702,12,3541,316,25],"class_list":{"0":"post-174028","1":"post","2":"type-post","3":"status-publish","4":"format-standard","5":"has-post-thumbnail","7":"category-nancy","8":"tag-actu","9":"tag-actualites","10":"tag-eu","11":"tag-europe","12":"tag-fil-info","13":"tag-fr","14":"tag-france","15":"tag-france-monde","16":"tag-grand-est","17":"tag-nancy","18":"tag-news","19":"tag-parti-socialiste","20":"tag-politique","21":"tag-republique-francaise"},"share_on_mastodon":{"url":"https:\/\/pubeurope.com\/@fr\/114677569584337519","error":""},"_links":{"self":[{"href":"https:\/\/www.europesays.com\/fr\/wp-json\/wp\/v2\/posts\/174028","targetHints":{"allow":["GET"]}}],"collection":[{"href":"https:\/\/www.europesays.com\/fr\/wp-json\/wp\/v2\/posts"}],"about":[{"href":"https:\/\/www.europesays.com\/fr\/wp-json\/wp\/v2\/types\/post"}],"author":[{"embeddable":true,"href":"https:\/\/www.europesays.com\/fr\/wp-json\/wp\/v2\/users\/2"}],"replies":[{"embeddable":true,"href":"https:\/\/www.europesays.com\/fr\/wp-json\/wp\/v2\/comments?post=174028"}],"version-history":[{"count":0,"href":"https:\/\/www.europesays.com\/fr\/wp-json\/wp\/v2\/posts\/174028\/revisions"}],"wp:featuredmedia":[{"embeddable":true,"href":"https:\/\/www.europesays.com\/fr\/wp-json\/wp\/v2\/media\/174029"}],"wp:attachment":[{"href":"https:\/\/www.europesays.com\/fr\/wp-json\/wp\/v2\/media?parent=174028"}],"wp:term":[{"taxonomy":"category","embeddable":true,"href":"https:\/\/www.europesays.com\/fr\/wp-json\/wp\/v2\/categories?post=174028"},{"taxonomy":"post_tag","embeddable":true,"href":"https:\/\/www.europesays.com\/fr\/wp-json\/wp\/v2\/tags?post=174028"}],"curies":[{"name":"wp","href":"https:\/\/api.w.org\/{rel}","templated":true}]}}