{"id":174031,"date":"2025-06-13T18:54:09","date_gmt":"2025-06-13T18:54:09","guid":{"rendered":"https:\/\/www.europesays.com\/fr\/174031\/"},"modified":"2025-06-13T18:54:09","modified_gmt":"2025-06-13T18:54:09","slug":"a-toulon-pres-de-400-000-euros-davoirs-confisques-a-une-famille-condamnee-pour-des-fraudes","status":"publish","type":"post","link":"https:\/\/www.europesays.com\/fr\/174031\/","title":{"rendered":"\u00c0 Toulon, pr\u00e8s de 400.000 euros d\u2019avoirs confisqu\u00e9s \u00e0 une famille condamn\u00e9e pour des fraudes"},"content":{"rendered":"<p>Le bolide stationn\u00e9 au pied du palais de justice de Toulon a fait sensation ce vendredi apr\u00e8s-midi. Le vice-procureur Eric Moretti qui agite la cl\u00e9 de contact aurait-il gagn\u00e9 au Loto?<\/p>\n<p>Non, cette Maserati d\u2019un rouge flamboyant fait partie des avoirs confisqu\u00e9s dans la matin\u00e9e par le tribunal correctionnel dans une affaire de vente de contrefa\u00e7ons, de fraudes sociales et de blanchiment.<\/p>\n<p>Le message v\u00e9hicul\u00e9 par cette op\u00e9ration de communication est limpide: \u00ab\u00a0Quand on fraude, on est puni et nous r\u00e9cup\u00e9rons le produit des infractions\u00a0\u00bb, r\u00e9sume le magistrat. \u00ab\u00a0Le garde des Sceaux a donn\u00e9 des directives, nous devons saisir le maximum d\u2019avoirs criminels [ou d\u00e9lictuels].\u00a0\u00bb<\/p>\n<p>La luxueuse voiture qui a attir\u00e9 les cam\u00e9ras et les appareils photos appartenait jusqu\u2019au prononc\u00e9 du jugement \u00e0 une fonctionnaire de la mairie de Signes.<\/p>\n<p>L\u2019histoire ne dit pas si elle se rendait sur son lieu de travail avec un autre v\u00e9hicule \u00e0 son nom, un Porsche Cayenne, \u00e9galement confisqu\u00e9.<\/p>\n<p>Elle a \u00e9t\u00e9 condamn\u00e9e \u00e0 six mois de prison avec sursis pour sa participation \u00e0 un business familial illicite.<\/p>\n<p>\u00ab\u00a0Un syst\u00e8me de fraudes sociales\u00a0\u00bb<\/p>\n<p>Les investigations de la brigade de gendarmerie de La Farl\u00e8de avaient d\u00e9but\u00e9 en juillet 2023 \u00e0 la suite d\u2019un contr\u00f4le sur un march\u00e9 \u00e0 Solli\u00e8s-Pont. \u00a0\u00bb Au-del\u00e0 de l\u2019importation de v\u00eatements de marques contrefaites, c\u2019est tout un syst\u00e8me de fraude sociale qui a \u00e9t\u00e9 mis au jour\u00a0\u00bb, r\u00e9sume un gendarme. La marchandise provenait d\u2019Italie et de Turquie.<\/p>\n<p>L\u2019\u00e9poux de la fonctionnaire territoriale a \u00e9t\u00e9 condamn\u00e9 \u00e0 dix-huit mois de prison avec sursis et le fils de celui-ci \u00e0 une peine de douze mois \u00e9galement assortie d\u2019un sursis.<\/p>\n<p>              <img ci-src=\"https:\/\/www.varmatin.com\/justice\/protec\/DATA_ART_15713923-xYQXdwx2.jpg?vh=841005&amp;ci_seal=dd23d68cac\" alt=\"\"\/><br \/>\n        Le vice-procureur Eric Moretti a tenu \u00e0 faire passer un message de fermet\u00e9 vis-\u00e0-vis des auteurs de fraudes.&#13;<br \/>\nPhoto Camille Dodet <strong>Photo Camille Dodet.<\/strong> <\/p>\n<p>En plus de vendre des produits contrefaits sur \u00a0\u00bb diff\u00e9rents march\u00e9s de la r\u00e9gion\u00a0\u00bb, les deux hommes ont dissimul\u00e9 une partie de leurs activit\u00e9s.<\/p>\n<p>Le duo \u00e9cope en outre d\u2019une peine d\u2019interdiction d\u2019exercer une activit\u00e9 en lien avec la vente ambulante pendant cinq ans. Le tribunal a ordonn\u00e9 l\u2019affichage de sa d\u00e9cision dans les locaux de la Caisse d\u2019allocations familiales (Caf).<\/p>\n<p>\u00ab\u00a0Un jugement \u00e0 la hauteur de la gravit\u00e9 des faits\u00a0\u00bb, applaudit une source proche de l\u2019enqu\u00eate. \u00a0\u00bb Ils vivaient dans l\u2019opulence.\u00a0\u00bb<\/p>\n<p>Jusqu\u2019\u00e0 un million d\u2019euros de profits<\/p>\n<p>En additionnant les montants estim\u00e9s des pr\u00e9judices caus\u00e9s aux organismes sociaux (Urssaf, Caf et Assurance-maladie) et \u00e0 une trentaine de marques (Dior, Herm\u00e8s, Hugo Boss, Lacoste, Versace, etc.), les profits seraient compris \u00a0\u00bb entre 600.000 et un million d\u2019euros sur deux ou trois ans\u00a0\u00bb. De quoi offrir un joli train de vie (voyages, etc.) \u00e0 cette famille du Castellet.<\/p>\n<p>L\u2019enjeu dans ce type d\u2019affaires, c\u2019est \u00a0\u00bb d\u2019intervenir t\u00f4t, sinon les gens organisent leur insolvabilit\u00e9\u00a0\u00bb, pr\u00e9cise Eric Moretti. Dans ce dossier, \u00ab\u00a0un petit groupe de gendarmes sp\u00e9cialis\u00e9s dans [ce type d\u2019infractions] mis en place par le groupement d\u00e9partemental de gendarmerie\u00a0\u00bb a permis cette v\u00e9locit\u00e9, salue le vice-procureur en pr\u00e9sence du colonel Gr\u00e9gory Goumain.<\/p>\n<p>Aux deux v\u00e9hicules (90.000 euros en valeur cumul\u00e9e) expos\u00e9s sur le parvis du palais de justice, s\u2019ajoutent ainsi un v\u00e9hicule utilitaire (10.000 euros), des bijoux, 40.000 euros en esp\u00e8ces et 253.000 euros saisis sur des comptes bancaires.<\/p>\n<p>Autant d\u2019avoir gel\u00e9s dans un premier temps et confisqu\u00e9s ce vendredi. De quoi r\u00e9cup\u00e9rer pr\u00e8s de 400.000 euros.<\/p>\n<p>Les pr\u00e9venus ont dix jours pour faire appel.<\/p>\n","protected":false},"excerpt":{"rendered":"Le bolide stationn\u00e9 au pied du palais de justice de Toulon a fait sensation ce vendredi apr\u00e8s-midi. Le&hellip;\n","protected":false},"author":2,"featured_media":174032,"comment_status":"","ping_status":"","sticky":false,"template":"","format":"standard","meta":{"footnotes":""},"categories":[9619],"tags":[1111,11,1777,674,118,1011,27,303,12,882,25,2310],"class_list":{"0":"post-174031","1":"post","2":"type-post","3":"status-publish","4":"format-standard","5":"has-post-thumbnail","7":"category-toulon","8":"tag-actu","9":"tag-actualites","10":"tag-eu","11":"tag-europe","12":"tag-faits-divers","13":"tag-fr","14":"tag-france","15":"tag-justice","16":"tag-news","17":"tag-provence-alpes-cote-dazur","18":"tag-republique-francaise","19":"tag-toulon"},"share_on_mastodon":{"url":"https:\/\/pubeurope.com\/@fr\/114677577440025177","error":""},"_links":{"self":[{"href":"https:\/\/www.europesays.com\/fr\/wp-json\/wp\/v2\/posts\/174031","targetHints":{"allow":["GET"]}}],"collection":[{"href":"https:\/\/www.europesays.com\/fr\/wp-json\/wp\/v2\/posts"}],"about":[{"href":"https:\/\/www.europesays.com\/fr\/wp-json\/wp\/v2\/types\/post"}],"author":[{"embeddable":true,"href":"https:\/\/www.europesays.com\/fr\/wp-json\/wp\/v2\/users\/2"}],"replies":[{"embeddable":true,"href":"https:\/\/www.europesays.com\/fr\/wp-json\/wp\/v2\/comments?post=174031"}],"version-history":[{"count":0,"href":"https:\/\/www.europesays.com\/fr\/wp-json\/wp\/v2\/posts\/174031\/revisions"}],"wp:featuredmedia":[{"embeddable":true,"href":"https:\/\/www.europesays.com\/fr\/wp-json\/wp\/v2\/media\/174032"}],"wp:attachment":[{"href":"https:\/\/www.europesays.com\/fr\/wp-json\/wp\/v2\/media?parent=174031"}],"wp:term":[{"taxonomy":"category","embeddable":true,"href":"https:\/\/www.europesays.com\/fr\/wp-json\/wp\/v2\/categories?post=174031"},{"taxonomy":"post_tag","embeddable":true,"href":"https:\/\/www.europesays.com\/fr\/wp-json\/wp\/v2\/tags?post=174031"}],"curies":[{"name":"wp","href":"https:\/\/api.w.org\/{rel}","templated":true}]}}