{"id":174039,"date":"2025-06-13T18:58:08","date_gmt":"2025-06-13T18:58:08","guid":{"rendered":"https:\/\/www.europesays.com\/fr\/174039\/"},"modified":"2025-06-13T18:58:08","modified_gmt":"2025-06-13T18:58:08","slug":"vide-greniers-brocante-voici-le-programme-pour-ce-week-end-en-seine-maritime","status":"publish","type":"post","link":"https:\/\/www.europesays.com\/fr\/174039\/","title":{"rendered":"Vide-greniers, brocante&#8230; Voici le programme pour ce week-end en Seine-Maritime"},"content":{"rendered":"<p>            Par<br \/>\n        <strong><br \/>\n            <a href=\"https:\/\/actu.fr\/auteur\/vanessa-leroy\" title=\"Consulter tous les articles de Vanessa Leroy\" rel=\"nofollow noopener\" target=\"_blank\">Vanessa Leroy<\/a><br \/>\n        <\/strong><\/p>\n<p>        Publi\u00e9 le<\/p>\n<p>            13 juin 2025 \u00e0 20h42        <\/p>\n<p>Il y a de nombreux <strong>vide-greniers, foires \u00e0 tout et brocantes<\/strong> organis\u00e9s ce week-end du <strong>samedi 14 et du dimanche 15 juin 2025<\/strong> en <a href=\"https:\/\/actu.fr\/76actu\/\" rel=\"nofollow noopener\" target=\"_blank\">Seine-Maritime<\/a>. Voici une liste non exhaustive des rendez-vous propos\u00e9s dans le d\u00e9partement pendant ces deux jours.<\/p>\n<p>Les foires \u00e0 tout du samedi<\/p>\n<ul class=\" wall-content\">\n<li><strong>Cauville-sur-Mer<\/strong> : vente couture et brocante, \u00e0 Emma\u00fcs, 8 bis rue du Tronquay, de 14h \u00e0 17h30. Entr\u00e9e gratuite.<\/li>\n<li><strong>Darn\u00e9tal<\/strong> : foire \u00e0 tout rue Louis-Pasteur, de 6h \u00e0 18h. de 50 \u00e0 100 exposants. Entr\u00e9e gratuite.<\/li>\n<li><strong>Dieppe<\/strong> : foire aux livres et disques, salle des Congr\u00e8s, de 9h \u00e0 17h. Moins de 50 exposants. Entr\u00e9e gratuite.<\/li>\n<li><strong>Oissel<\/strong> : foire \u00e0 tout, centre-ville, de 8h \u00e0 18h. De 200 \u00e0 300 exposants. Entr\u00e9e gratuite.<\/li>\n<li><strong>Sotteville-l\u00e8s-Rouen<\/strong> : braderie du Secours populaire, 24 rue Lazare-Hoche, de 10h \u00e0 15h. Entr\u00e9e gratuite.<\/li>\n<li><strong>Tourville-la-Rivi\u00e8re<\/strong> : foire \u00e0 tout solidaire sur le parking d\u2019Ikea, de 9h45 \u00e0 17h. De 50 \u00e0 100 exposants. Entr\u00e9e gratuite.<\/li>\n<li><strong>Yvecrique<\/strong> : foire \u00e0 tout, stade de foot, de 10h \u00e0 22h. Moins de 50 exposants. Entr\u00e9e gratuite.<\/li>\n<\/ul>\n<p>Les foires \u00e0 tout du dimanche<\/p>\n<ul class=\" wall-content\">\n<li><strong>Auffay<\/strong> : foire \u00e0 tout des pompiers, parking de la gare, de 6h \u00e0 19h. De 200 \u00e0 300 exposants. Entr\u00e9e gratuite.<\/li>\n<li><strong>Beauval-en-Caux<\/strong> : vide-greniers, \u00e9cole maternelle, de 7h \u00e0 18h. De 50 \u00e0 100 exposants. Entr\u00e9e gratuite.<\/li>\n<li><strong>Bihorel<\/strong> : vide-greniers de l\u2019hippodrome, de 8h30 \u00e0 17h30. De 100 \u00e0 200 exposants. Entr\u00e9e gratuite.<\/li>\n<li><strong>Bois-Guilbert<\/strong> : foire \u00e0 tout parking de la salle des f\u00eates, de 7h \u00e0 18h. Moins de 50 exposants. Entr\u00e9e gratuite.<\/li>\n<li><strong>Boos<\/strong> : foire \u00e0 tout, rue \u00c9tienne-Achavanne et dans les rues adjacentes, de 8h \u00e0 18h. De 100 \u00e0 200 exposants. Entr\u00e9e gratuite.<\/li>\n<li><strong>Critot<\/strong> : vide-greniers, atelier municipal, de 7h \u00e0 17h30. Moins de 50 exposants. Entr\u00e9e<br \/>gratuite.<\/li>\n<li><strong>Dampierre-en-Bray<\/strong> : bourse aux jouets et pu\u00e9riculture, 40 rue Chouquet,<br \/>de 9h \u00e0 17h. Moins de 50 exposants. Entr\u00e9e gratuite.<\/li>\n<li><strong>Dieppe<\/strong> : foire aux livres et disques, salle des Congr\u00e8s, de 9h \u00e0 17h. Moins de 50 exposants. Entr\u00e9e gratuite.<\/li>\n<li><strong>Epouville<\/strong> : vide-greniers du club de foot, parking de l\u2019\u00e9cole pr\u00e8s de la gare, de 7h00 \u00e0 17h. De 200 \u00e0 300 exposants. Entr\u00e9e : 1 euro.<\/li>\n<li><strong>Flamanville<\/strong> : vide-greniers, terrain de loisirs, de 7h \u00e0 17h. Moins de 50 exposants. Entr\u00e9e gratuite.<\/li>\n<li><strong>Forges-les-Eaux<\/strong> : vide-greniers et brocante, mairie et \u00e9cole, de 6h30 \u00e0 18h. De 50\u00a0 \u00e0100 exposants. Entr\u00e9e gratuite.<\/li>\n<li><strong>Freneuse<\/strong> : foire \u00e0 tout, place des Saules, de 8h30 \u00e0 17h, de 50 \u00e0 100 exposants. Entr\u00e9e gratuite.<\/li>\n<li><strong>Fresles<\/strong> : vide-greniers, salle des f\u00eates de la mairie, de 6h30 \u00e0 18h. Moins de 50 exposants. Entr\u00e9e gratuite.<\/li>\n<li><strong>Fresquiennes<\/strong> : foire \u00e0 tout, stade de foot, de 8h \u00e0 18h. De 50 \u00e0 100 exposants. Entr\u00e9e gratuite.<\/li>\n<li><strong>Gonfreville-l\u2019Orcher<\/strong> : vide-greniers de la rue Jacques-Duclos, de 6h \u00e0 18h. De 100 \u00e0 200 exposants. Entr\u00e9e gratuite.<\/li>\n<li><strong>Grand-Couronne<\/strong> : foire \u00e0 tout, avenue du G\u00e9n\u00e9ral Leclerc, de 6h \u00e0 18h. De 200 \u00e0 300 exposants. Entr\u00e9e gratuite.<\/li>\n<li><strong>Harfleur<\/strong> : vide-greniers de l\u2019amicale sportive Harfleur Beaulieu, \u00e9cole Andr\u00e9-Gide, de 8h \u00e0 18h. De 50 \u00e0 100 exposants. Entr\u00e9e : 1 euro.<\/li>\n<li><strong>Houppeville<\/strong> : foire \u00e0 tout, place du Vivier, de 7h \u00e0 18h. De 100 \u00e0 200 exposants. Entr\u00e9e gratuite.<\/li>\n<li><strong>Le Havre<\/strong> : vide-greniers des scouts, 50 chemin de la Clairi\u00e8re, de 8h \u00e0 17h. De 50 \u00e0 100 exposants. Entr\u00e9e : 1 euro.<\/li>\n<li><strong>Le Havre<\/strong> : vide-greniers, impasse Liard, de 8h \u00e0 17h30. Moins de 50 exposants. Entr\u00e9e gratuite.<\/li>\n<li><strong>Le Havre<\/strong> : vide-greniers place du Champ de foire, de 8h \u00e0 17h. De 100 \u00e0 200 exposants. Entr\u00e9e : 1 euro.<\/li>\n<li><strong>Le Havre<\/strong> : vide-greniers, salle des f\u00eates de Caucriauville, de 9h \u00e0 17h30. Moins de 50 exposants. Entr\u00e9e : 1 euro.<\/li>\n<li><strong>Manneville-la-Goupil<\/strong> : vide-greniers de l\u2019association Main dans la main, terrain de football, de 8h \u00e0 18h. De 50 \u00e0 100 exposants. Entr\u00e9e : 1 euro.<\/li>\n<li><strong>Maromme<\/strong> : foire \u00e0 tout, \u00e9cole rue Gustave-Flaubert, de 5h30 \u00e0 17h30. Moins de 50 exposants. Entr\u00e9e gratuite.<\/li>\n<li><strong>Mont-Saint-Aignan<\/strong> : foire \u00e0 tout, 11 bis rue de l\u2019\u00c9glise, de 6h30 \u00e0 18h. De 100 \u00e0 200 exposants. Entr\u00e9e gratuite.<\/li>\n<li><strong>Rives-en-Seine<\/strong> : bourse aux livres, CD, DVD, jeux, quai Victor-Hugo et Saint-L\u00e9ger, de 10h \u00e0 18h. Moins de 50 exposants. Entr\u00e9e gratuite.<\/li>\n<li><strong>Rouen<\/strong> : vide-greniers, rue Louis-Poterat, de 6h \u00e0 17h30. Plus de 300 exposants. Entr\u00e9e gratuite.<\/li>\n<li><strong>Rouxmesnil-Bouteilles<\/strong> : foire \u00e0 tout, terrain de foot am\u00e9ricain, de 8h \u00e0 18h. De 100 \u00e0 200 exposants. Entr\u00e9e gratuite.<\/li>\n<li><strong>Saint-Nicolas-d\u2019Aliermont<\/strong> : vide-greniers, stade des Canadiens, de 7h \u00e0 18h. DSe 1\u00e0\u00e0 \u00e0 200 exposants. Entr\u00e9e gratuite.<\/li>\n<li><strong>Saint-Pierre-le-Viger<\/strong> : foire \u00e0 tout. Entr\u00e9e gratuite.<\/li>\n<li><strong>Sainte-Austreberthe<\/strong> : foire \u00e0 tout, stade de foot, de 7h \u00e0 17h. De 50 \u00e0 100 exposants. Entr\u00e9e gratuite.<\/li>\n<li><strong>Yvetot<\/strong> : foire \u00e0 tout, champ de foire, de 6h30 \u00e0 18h. De 100 \u00e0 200 exposants. Entr\u00e9e gratuite.<\/li>\n<\/ul>\n<p>Vous souhaitez annoncer un \u00e9v\u00e9nement festif ou associatif, une initiative locale ? Rendez-vous sur notre plateforme <a href=\"https:\/\/www.infolocale.fr\/decouvrir\/actu\/\" rel=\"nofollow noopener\" target=\"_blank\">Infolocale<\/a>.Vid\u00e9os : en ce moment sur Actu<\/p>\n<p class=\" wall-content\">Suivez toute l\u2019actualit\u00e9 de vos villes et m\u00e9dias favoris en vous inscrivant \u00e0 <a href=\"https:\/\/moncompte.actu.fr\" title=\"D\u00e9couvez Mon Actu\" rel=\"nofollow noopener\" data-trk=\"{&quot;cta&quot;:{&quot;action&quot;:&quot;https:\\\/\\\/moncompte.actu.fr&quot;,&quot;category&quot;:&quot;mon compte&quot;,&quot;from&quot;:&quot;article footer&quot;,&quot;name&quot;:&quot;Mon actu&quot;,&quot;type&quot;:&quot;cta&quot;}}\" target=\"_blank\">Mon Actu<\/a>.<\/p>\n","protected":false},"excerpt":{"rendered":"Par Vanessa Leroy Publi\u00e9 le 13 juin 2025 \u00e0 20h42 Il y a de nombreux vide-greniers, foires \u00e0&hellip;\n","protected":false},"author":2,"featured_media":174040,"comment_status":"","ping_status":"","sticky":false,"template":"","format":"standard","meta":{"footnotes":""},"categories":[9587],"tags":[1111,11,6961,1777,674,10087,1011,27,1652,12,5161,25,9590,3365],"class_list":{"0":"post-174039","1":"post","2":"type-post","3":"status-publish","4":"format-standard","5":"has-post-thumbnail","7":"category-rouen","8":"tag-actu","9":"tag-actualites","10":"tag-brocante","11":"tag-eu","12":"tag-europe","13":"tag-foires-a-tout","14":"tag-fr","15":"tag-france","16":"tag-loisirs-culture","17":"tag-news","18":"tag-normandie","19":"tag-republique-francaise","20":"tag-rouen","21":"tag-vide-greniers"},"share_on_mastodon":{"url":"https:\/\/pubeurope.com\/@fr\/114677593095667729","error":""},"_links":{"self":[{"href":"https:\/\/www.europesays.com\/fr\/wp-json\/wp\/v2\/posts\/174039","targetHints":{"allow":["GET"]}}],"collection":[{"href":"https:\/\/www.europesays.com\/fr\/wp-json\/wp\/v2\/posts"}],"about":[{"href":"https:\/\/www.europesays.com\/fr\/wp-json\/wp\/v2\/types\/post"}],"author":[{"embeddable":true,"href":"https:\/\/www.europesays.com\/fr\/wp-json\/wp\/v2\/users\/2"}],"replies":[{"embeddable":true,"href":"https:\/\/www.europesays.com\/fr\/wp-json\/wp\/v2\/comments?post=174039"}],"version-history":[{"count":0,"href":"https:\/\/www.europesays.com\/fr\/wp-json\/wp\/v2\/posts\/174039\/revisions"}],"wp:featuredmedia":[{"embeddable":true,"href":"https:\/\/www.europesays.com\/fr\/wp-json\/wp\/v2\/media\/174040"}],"wp:attachment":[{"href":"https:\/\/www.europesays.com\/fr\/wp-json\/wp\/v2\/media?parent=174039"}],"wp:term":[{"taxonomy":"category","embeddable":true,"href":"https:\/\/www.europesays.com\/fr\/wp-json\/wp\/v2\/categories?post=174039"},{"taxonomy":"post_tag","embeddable":true,"href":"https:\/\/www.europesays.com\/fr\/wp-json\/wp\/v2\/tags?post=174039"}],"curies":[{"name":"wp","href":"https:\/\/api.w.org\/{rel}","templated":true}]}}