{"id":174041,"date":"2025-06-13T19:01:16","date_gmt":"2025-06-13T19:01:16","guid":{"rendered":"https:\/\/www.europesays.com\/fr\/174041\/"},"modified":"2025-06-13T19:01:16","modified_gmt":"2025-06-13T19:01:16","slug":"echirolles-trois-pietons-legerement-blesses-apres-une-collision-avec-une-voiture","status":"publish","type":"post","link":"https:\/\/www.europesays.com\/fr\/174041\/","title":{"rendered":"\u00c9chirolles. Trois pi\u00e9tons l\u00e9g\u00e8rement bless\u00e9s apr\u00e8s une collision avec une voiture"},"content":{"rendered":"<p>Trois pi\u00e9tons ont \u00e9t\u00e9 l\u00e9g\u00e8rement bless\u00e9s ce vendredi 13\u00a0juin, \u00e0 \u00c9chirolles, apr\u00e8s une collision avec un v\u00e9hicule, qui roulait \u00e0 faible vitesse, d\u2019apr\u00e8s les informations du  Dauphin\u00e9 Lib\u00e9r\u00e9. Pour une raison encore ind\u00e9termin\u00e9e le conducteur de la voiture aurait percut\u00e9 trois personnes qui se trouvaient sur l\u2019avenue du G\u00e9n\u00e9ral-de-Gaulle. Les sapeurs-pompiers ont re\u00e7u l\u2019alerte vers 18\u00a0h\u00a010 et se sont rapidement rendus sur place pour prendre en charge les victimes. Elles ont \u00e9t\u00e9 transport\u00e9es au CHU Grenoble Alpes.<\/p>\n","protected":false},"excerpt":{"rendered":"Trois pi\u00e9tons ont \u00e9t\u00e9 l\u00e9g\u00e8rement bless\u00e9s ce vendredi 13\u00a0juin, \u00e0 \u00c9chirolles, apr\u00e8s une collision avec un v\u00e9hicule, qui&hellip;\n","protected":false},"author":2,"featured_media":174042,"comment_status":"","ping_status":"","sticky":false,"template":"","format":"standard","meta":{"footnotes":""},"categories":[9566],"tags":[119,1111,11,2430,9852,9853,112,1777,674,274,1011,27,2731,108,12,25],"class_list":{"0":"post-174041","1":"post","2":"type-post","3":"status-publish","4":"format-standard","5":"has-post-thumbnail","7":"category-grenoble","8":"tag-accident","9":"tag-actu","10":"tag-actualites","11":"tag-auvergne-rhone-alpes","12":"tag-echirolles","13":"tag-echirolles-bassin","14":"tag-edition-grenoble-agglomeration","15":"tag-eu","16":"tag-europe","17":"tag-faits-divers-justice","18":"tag-fr","19":"tag-france","20":"tag-grenoble","21":"tag-isere","22":"tag-news","23":"tag-republique-francaise"},"share_on_mastodon":{"url":"https:\/\/pubeurope.com\/@fr\/114677604877779396","error":""},"_links":{"self":[{"href":"https:\/\/www.europesays.com\/fr\/wp-json\/wp\/v2\/posts\/174041","targetHints":{"allow":["GET"]}}],"collection":[{"href":"https:\/\/www.europesays.com\/fr\/wp-json\/wp\/v2\/posts"}],"about":[{"href":"https:\/\/www.europesays.com\/fr\/wp-json\/wp\/v2\/types\/post"}],"author":[{"embeddable":true,"href":"https:\/\/www.europesays.com\/fr\/wp-json\/wp\/v2\/users\/2"}],"replies":[{"embeddable":true,"href":"https:\/\/www.europesays.com\/fr\/wp-json\/wp\/v2\/comments?post=174041"}],"version-history":[{"count":0,"href":"https:\/\/www.europesays.com\/fr\/wp-json\/wp\/v2\/posts\/174041\/revisions"}],"wp:featuredmedia":[{"embeddable":true,"href":"https:\/\/www.europesays.com\/fr\/wp-json\/wp\/v2\/media\/174042"}],"wp:attachment":[{"href":"https:\/\/www.europesays.com\/fr\/wp-json\/wp\/v2\/media?parent=174041"}],"wp:term":[{"taxonomy":"category","embeddable":true,"href":"https:\/\/www.europesays.com\/fr\/wp-json\/wp\/v2\/categories?post=174041"},{"taxonomy":"post_tag","embeddable":true,"href":"https:\/\/www.europesays.com\/fr\/wp-json\/wp\/v2\/tags?post=174041"}],"curies":[{"name":"wp","href":"https:\/\/api.w.org\/{rel}","templated":true}]}}