{"id":174057,"date":"2025-06-13T19:09:12","date_gmt":"2025-06-13T19:09:12","guid":{"rendered":"https:\/\/www.europesays.com\/fr\/174057\/"},"modified":"2025-06-13T19:09:12","modified_gmt":"2025-06-13T19:09:12","slug":"decouvrez-le-programme-de-la-marche-des-fiertes-ce-samedi-14-juin-a-nantes","status":"publish","type":"post","link":"https:\/\/www.europesays.com\/fr\/174057\/","title":{"rendered":"D\u00e9couvrez le programme de la Marche des fiert\u00e9s, ce samedi 14\u00a0juin, \u00e0 Nantes"},"content":{"rendered":"<p>Pr\u00e8s de 20\u00a0000\u00a0personnes sont attendues, ce samedi 14\u00a0juin, dans les rues de Nantes pour de la Marche des fiert\u00e9s, <a href=\"https:\/\/nantes.maville.com\/actu\/actudet_-a-nantes-la-marche-des-fiertes-2025-veut-mettre-en-lumiere-les-personnes-lgbt-racisees-_52716-6798026_actu.Htm\" target=\"_self\" rel=\"noopener\">plac\u00e9e cette ann\u00e9e sous le signe\u00a0de la visibilit\u00e9 des personnes LGBT +\u00a0racis\u00e9es<\/a>. Pour cette nouvelle \u00e9dition, l\u2019association Nosig a concoct\u00e9 un programme riche, permettant \u00e0 toutes et tous de prendre part \u00e0 cet \u00e9v\u00e8nement aussi revendicatif que festif. D\u00e8s 11\u00a0h, les participants sont invit\u00e9s \u00e0 se rendre au village associatif, install\u00e9 cours Saint-Andr\u00e9. De nombreuses associations &#8211; dont Aides, SOS Homophobie, Divine and the queens, Contact 44\u00a0&#8211; y seront pr\u00e9sentes. Le village restera ouvert jusque 19\u00a0h.<\/p>\n<p>Apr\u00e8s ces premi\u00e8res r\u00e9jouissances, la marche s\u2019\u00e9lancera, \u00e0 14\u00a0h, de la place Mar\u00e9chal-Foch. De nombreux chars devraient accompagner la d\u00e9ambulation dans les rues de la cit\u00e9 des ducs. Si celle-ci doit se terminer aux alentours de 17\u00a0h\u00a030, l\u2019\u00e9v\u00e8nement sera, lui, loin d\u2019\u00eatre termin\u00e9. D\u00e8s 20\u00a0h, place \u00e0 l\u2019after-pride dans une vingtaine de bars en collaboration avec le collectif Culture bar-bars. Enfin, pour les plus motiv\u00e9s, le Warehouse sera le th\u00e9\u00e2tre d\u2019une soir\u00e9e tout en musique et en drag shows jusqu\u2019au bout de la nuit.<\/p>\n<p><strong>Informations pratiques<\/strong> (village associatif, parcours, liste des bars\u2026) <a href=\"https:\/\/www.nosig.fr\/page\/2393804-agenda-de-la-semaine\" target=\"_self\" rel=\"noopener\">sur le site de l\u2019association Nosig<\/a>.<\/p>\n<p>\u00a0<\/p>\n","protected":false},"excerpt":{"rendered":"Pr\u00e8s de 20\u00a0000\u00a0personnes sont attendues, ce samedi 14\u00a0juin, dans les rues de Nantes pour de la Marche des&hellip;\n","protected":false},"author":2,"featured_media":174058,"comment_status":"","ping_status":"","sticky":false,"template":"","format":"standard","meta":{"footnotes":""},"categories":[2818],"tags":[5659,1111,11,3474,1777,674,11136,1011,27,3687,2089,766,12,2636,5240,25,3982],"class_list":{"0":"post-174057","1":"post","2":"type-post","3":"status-publish","4":"format-standard","5":"has-post-thumbnail","7":"category-nantes","8":"tag-5659","9":"tag-actu","10":"tag-actualites","11":"tag-decouvrez","12":"tag-eu","13":"tag-europe","14":"tag-fiertes","15":"tag-fr","16":"tag-france","17":"tag-juin","18":"tag-marche","19":"tag-nantes","20":"tag-news","21":"tag-pays-de-la-loire","22":"tag-programme","23":"tag-republique-francaise","24":"tag-samedi"},"share_on_mastodon":{"url":"https:\/\/pubeurope.com\/@fr\/114677636434460866","error":""},"_links":{"self":[{"href":"https:\/\/www.europesays.com\/fr\/wp-json\/wp\/v2\/posts\/174057","targetHints":{"allow":["GET"]}}],"collection":[{"href":"https:\/\/www.europesays.com\/fr\/wp-json\/wp\/v2\/posts"}],"about":[{"href":"https:\/\/www.europesays.com\/fr\/wp-json\/wp\/v2\/types\/post"}],"author":[{"embeddable":true,"href":"https:\/\/www.europesays.com\/fr\/wp-json\/wp\/v2\/users\/2"}],"replies":[{"embeddable":true,"href":"https:\/\/www.europesays.com\/fr\/wp-json\/wp\/v2\/comments?post=174057"}],"version-history":[{"count":0,"href":"https:\/\/www.europesays.com\/fr\/wp-json\/wp\/v2\/posts\/174057\/revisions"}],"wp:featuredmedia":[{"embeddable":true,"href":"https:\/\/www.europesays.com\/fr\/wp-json\/wp\/v2\/media\/174058"}],"wp:attachment":[{"href":"https:\/\/www.europesays.com\/fr\/wp-json\/wp\/v2\/media?parent=174057"}],"wp:term":[{"taxonomy":"category","embeddable":true,"href":"https:\/\/www.europesays.com\/fr\/wp-json\/wp\/v2\/categories?post=174057"},{"taxonomy":"post_tag","embeddable":true,"href":"https:\/\/www.europesays.com\/fr\/wp-json\/wp\/v2\/tags?post=174057"}],"curies":[{"name":"wp","href":"https:\/\/api.w.org\/{rel}","templated":true}]}}