{"id":174059,"date":"2025-06-13T19:10:27","date_gmt":"2025-06-13T19:10:27","guid":{"rendered":"https:\/\/www.europesays.com\/fr\/174059\/"},"modified":"2025-06-13T19:10:27","modified_gmt":"2025-06-13T19:10:27","slug":"ces-etudiants-de-staps-ont-fonde-une-friperie-sportive-pas-chere","status":"publish","type":"post","link":"https:\/\/www.europesays.com\/fr\/174059\/","title":{"rendered":"ces \u00e9tudiants de STAPS ont fond\u00e9 une friperie sportive pas ch\u00e8re"},"content":{"rendered":"<p>            Par<br \/>\n        <strong><br \/>\n            <a href=\"https:\/\/actu.fr\/auteur\/tristan-mahe-actu-fr\" title=\"Consulter tous les articles de Tristan Mah\u00e9\" target=\"_blank\" rel=\"noopener\">Tristan Mah\u00e9<\/a><br \/>\n        <\/strong><\/p>\n<p>        Publi\u00e9 le<\/p>\n<p>            13 juin 2025 \u00e0 17h57        <\/p>\n<p>Kimonos de judo, chaussons d\u2019escalade, raquettes de badminton, ou simplement habits de sport\u2026<\/p>\n<p class=\" wall-content\">Cr\u00e9\u00e9e fin janvier\u00a02025 par l\u2019<strong>association \u00e9tudiante STAPS de Nantes<\/strong>, la <a href=\"https:\/\/www.instagram.com\/friperie_darnaud\/\" target=\"_blank\" rel=\"noopener\">friperie d\u2019Arnaud<\/a> propose des \u00e9quipements sportifs pour tout le monde.<\/p>\n<p class=\" wall-content\">\u00ab\u2009Notre objectif principal, c\u2019est de <strong>rendre la pratique sportive accessible \u00e0 tous<\/strong>\u2009\u00bb, explique B\u00e9r\u00e9nice, co-pr\u00e9sidente de l\u2019association depuis pr\u00e8s d\u2019un an. Car oui, le projet n\u2019est pas r\u00e9serv\u00e9 qu\u2019aux \u00e9tudiants en <a href=\"https:\/\/lyceens.univ-nantes.fr\/sinformer-sur-les-filieres\/licence-staps-entrainement-sportif\" target=\"_blank\" rel=\"noopener\">STAPS<\/a>.<\/p>\n<p class=\" wall-content\">\u00ab\u2009On a cr\u00e9\u00e9 \u00e7a pour lutter contre la pr\u00e9carit\u00e9 \u00e9tudiante et<strong> \u00e9viter que les \u00e9tudiants d\u00e9pensent des centaines d\u2019euros dans leurs \u00e9quipements en d\u00e9but d\u2019ann\u00e9e<\/strong>\u2009\u00bb, ajoute Julien, membre et futur tr\u00e9sorier de l\u2019association.<\/p>\n<p class=\" wall-content\">Le projet s\u2019inspire du r\u00e9seau d\u2019associations \u00e0 l\u2019\u00e9chelle nationale, qui a d\u00e9j\u00e0 lanc\u00e9 les \u00ab\u2009friperies sport plan\u00e8te\u2009\u00bb. Mais le collectif nantais a souhait\u00e9 lancer son projet ind\u00e9pendamment, et le nommer en r\u00e9f\u00e9rence \u00e0 sa mascotte\u2009: <strong>Arnaud<\/strong>, l\u2019\u00e9l\u00e9phant en peluche qui tr\u00f4ne dans le local.<\/p>\n<p>    <img   decoding=\"async\" loading=\"lazy\" src=\"https:\/\/www.europesays.com\/fr\/wp-content\/uploads\/2025\/06\/friperie-arnaud-elephant-960x640.jpg\" alt=\"Arnaud l'\u00e9l\u00e9phant mascotte occupe le mur de la friperie.\" width=\"960\" height=\"640\"\/><br \/>\n    Arnaud l\u2019\u00e9l\u00e9phant mascotte occupe le mur de la friperie. (\u00a9Tristan Mah\u00e9 \/ actu Nantes)Vid\u00e9os : en ce moment sur Actu\u00ab\u2009Un \u00e9change de bons proc\u00e9d\u00e9s\u2009\u00bb<\/p>\n<p class=\" wall-content\">G\u00e9r\u00e9e par pr\u00e8s de <strong>25 \u00e9tudiants b\u00e9n\u00e9voles<\/strong> et un service civique, l\u2019association a tiss\u00e9 plusieurs <strong>partenariats<\/strong> avec d\u2019autres friperies et structures associatives, pour r\u00e9cup\u00e9rer des dons. \u00ab\u2009C\u2019est un \u00e9change de bons proc\u00e9d\u00e9s\u2009\u00bb, affirme Julien.<\/p>\n<p class=\" wall-content\">La friperie remet ensuite en vente les dons \u00e0 bas prix, comme des raquettes de tennis de table \u00e0 trois euros. L\u2019association pr\u00e9cise que ce ne sont que des \u00e9quipements de <strong>seconde main<\/strong>.<\/p>\n<p>    <img   decoding=\"async\" loading=\"lazy\" src=\"https:\/\/www.europesays.com\/fr\/wp-content\/uploads\/2025\/06\/friperie-sport-kimonos-960x640.jpg\" alt=\"Des v\u00eatements de toutes sortes sont mis \u00e0 disposition pour les \u00e9tudiants.\" width=\"960\" height=\"640\"\/><br \/>\n    Des v\u00eatements de toutes sortes sont mis \u00e0 disposition pour les \u00e9tudiants. (\u00a9Tristan Mah\u00e9 \/ actu Nantes)<\/p>\n<p class=\" wall-content\">\u00ab\u2009Le but n\u2019est pas de se faire de l\u2019argent sur le dos des \u00e9tudiants, d\u00e9taille Julien. Tout est r\u00e9investi dans le mobilier, ou du mat\u00e9riel sportif rachet\u00e9 sur Vinted et revendu encore moins cher.\u2009\u00bb<\/p>\n<p>Dans l\u2019attente de la rentr\u00e9e<\/p>\n<p class=\" wall-content\">De nombreuses initiatives ont \u00e9t\u00e9 mises en place depuis la cr\u00e9ation de la friperie, qui a d\u00e9j\u00e0 accueilli \u00ab\u2009entre 30 et 40\u00a0personnes\u2009\u00bb.<\/p>\n<p class=\" wall-content\">Par exemple, un <strong>bac de collecte<\/strong> a \u00e9t\u00e9 mis en place sur certains \u00e9v\u00e9nements pour r\u00e9colter un maximum d\u2019affaires de seconde main, que les gens d\u00e9posent pendant la journ\u00e9e.<\/p>\n<p>    <img   decoding=\"async\" loading=\"lazy\" src=\"https:\/\/www.europesays.com\/fr\/wp-content\/uploads\/2025\/06\/bac-collecte-vetements-960x640.jpg\" alt=\"Un bac de collecte est mis \u00e0 disposition pour r\u00e9cup\u00e9rer les habits qui ne servent plus pour les proposer en boutique.\" width=\"960\" height=\"640\"\/><br \/>\n    Un bac de collecte est mis \u00e0 disposition pour r\u00e9cup\u00e9rer les habits qui ne servent plus pour les proposer en boutique. (\u00a9Tristan Mah\u00e9 \/ actu Nantes)<\/p>\n<p class=\" wall-content\">Mais ce n\u2019est pas tout\u2009: un syst\u00e8me de fripoints a \u00e9galement \u00e9t\u00e9 mis en place. Il permet de b\u00e9n\u00e9ficier de remises sur ses achats selon le nombre de dons qu\u2019on a fait. L\u2019association a \u00e9galement comme id\u00e9e de faire payer l\u2019entr\u00e9e \u00e0 certains \u00e9v\u00e9nements qu\u2019elle organise avec des habits inutilis\u00e9s plut\u00f4t qu\u2019avec de l\u2019argent.<\/p>\n<p class=\" wall-content\">\u00ab\u2009Mais le d\u00e9fi principal, \u00e7a reste de communiquer dessus\u2009\u00bb, pr\u00e9cise B\u00e9r\u00e9nice. Les membres de l\u2019association attendent donc avec impatience la rentr\u00e9e, pour tester la mobilisation autour du projet.<\/p>\n<p>    <a href=\"https:\/\/www.google.com\/maps\/embed?pb=!1m18!1m12!1m3!1d2708.2034465903284!2d-1.5599924111449843!3d47.251724899999985!2m3!1f0!2f0!3f0!3m2!1i1024!2i768!4f13.1!3m3!1m2!1s0x4805ee7a691311a1%3A0x75c0d96d60284eb9!2sNantes%20Universit%C3%A9%20-%20UFR%20STAPS!5e0!3m2!1sfr!2sfr!4v1749824846052!5m2!1sfr!2sfr\" title=\"Ouvrie le lien\" target=\"_blank\" rel=\"noopener\">Cliquez ici pour visualiser le contenu<\/a><\/p>\n<p>Infos pratiques\u2009:<br \/>UFR STAPS, en face de l\u2019amphi 170<br \/>Ouvert le mercredi et le jeudi, de 11h \u00e0 16h<\/p>\n<p class=\" wall-content\">Suivez toute l\u2019actualit\u00e9 de vos villes et m\u00e9dias favoris en vous inscrivant \u00e0 <a href=\"https:\/\/moncompte.actu.fr\" title=\"D\u00e9couvez Mon Actu\" rel=\"nofollow noopener\" data-trk=\"{&quot;cta&quot;:{&quot;action&quot;:&quot;https:\\\/\\\/moncompte.actu.fr&quot;,&quot;category&quot;:&quot;mon compte&quot;,&quot;from&quot;:&quot;article footer&quot;,&quot;name&quot;:&quot;Mon actu&quot;,&quot;type&quot;:&quot;cta&quot;}}\" target=\"_blank\">Mon Actu<\/a>.<\/p>\n<ul class=\"ac-article-tag wall-content\">\n<li><a href=\"https:\/\/actu.fr\/tag\/precarite-etudiante\" data-trk=\"{&quot;cta&quot;:{&quot;action&quot;:&quot;Pr\\u00e9carit\\u00e9 \\u00e9tudiante&quot;,&quot;category&quot;:&quot;tag&quot;,&quot;from&quot;:&quot;article footer&quot;,&quot;name&quot;:&quot;Pr\\u00e9carit\\u00e9 \\u00e9tudiante&quot;,&quot;type&quot;:&quot;cta&quot;}}\" target=\"_blank\" rel=\"noopener\">#Pr\u00e9carit\u00e9 \u00e9tudiante<\/a><\/li>\n<li><a href=\"https:\/\/actu.fr\/tag\/sport\" data-trk=\"{&quot;cta&quot;:{&quot;action&quot;:&quot;sport&quot;,&quot;category&quot;:&quot;tag&quot;,&quot;from&quot;:&quot;article footer&quot;,&quot;name&quot;:&quot;sport&quot;,&quot;type&quot;:&quot;cta&quot;}}\" target=\"_blank\" rel=\"noopener\">#sport<\/a><\/li>\n<\/ul>\n<p>                    <script async src=\"\/\/www.instagram.com\/embed.js\"><\/script><\/p>\n","protected":false},"excerpt":{"rendered":"Par Tristan Mah\u00e9 Publi\u00e9 le 13 juin 2025 \u00e0 17h57 Kimonos de judo, chaussons d\u2019escalade, raquettes de badminton,&hellip;\n","protected":false},"author":2,"featured_media":174060,"comment_status":"","ping_status":"","sticky":false,"template":"","format":"standard","meta":{"footnotes":""},"categories":[2818],"tags":[1111,11,1777,674,1011,27,766,12,2636,11090,25,104,517],"class_list":{"0":"post-174059","1":"post","2":"type-post","3":"status-publish","4":"format-standard","5":"has-post-thumbnail","7":"category-nantes","8":"tag-actu","9":"tag-actualites","10":"tag-eu","11":"tag-europe","12":"tag-fr","13":"tag-france","14":"tag-nantes","15":"tag-news","16":"tag-pays-de-la-loire","17":"tag-precarite-etudiante","18":"tag-republique-francaise","19":"tag-societe","20":"tag-sport"},"share_on_mastodon":{"url":"https:\/\/pubeurope.com\/@fr\/114677640407162565","error":""},"_links":{"self":[{"href":"https:\/\/www.europesays.com\/fr\/wp-json\/wp\/v2\/posts\/174059","targetHints":{"allow":["GET"]}}],"collection":[{"href":"https:\/\/www.europesays.com\/fr\/wp-json\/wp\/v2\/posts"}],"about":[{"href":"https:\/\/www.europesays.com\/fr\/wp-json\/wp\/v2\/types\/post"}],"author":[{"embeddable":true,"href":"https:\/\/www.europesays.com\/fr\/wp-json\/wp\/v2\/users\/2"}],"replies":[{"embeddable":true,"href":"https:\/\/www.europesays.com\/fr\/wp-json\/wp\/v2\/comments?post=174059"}],"version-history":[{"count":0,"href":"https:\/\/www.europesays.com\/fr\/wp-json\/wp\/v2\/posts\/174059\/revisions"}],"wp:featuredmedia":[{"embeddable":true,"href":"https:\/\/www.europesays.com\/fr\/wp-json\/wp\/v2\/media\/174060"}],"wp:attachment":[{"href":"https:\/\/www.europesays.com\/fr\/wp-json\/wp\/v2\/media?parent=174059"}],"wp:term":[{"taxonomy":"category","embeddable":true,"href":"https:\/\/www.europesays.com\/fr\/wp-json\/wp\/v2\/categories?post=174059"},{"taxonomy":"post_tag","embeddable":true,"href":"https:\/\/www.europesays.com\/fr\/wp-json\/wp\/v2\/tags?post=174059"}],"curies":[{"name":"wp","href":"https:\/\/api.w.org\/{rel}","templated":true}]}}