{"id":174065,"date":"2025-06-13T19:13:10","date_gmt":"2025-06-13T19:13:10","guid":{"rendered":"https:\/\/www.europesays.com\/fr\/174065\/"},"modified":"2025-06-13T19:13:10","modified_gmt":"2025-06-13T19:13:10","slug":"toulouse-stupeur-chez-les-habitants-du-camp-roms-de-la-flambere-obliges-devacuer-le-lieu-ou-irons-nous","status":"publish","type":"post","link":"https:\/\/www.europesays.com\/fr\/174065\/","title":{"rendered":"Toulouse. Stupeur chez les habitants du camp roms de la Flamb\u00e8re, oblig\u00e9s d&rsquo;\u00e9vacuer le lieu : \u00ab\u00a0O\u00f9 irons-nous?\u00a0\u00bb"},"content":{"rendered":"<p>            Par<br \/>\n        <strong><br \/>\n            <a href=\"https:\/\/actu.fr\/auteur\/nina-hossein-zadeh\" title=\"Consulter tous les articles de Nina Hossein-Zadeh\" rel=\"nofollow noopener\" target=\"_blank\">Nina Hossein-Zadeh<\/a><br \/>\n        <\/strong><\/p>\n<p>        Publi\u00e9 le<\/p>\n<p>            13 juin 2025 \u00e0 19h58        <\/p>\n<p>Ils sont 140\u00a0personnes \u00e0 habiter, avec l\u2019autorisation de la Mairie de Toulouse, le terrain vague de la Flamb\u00e8re, \u00e0 proximit\u00e9 du centre commercial de Purpan \u00e0 <a href=\"https:\/\/actu.fr\/toulouse\/\" rel=\"nofollow noopener\" target=\"_blank\"><strong>Toulouse<\/strong><\/a>. Mais depuis le 3\u00a0juin 2025,<a href=\"https:\/\/actu.fr\/occitanie\/toulouse_31555\/installe-depuis-15-ans-a-toulouse-ce-camp-de-roms-va-etre-evacue-sur-ordre-du-tribunal-administratif_62730826.html\" rel=\"nofollow noopener\" target=\"_blank\"> le tribunal administratif de Toulouse a ordonn\u00e9 l\u2019\u00e9vacuation des dizaines de familles qui habitent le camp<\/a>.<\/p>\n<p>Un contrat rompu, des d\u00e9cisions qui questionnent<\/p>\n<p class=\" wall-content\">Apr\u00e8s quinze ans de contrat entre la mairie de Toulouse et les roms pour l\u2019occupation de ce terrain en toute l\u00e9galit\u00e9, la municipalit\u00e9 avait d\u00e9cid\u00e9 l\u2019an pass\u00e9 de le rompre. En cause\u2009?<strong> Des nuisances qui ont pr\u00e9cipit\u00e9, le 31 d\u00e9cembre 2024, la fermeture administrative<\/strong> du camp de Flamb\u00e8re.<\/p>\n<p class=\" wall-content\">\u00ab\u2009Les riverains ne nous veulent plus alors qu\u2019on ne fait rien. La majorit\u00e9 d\u2019entre nous est au travail, les enfants vont \u00e0 l\u2019\u00e9cole. On ne comprend pas, nous, on a grandi ici, la communaut\u00e9 en prend vraiment un coup\u2009\u00bb, confie un habitant rencontr\u00e9 sur place \u00e0 Actu Toulouse.<\/p>\n<p class=\" wall-content\">Apr\u00e8s une premi\u00e8re demande d\u2019\u00e9vacuation, le retour de certaines familles sur le site a pouss\u00e9 la mairie \u00e0 prendre des mesures plus fermes, notamment en saisissant le tribunal administratif qui a statu\u00e9 le 3\u00a0juin dernier en faveur de la Ville. De leur c\u00f4t\u00e9, les habitants du camp de la Flamb\u00e8re s\u2019interrogent sur les d\u00e9cisions prises.<\/p>\n<p>Des familles pas relog\u00e9es<\/p>\n<p class=\" wall-content\">Alors que la Ville de Toulouse pr\u00e9cise vouloir \u00ab\u2009continuer son travail\u2009\u00bb afin de \u00ab\u2009mettre en place une \u00e9valuation sociale de la situation de chacun et explorer les voies d\u2019accompagnement possibles et dignes\u2009\u00bb, le collectif des habitants du terrain d\u00e9nonce un manque d\u2019action.<\/p>\n<p class=\" wall-content\">\u00ab\u2009Contrairement \u00e0 ce qu\u2019affirme la Ville de Toulouse, <strong>tout n\u2019a pas \u00e9t\u00e9 fait pour tous les habitants<\/strong>\u2009\u00bb, \u00e9crivent-ils dans une lettre ouverte, pr\u00e9cisant que \u00ab\u2009la majorit\u00e9 des familles n\u2019a jamais eu de proposition de relogement\u2009\u00bb.<\/p>\n<p class=\" wall-content\">Ces familles attendent aujourd\u2019hui d\u2019obtenir \u00ab\u2009une proposition de relogement, \u00e0 l\u2019instar des familles d\u00e9j\u00e0 relog\u00e9es et qui assument aujourd\u2019hui pleinement leur loyer, leurs charges\u2009\u00bb. \u00ab\u2009\u00c0 quelques semaines avant l\u2019expulsion du terrain de la Flamb\u00e8re\u2009: o\u00f9 allons-nous aller\u2009? Qu\u2019allons-nous faire\u2009?\u2009\u00bb.<\/p>\n<p>Un d\u00e9mant\u00e8lement progressif pr\u00e9conis\u00e9<\/p>\n<p class=\" wall-content\">La d\u00e9cision du tribunal administratif, ordonnant l\u2019\u00e9vacuation, \u00ab\u2009\u00e9tonne\u2009\u00bb d\u2019autant plus les habitants, \u00ab\u2009tant elle ne semble pas s\u2019inscrire dans la continuit\u00e9 des choix politiques qui ont \u00e9t\u00e9 faits par la Ville de Toulouse depuis 2010\u2009\u00bb.<\/p>\n<p class=\" wall-content\">Avant d\u2019en arriver \u00e0 la fermeture, des \u00ab\u2009voies d\u2019un d\u00e9mant\u00e8lement progressif\u2009\u00bb avec l\u2019accompagnement des familles \u00ab\u2009vers les dispositifs de droit commun, d\u2019insertion professionnelle et de logement autonome\u2009\u00bb, avaient \u00e9t\u00e9 pr\u00e9conis\u00e9es, rapporte la mairie.<\/p>\n<p class=\" wall-content\"><strong>Un diagnostic social avait effectivement \u00e9t\u00e9 conduit\u2009<\/strong>: il pr\u00e9conisait une fermeture progressive, ainsi qu\u2019un accompagnement social renforc\u00e9.<\/p>\n<p class=\" wall-content\">\u00ab\u2009Le 3\u00a0juin dernier, nous esp\u00e9rions donc que le juge tienne compte d\u2019un contexte particulier et d\u2019une histoire atypique de ce lieu de vie, un lieu \u00ab\u2009habit\u00e9\u2009\u00bb. Cette expulsion nous \u00e9tonne, car elle va \u00e0 l\u2019encontre des pr\u00e9conisations du diagnostic social financ\u00e9\u2009\u00bb, alertent les familles du camp de la Flamb\u00e8re.<\/p>\n<p>    <img   decoding=\"async\" loading=\"lazy\" src=\"https:\/\/www.europesays.com\/fr\/wp-content\/uploads\/2025\/06\/camp-flambere-1-960x640.jpg\" alt=\"Dans ce camp, les habitants vivent dans des abris de fortune. Ils souhaitent obtenir des logements \" width=\"960\" height=\"640\"\/><br \/>\n    Dans ce camp, les habitants vivent dans des abris de fortune. Ils souhaitent obtenir des logements \u00ab\u2009dignes\u2009\u00bb. (\u00a9Nina Hossein-Zadeh)Le collectif annonce faire appel de la d\u00e9cision<\/p>\n<p class=\" wall-content\">Au pied du mur, le collectif a d\u00e9cid\u00e9 de ne pas baisser les bras et<strong> fera appel de la d\u00e9cision de justice<\/strong>. \u00ab\u2009En esp\u00e9rant que nos droits fondamentaux puissent \u00eatre entendus et respect\u00e9s, en premier lieu, le droit au logement\u00a0\u00bb, m\u00eame si, les habitants rencontr\u00e9s sur place par Actu Toulouse sont peu optimistes. \u00ab\u00a0Une d\u00e9cision, c\u2019est une d\u00e9cision.\u00a0\u00bb<\/p>\n<p class=\" wall-content\">Les 40\u00a0familles dont 70 mineurs ne vivent pas \u00ab\u2009ici par choix ou pas mode de vie\u2009\u00bb. En attente de meilleures solutions, il leur est aujourd\u2019hui \u00ab\u2009difficile d\u2019imaginer une autre vie autre que dans un logement digne\u2009\u00bb.<\/p>\n<p class=\" wall-content\">\u00ab\u2009\u00c7a fait vingt ans qu\u2019on est l\u00e0 et franchement la nouvelle est difficile\u2009\u00bb, confie un habitant. Tous sont \u00ab\u2009inquiets\u2009\u00bb, notamment pour les personnes \u00e2g\u00e9es qui ne peuvent pas travailler et ne per\u00e7oivent pas de retraite. \u00ab\u2009Comment ils vont faire\u2009?\u2009\u00bb.<\/p>\n<p class=\" wall-content\">Ils ont jusqu\u2019au 30\u00a0juin pour quitter le site.<\/p>\n<p class=\" wall-content\">Suivez toute l\u2019actualit\u00e9 de vos villes et m\u00e9dias favoris en vous inscrivant \u00e0 <a href=\"https:\/\/moncompte.actu.fr\" title=\"D\u00e9couvez Mon Actu\" rel=\"nofollow noopener\" data-trk=\"{&quot;cta&quot;:{&quot;action&quot;:&quot;https:\\\/\\\/moncompte.actu.fr&quot;,&quot;category&quot;:&quot;mon compte&quot;,&quot;from&quot;:&quot;article footer&quot;,&quot;name&quot;:&quot;Mon actu&quot;,&quot;type&quot;:&quot;cta&quot;}}\" target=\"_blank\">Mon Actu<\/a>.<\/p>\n","protected":false},"excerpt":{"rendered":"Par Nina Hossein-Zadeh Publi\u00e9 le 13 juin 2025 \u00e0 19h58 Ils sont 140\u00a0personnes \u00e0 habiter, avec l\u2019autorisation de&hellip;\n","protected":false},"author":2,"featured_media":174066,"comment_status":"","ping_status":"","sticky":false,"template":"","format":"standard","meta":{"footnotes":""},"categories":[2816],"tags":[1111,11,1777,674,1011,27,303,12,2680,25,104,2312],"class_list":{"0":"post-174065","1":"post","2":"type-post","3":"status-publish","4":"format-standard","5":"has-post-thumbnail","7":"category-toulouse","8":"tag-actu","9":"tag-actualites","10":"tag-eu","11":"tag-europe","12":"tag-fr","13":"tag-france","14":"tag-justice","15":"tag-news","16":"tag-occitanie","17":"tag-republique-francaise","18":"tag-societe","19":"tag-toulouse"},"share_on_mastodon":{"url":"https:\/\/pubeurope.com\/@fr\/114677652255060885","error":""},"_links":{"self":[{"href":"https:\/\/www.europesays.com\/fr\/wp-json\/wp\/v2\/posts\/174065","targetHints":{"allow":["GET"]}}],"collection":[{"href":"https:\/\/www.europesays.com\/fr\/wp-json\/wp\/v2\/posts"}],"about":[{"href":"https:\/\/www.europesays.com\/fr\/wp-json\/wp\/v2\/types\/post"}],"author":[{"embeddable":true,"href":"https:\/\/www.europesays.com\/fr\/wp-json\/wp\/v2\/users\/2"}],"replies":[{"embeddable":true,"href":"https:\/\/www.europesays.com\/fr\/wp-json\/wp\/v2\/comments?post=174065"}],"version-history":[{"count":0,"href":"https:\/\/www.europesays.com\/fr\/wp-json\/wp\/v2\/posts\/174065\/revisions"}],"wp:featuredmedia":[{"embeddable":true,"href":"https:\/\/www.europesays.com\/fr\/wp-json\/wp\/v2\/media\/174066"}],"wp:attachment":[{"href":"https:\/\/www.europesays.com\/fr\/wp-json\/wp\/v2\/media?parent=174065"}],"wp:term":[{"taxonomy":"category","embeddable":true,"href":"https:\/\/www.europesays.com\/fr\/wp-json\/wp\/v2\/categories?post=174065"},{"taxonomy":"post_tag","embeddable":true,"href":"https:\/\/www.europesays.com\/fr\/wp-json\/wp\/v2\/tags?post=174065"}],"curies":[{"name":"wp","href":"https:\/\/api.w.org\/{rel}","templated":true}]}}