{"id":174067,"date":"2025-06-13T19:14:09","date_gmt":"2025-06-13T19:14:09","guid":{"rendered":"https:\/\/www.europesays.com\/fr\/174067\/"},"modified":"2025-06-13T19:14:09","modified_gmt":"2025-06-13T19:14:09","slug":"francois-piquemal-cible-les-bureaux-vacants-a-toulouse","status":"publish","type":"post","link":"https:\/\/www.europesays.com\/fr\/174067\/","title":{"rendered":"Fran\u00e7ois Piquemal cible les bureaux vacants \u00e0 Toulouse"},"content":{"rendered":"<p>            Par<br \/>\n        <strong><br \/>\n            <a href=\"https:\/\/actu.fr\/auteur\/marie-lamarque\" title=\"Consulter tous les articles de Marie Lamarque\" rel=\"nofollow noopener\" target=\"_blank\">Marie Lamarque<\/a><br \/>\n        <\/strong><\/p>\n<p>        Publi\u00e9 le<\/p>\n<p>            13 juin 2025 \u00e0 19h56        <\/p>\n<p>\u00ab\u00a0Un maire sortant est difficile \u00e0 faire tomber. Mais on va gagner, m\u00eame si on n\u2019a pas les m\u00eames moyens\u00a0\u00bb, assure <strong>Fran\u00e7ois Piquemal<\/strong> qui se dit \u00ab\u00a0optimiste et avec de l\u2019humilit\u00e9\u00a0\u00bb. Le d\u00e9put\u00e9 <strong>La France Insoumise<\/strong> (LFI) de la 4e circonscription de la Haute-Garonne esp\u00e8re bien remporter les \u00e9lections municipales de 2026 \u00e0 <strong><a href=\"https:\/\/actu.fr\/toulouse\/\" rel=\"nofollow noopener\" target=\"_blank\">Toulouse<\/a><\/strong>. Candidat avec <strong>Agathe Roby<\/strong>, conseill\u00e8re municipale et m\u00e9tropolitaine (LFI) d\u2019opposition, il esp\u00e8re toujours, ce vendredi 13 juin 2025, incarner <a href=\"https:\/\/actu.fr\/occitanie\/toulouse_31555\/municipales-2026-a-toulouse-francois-piquemal-lfi-propose-la-presidence-de-la-metropole-aux-ecologistes_62486593.html\" rel=\"nofollow noopener\" target=\"_blank\">une union de la gauche<\/a> : \u00ab\u00a0C\u2019est un long chemin, mais on va y arriver. Il n\u2019y a pas de doute l\u00e0-dessus\u00a0\u00bb, affirme-t-il.<\/p>\n<p class=\" wall-content\">Et de poursuivre : \u00ab\u00a0M. Moudenc se pr\u00e9sente comme un maire de l\u2019emploi, mais quand on l\u2019est, on doit aller contre la suppression de l\u2019emploi\u00a0\u00bb. Comment le d\u00e9put\u00e9-candidat compte-t-il, lui, r\u00e9pondre ? Ses propositions.<\/p>\n<p>Prot\u00e9ger les emplois<\/p>\n<p class=\" wall-content\">Toulouse a beau avoir \u00e9t\u00e9 \u00e9lue m\u00e9tropole fran\u00e7aise la plus attractive en 2025 <a href=\"https:\/\/actu.fr\/occitanie\/toulouse_31555\/toulouse-brille-a-l-echelle-internationale-parmi-les-villes-les-plus-attractives-de-france_62149569.html\" rel=\"nofollow noopener\" target=\"_blank\">par le barom\u00e8tre Arthur Loyd<\/a>, plusieurs de ses secteurs connaissent des difficult\u00e9s, avec des centaines d\u2019emplois menac\u00e9s. Fran\u00e7ois Piquemal a cit\u00e9 <strong>Thales Alenia Space<\/strong> qui conna\u00eet un plan social. La direction a annonc\u00e9, il y a dix jours, <a href=\"https:\/\/actu.fr\/occitanie\/toulouse_31555\/gel-des-suppressions-de-postes-chez-thales-soulagement-et-amertume-a-toulouse-ou-il-faudrait-embaucher_62722128.html\" rel=\"nofollow noopener\" target=\"_blank\">un gel du plan de suppression de postes<\/a>. <strong>764 emplois sont concern\u00e9s<\/strong>.<\/p>\n<p class=\" wall-content\">Le candidat \u00e9voque aussi l\u2019enseigne de d\u00e9coration et d\u2019ameublement <a href=\"https:\/\/actu.fr\/economie\/l-enseigne-casa-liquidee-la-liste-des-magasins-qui-vont-definitivement-tirer-le-rideau-en-france_62759273.html\" rel=\"nofollow noopener\" target=\"_blank\">Casa, plac\u00e9e en liquidation<\/a>. <a href=\"https:\/\/actu.fr\/occitanie\/toulouse_31555\/liquidation-judiciaire-de-casa-vers-la-fermeture-de-cinq-magasins-de-l-enseigne-a-toulouse-et-autour_62763436.html\" rel=\"nofollow noopener\" target=\"_blank\">Cinq magasins pourraient fermer<\/a> \u00e0 Toulouse et dans sa proche agglom\u00e9ration.<\/p>\n<p class=\" wall-content\">\u00ab\u00a0Nous avions propos\u00e9 en conseil m\u00e9tropolitain qu\u2019il y ait des<strong> closes de sauvegarde de l\u2019emploi<\/strong>. C\u2019est quelque chose qui a \u00e9t\u00e9 refus\u00e9. On le mettra en place\u00a0\u00bb, lance-t-il.<\/p>\n<p>Vid\u00e9os : en ce moment sur Actu\u00ab\u00a0Toulouse, une ville rong\u00e9e par le client\u00e9lisme\u00a0\u00bb<\/p>\n<p class=\" wall-content\">Pour Fran\u00e7ois Piquemal, Toulouse serait aussi <strong>\u00ab\u00a0rong\u00e9e par le client\u00e9lisme\u00a0\u00bb<\/strong>. Un constat que le d\u00e9put\u00e9 assure avoir fait lors d\u2019\u00e9changes avec les \u00ab\u00a0petits commer\u00e7ants et repreneurs\u00a0\u00bb de la Ville rose, qui se diraient, selon lui, victimes de pression.<\/p>\n<blockquote class=\"ac-article-quote wall-content\">\n<p>On veut mettre en place une charte contre le client\u00e9lisme et la corruption qui engage tous les artisans, commer\u00e7ants, entrepreneurs, mais aussi le personnel politique.<\/p>\n<p>    <strong>Fran\u00e7ois Piquemal<\/strong><br \/>\n        Candidat LFI aux \u00e9lections municipales    <\/p><\/blockquote>\n<p>S\u2019emparer des \u00ab\u00a0240 000 m\u00b2 de bureaux vacants\u00a0\u00bb<\/p>\n<p class=\" wall-content\">Il en avait d\u00e9j\u00e0 fait <a href=\"https:\/\/actu.fr\/occitanie\/toulouse_31555\/toulouse-en-soutien-aux-familles-a-la-rue-le-depute-passe-la-nuit-dans-une-ecole_60359792.html\" rel=\"nofollow noopener\" target=\"_blank\">son cheval de bataille<\/a> en tant que porte-parole de l\u2019association du Droit au Logement (DAL), le sujet est remis sur la table en cette p\u00e9riode de pr\u00e9-campagne. Fran\u00e7ois Piquemal veut aussi s\u2019attaquer aux <strong>\u00ab\u00a0240 000 m\u00b2 de bureaux vacants\u00a0\u00bb<\/strong> que compte la Ville rose.<\/p>\n<blockquote class=\"ac-article-quote wall-content\">\n<p>Dans les 100 premiers jours [apr\u00e8s l&rsquo;\u00e9lection, NDLR], on va convoquer les propri\u00e9taires et leur demander ce qu&rsquo;ils comptent en faire. S&rsquo;ils veulent les remettre sur le march\u00e9, on pourra les aider. Sinon, ils devront \u00eatre utiles [et] on pensera \u00e0 pr\u00e9empter.<\/p>\n<p>    <strong>Fran\u00e7ois Piquemal<\/strong>\n            <\/p><\/blockquote>\n<p class=\" wall-content\">Le candidat y voit un levier int\u00e9ressant, sur le <strong>plan du logement<\/strong> (pour proposer de l\u2019habitat aux personnes \u00e0 la rue), mais aussi sur le <strong>plan \u00e9conomique<\/strong>. Car ces bureaux vides \u00ab\u00a0pourront servir \u00e0 des artisans, \u00e0 des PME qui gal\u00e8rent \u00e0 cause de leurs loyers \u00e9lev\u00e9s\u00a0\u00bb, prend-il en exemple.<\/p>\n<p>\u00ab\u00a0D\u00e9fendre le petit commerce\u00a0\u00bb et \u00ab\u00a0encadrer les loyers\u00a0\u00bb<\/p>\n<p class=\" wall-content\">Par ailleurs, Fran\u00e7ois Piquemal souhaiterait que Toulouse soit candidate au <a href=\"https:\/\/www.tzcld.fr\/\" rel=\"nofollow noopener\" target=\"_blank\">dispositif \u00ab\u00a0Territoires Z\u00e9ro Ch\u00f4meur\u00a0\u00bb<\/a> dont le but est de favoriser le retour \u00e0 l\u2019emploi pour des personnes qui en sont durablement priv\u00e9es.<\/p>\n<p class=\" wall-content\">Il entend \u00e9galement <strong>d\u00e9fendre le petit commerce<\/strong> et demander un \u00ab\u00a0encadrement des loyers commerciaux\u00a0\u00bb. \u00ab\u00a0Il est anormal que nos commer\u00e7ants payent la taxe fonci\u00e8re \u00e0 la place des propri\u00e9taires. C\u2019est devenu un usage ill\u00e9gal. [\u2026] Nous ferons en sorte que les commer\u00e7ants de proximit\u00e9 puissent continuer \u00e0 rester.\u00a0\u00bb<\/p>\n<p class=\" wall-content\">\u00c0 d\u00e9faut de pouvoir agir avec l\u2019\u00e9charpe de maire, Fran\u00e7ois Piquemal use de celle de d\u00e9put\u00e9 et a d\u00e9pos\u00e9, fin mai dernier, <a href=\"https:\/\/actu.fr\/politique\/c-est-de-la-concurrence-deloyale-ce-depute-lutte-contre-la-disparition-du-commerce-local_62547667.html\" rel=\"nofollow noopener\" target=\"_blank\">une proposition de loi<\/a> pour la d\u00e9fense du commerce local.<\/p>\n<p class=\" wall-content\">Suivez toute l\u2019actualit\u00e9 de vos villes et m\u00e9dias favoris en vous inscrivant \u00e0 <a href=\"https:\/\/moncompte.actu.fr\" title=\"D\u00e9couvez Mon Actu\" rel=\"nofollow noopener\" data-trk=\"{&quot;cta&quot;:{&quot;action&quot;:&quot;https:\\\/\\\/moncompte.actu.fr&quot;,&quot;category&quot;:&quot;mon compte&quot;,&quot;from&quot;:&quot;article footer&quot;,&quot;name&quot;:&quot;Mon actu&quot;,&quot;type&quot;:&quot;cta&quot;}}\" target=\"_blank\">Mon Actu<\/a>.<\/p>\n<ul class=\"ac-article-tag wall-content\">\n<li><a href=\"https:\/\/actu.fr\/tag\/la-france-insoumise-lfi\" data-trk=\"{&quot;cta&quot;:{&quot;action&quot;:&quot;La France Insoumise (LFI)&quot;,&quot;category&quot;:&quot;tag&quot;,&quot;from&quot;:&quot;article footer&quot;,&quot;name&quot;:&quot;La France Insoumise (LFI)&quot;,&quot;type&quot;:&quot;cta&quot;}}\" rel=\"nofollow noopener\" target=\"_blank\">#La France Insoumise (LFI)<\/a><\/li>\n<li><a href=\"https:\/\/actu.fr\/tag\/municipales-2026\" data-trk=\"{&quot;cta&quot;:{&quot;action&quot;:&quot;Municipales 2026&quot;,&quot;category&quot;:&quot;tag&quot;,&quot;from&quot;:&quot;article footer&quot;,&quot;name&quot;:&quot;Municipales 2026&quot;,&quot;type&quot;:&quot;cta&quot;}}\" rel=\"nofollow noopener\" target=\"_blank\">#Municipales 2026<\/a><\/li>\n<\/ul>\n","protected":false},"excerpt":{"rendered":"Par Marie Lamarque Publi\u00e9 le 13 juin 2025 \u00e0 19h56 \u00ab\u00a0Un maire sortant est difficile \u00e0 faire tomber.&hellip;\n","protected":false},"author":2,"featured_media":174068,"comment_status":"","ping_status":"","sticky":false,"template":"","format":"standard","meta":{"footnotes":""},"categories":[2816],"tags":[1111,11,4188,1777,674,1011,27,1023,3434,12,2680,316,25,2312],"class_list":{"0":"post-174067","1":"post","2":"type-post","3":"status-publish","4":"format-standard","5":"has-post-thumbnail","7":"category-toulouse","8":"tag-actu","9":"tag-actualites","10":"tag-elections-municipales","11":"tag-eu","12":"tag-europe","13":"tag-fr","14":"tag-france","15":"tag-la-france-insoumise-lfi","16":"tag-municipales-2026","17":"tag-news","18":"tag-occitanie","19":"tag-politique","20":"tag-republique-francaise","21":"tag-toulouse"},"share_on_mastodon":{"url":"https:\/\/pubeurope.com\/@fr\/114677656079705202","error":""},"_links":{"self":[{"href":"https:\/\/www.europesays.com\/fr\/wp-json\/wp\/v2\/posts\/174067","targetHints":{"allow":["GET"]}}],"collection":[{"href":"https:\/\/www.europesays.com\/fr\/wp-json\/wp\/v2\/posts"}],"about":[{"href":"https:\/\/www.europesays.com\/fr\/wp-json\/wp\/v2\/types\/post"}],"author":[{"embeddable":true,"href":"https:\/\/www.europesays.com\/fr\/wp-json\/wp\/v2\/users\/2"}],"replies":[{"embeddable":true,"href":"https:\/\/www.europesays.com\/fr\/wp-json\/wp\/v2\/comments?post=174067"}],"version-history":[{"count":0,"href":"https:\/\/www.europesays.com\/fr\/wp-json\/wp\/v2\/posts\/174067\/revisions"}],"wp:featuredmedia":[{"embeddable":true,"href":"https:\/\/www.europesays.com\/fr\/wp-json\/wp\/v2\/media\/174068"}],"wp:attachment":[{"href":"https:\/\/www.europesays.com\/fr\/wp-json\/wp\/v2\/media?parent=174067"}],"wp:term":[{"taxonomy":"category","embeddable":true,"href":"https:\/\/www.europesays.com\/fr\/wp-json\/wp\/v2\/categories?post=174067"},{"taxonomy":"post_tag","embeddable":true,"href":"https:\/\/www.europesays.com\/fr\/wp-json\/wp\/v2\/tags?post=174067"}],"curies":[{"name":"wp","href":"https:\/\/api.w.org\/{rel}","templated":true}]}}