{"id":17407,"date":"2025-04-11T13:38:14","date_gmt":"2025-04-11T13:38:14","guid":{"rendered":"https:\/\/www.europesays.com\/fr\/17407\/"},"modified":"2025-04-11T13:38:14","modified_gmt":"2025-04-11T13:38:14","slug":"jeanne-cherhal-sans-metoo-je-naurais-pas-eu-conscience-davoir-connu-autant-de-loups","status":"publish","type":"post","link":"https:\/\/www.europesays.com\/fr\/17407\/","title":{"rendered":"Jeanne Cherhal\u00a0: \u00ab\u00a0Sans #Metoo, je n\u2019aurais pas eu conscience d\u2019avoir connu autant de loups\u00a0\u00bb"},"content":{"rendered":"<p>Vingt ans apr\u00e8s avoir \u00e9t\u00e9 r\u00e9v\u00e9l\u00e9e avec Douze Fois par an, opus couronn\u00e9 d\u2019une Victoire de la musique en 2005, la chanteuse-pianiste livre avec Jeanne son album le plus abouti. Car tout sonne juste \u00e0 la lumi\u00e8re des arrangements pr\u00e9cis, riches et subtils de Benjamin Biolay, qui l\u2019\u00e9claire de fa\u00e7on crue, douce ou tamis\u00e9e. Qu\u2019elle \u00e9voque l\u2019amour fantasm\u00e9 (\u00abJean\u00a0\u00bb), les d\u00e9sirs avou\u00e9s (\u00abla Maman et la Putain\u00a0\u00bb) et les plaisirs solitaires assum\u00e9s (\u00abHitachi Magic Wand\u00a0\u00bb), les paroles largement autobiographiques de<a href=\"https:\/\/www.humanite.fr\/culture-et-savoir\/chanson-francaise\/jeanne-cherhal-je-suis-un-peu-une-sauvageonne\" rel=\"nofollow noopener\" target=\"_blank\"> Jeanne Cherhal<\/a> s\u2019\u00e9panouissent et s\u2019offrent, entre les cordes et les cuivres, un costume plus seyant, sensuel et entra\u00eenant. <\/p>\n<p>Et lorsque l\u2019artiste engag\u00e9e \u2013 qui appelait d\u00e9j\u00e0 en 2018 \u00e0 participer aux marches <a href=\"https:\/\/www.humanite.fr\/societe\/feminicides\/lutte-contre-les-violences-le-gouvernement-juge-quil-en-fait-assez-et-rejette-la-loi-integrale-exigee-par-les-feministes\" rel=\"nofollow noopener\" target=\"_blank\">contre les violences sexistes et sexuelles<\/a> \u2013 \u00e9voque les violences faites aux femmes (\u00ab\u00a0Sous les toits\u00a0\u00bb) et la d\u00e9pression (\u00ab\u00a0La vie est trop courte\u00a0\u00bb), le c\u0153ur se serre. Rencontre avec une artiste en pleine expansion, libre et sinc\u00e8re.<\/p>\n<p class=\"wp-block-huma-question\">C\u2019est la premi\u00e8re fois que vous publiez un album autoproduit. \u00c0 quel besoin cela r\u00e9pondait-il\u00a0?<\/p>\n<p>Je n\u2019ai pas trouv\u00e9 d\u2019\u00e9cho suffisamment fort au sein d\u2019un label, et je n\u2019avais pas envie d\u2019avoir \u00e0 convaincre des gens ti\u00e8des. Mon producteur de spectacle, Pierre-Alexandre&#8230;<\/p>\n","protected":false},"excerpt":{"rendered":"Vingt ans apr\u00e8s avoir \u00e9t\u00e9 r\u00e9v\u00e9l\u00e9e avec Douze Fois par an, opus couronn\u00e9 d\u2019une Victoire de la musique&hellip;\n","protected":false},"author":2,"featured_media":17408,"comment_status":"","ping_status":"","sticky":false,"template":"","format":"standard","meta":{"footnotes":""},"categories":[1586],"tags":[11,7036,7037,1777,674,1779,1011,27,7038,5686,873,12,25,1778,364],"class_list":{"0":"post-17407","1":"post","2":"type-post","3":"status-publish","4":"format-standard","5":"has-post-thumbnail","7":"category-europe","8":"tag-actualites","9":"tag-benjamin-biolay","10":"tag-chanson-franu00e7aise","11":"tag-eu","12":"tag-europe","13":"tag-european-union","14":"tag-fr","15":"tag-france","16":"tag-jeanne-cherhal","17":"tag-metoo","18":"tag-musique","19":"tag-news","20":"tag-republique-francaise","21":"tag-ue","22":"tag-union-europeenne"},"share_on_mastodon":{"url":"https:\/\/pubeurope.com\/@fr\/114319609499953335","error":""},"_links":{"self":[{"href":"https:\/\/www.europesays.com\/fr\/wp-json\/wp\/v2\/posts\/17407","targetHints":{"allow":["GET"]}}],"collection":[{"href":"https:\/\/www.europesays.com\/fr\/wp-json\/wp\/v2\/posts"}],"about":[{"href":"https:\/\/www.europesays.com\/fr\/wp-json\/wp\/v2\/types\/post"}],"author":[{"embeddable":true,"href":"https:\/\/www.europesays.com\/fr\/wp-json\/wp\/v2\/users\/2"}],"replies":[{"embeddable":true,"href":"https:\/\/www.europesays.com\/fr\/wp-json\/wp\/v2\/comments?post=17407"}],"version-history":[{"count":0,"href":"https:\/\/www.europesays.com\/fr\/wp-json\/wp\/v2\/posts\/17407\/revisions"}],"wp:featuredmedia":[{"embeddable":true,"href":"https:\/\/www.europesays.com\/fr\/wp-json\/wp\/v2\/media\/17408"}],"wp:attachment":[{"href":"https:\/\/www.europesays.com\/fr\/wp-json\/wp\/v2\/media?parent=17407"}],"wp:term":[{"taxonomy":"category","embeddable":true,"href":"https:\/\/www.europesays.com\/fr\/wp-json\/wp\/v2\/categories?post=17407"},{"taxonomy":"post_tag","embeddable":true,"href":"https:\/\/www.europesays.com\/fr\/wp-json\/wp\/v2\/tags?post=17407"}],"curies":[{"name":"wp","href":"https:\/\/api.w.org\/{rel}","templated":true}]}}