{"id":174073,"date":"2025-06-13T19:17:08","date_gmt":"2025-06-13T19:17:08","guid":{"rendered":"https:\/\/www.europesays.com\/fr\/174073\/"},"modified":"2025-06-13T19:17:08","modified_gmt":"2025-06-13T19:17:08","slug":"bloques-deux-heures-dans-leur-immeuble-les-habitants-de-la-solidarite-ont-frole-la-catastrophe","status":"publish","type":"post","link":"https:\/\/www.europesays.com\/fr\/174073\/","title":{"rendered":"bloqu\u00e9s deux heures dans leur immeuble, les habitants de la Solidarit\u00e9 ont \u00ab\u00a0fr\u00f4l\u00e9 la catastrophe\u00a0\u00bb"},"content":{"rendered":"<p>\u00ab\u00a0Vous vous rendez compte si une personne avait eu un malaise\u00a0? S\u2019il y avait eu un incendie\u00a0? On \u00e9tait pris au pi\u00e8ge, on a fr\u00f4l\u00e9 la catastrophe\u00a0\u00bb. Lorsqu\u2019il revient sur les moments d\u2019angoisse qu\u2019il a v\u00e9cus jeudi 12\u00a0juin dans son appartement de la<a href=\"https:\/\/www.laprovence.com\/article\/region\/98870691101098\/prives-de-bus-apres-21h-les-habitants-du-quartier-de-la-solidarite-denoncent-un-couvre-feu-force\" target=\"_blank\" rel=\"noopener\"> cit\u00e9 de la Solidarit\u00e9, \u00e0 Notre-Dame-Limite (15e)<\/a>, Yanis (*) en tremble encore. Plusieurs heures durant, il s\u2019est retrouv\u00e9, comme nombre de ses voisins, condamn\u00e9 dans son propre logement du b\u00e2timent B. \u00ab\u00a0Je vis dans les \u00e9tages et je prends toujours l\u2019ascenseur pour aller au travail, faire mes courses,\u00a0etc. Mais ce jeudi, les <a href=\"https:\/\/www.laprovence.com\/article\/region\/1957681905763615\/jai-du-monter-119-marches-trois-fois-par-jour-a-marseille-lenfer-des-pannes-dascenseur-a-repetition\" target=\"_blank\" rel=\"noopener\">deux ascenseurs \u00e9taient en panne<\/a>.\u00a0\u00bb<\/p>\n","protected":false},"excerpt":{"rendered":"\u00ab\u00a0Vous vous rendez compte si une personne avait eu un malaise\u00a0? S\u2019il y avait eu un incendie\u00a0? On&hellip;\n","protected":false},"author":2,"featured_media":174074,"comment_status":"","ping_status":"","sticky":false,"template":"","format":"standard","meta":{"footnotes":""},"categories":[2814],"tags":[17,1111,11,30919,1446,4070,1777,674,1011,27,6203,5480,3289,884,12,882,25,104],"class_list":{"0":"post-174073","1":"post","2":"type-post","3":"status-publish","4":"format-standard","5":"has-post-thumbnail","7":"category-marseille","8":"tag-17","9":"tag-actu","10":"tag-actualites","11":"tag-bloques","12":"tag-dans","13":"tag-deux","14":"tag-eu","15":"tag-europe","16":"tag-fr","17":"tag-france","18":"tag-heures","19":"tag-immeuble","20":"tag-leur","21":"tag-marseille","22":"tag-news","23":"tag-provence-alpes-cote-dazur","24":"tag-republique-francaise","25":"tag-societe"},"share_on_mastodon":{"url":"https:\/\/pubeurope.com\/@fr\/114677668240109669","error":""},"_links":{"self":[{"href":"https:\/\/www.europesays.com\/fr\/wp-json\/wp\/v2\/posts\/174073","targetHints":{"allow":["GET"]}}],"collection":[{"href":"https:\/\/www.europesays.com\/fr\/wp-json\/wp\/v2\/posts"}],"about":[{"href":"https:\/\/www.europesays.com\/fr\/wp-json\/wp\/v2\/types\/post"}],"author":[{"embeddable":true,"href":"https:\/\/www.europesays.com\/fr\/wp-json\/wp\/v2\/users\/2"}],"replies":[{"embeddable":true,"href":"https:\/\/www.europesays.com\/fr\/wp-json\/wp\/v2\/comments?post=174073"}],"version-history":[{"count":0,"href":"https:\/\/www.europesays.com\/fr\/wp-json\/wp\/v2\/posts\/174073\/revisions"}],"wp:featuredmedia":[{"embeddable":true,"href":"https:\/\/www.europesays.com\/fr\/wp-json\/wp\/v2\/media\/174074"}],"wp:attachment":[{"href":"https:\/\/www.europesays.com\/fr\/wp-json\/wp\/v2\/media?parent=174073"}],"wp:term":[{"taxonomy":"category","embeddable":true,"href":"https:\/\/www.europesays.com\/fr\/wp-json\/wp\/v2\/categories?post=174073"},{"taxonomy":"post_tag","embeddable":true,"href":"https:\/\/www.europesays.com\/fr\/wp-json\/wp\/v2\/tags?post=174073"}],"curies":[{"name":"wp","href":"https:\/\/api.w.org\/{rel}","templated":true}]}}