{"id":174081,"date":"2025-06-13T19:21:06","date_gmt":"2025-06-13T19:21:06","guid":{"rendered":"https:\/\/www.europesays.com\/fr\/174081\/"},"modified":"2025-06-13T19:21:06","modified_gmt":"2025-06-13T19:21:06","slug":"meteo-des-orages-violents-arrivent-a-paris-et-en-ile-de-france-ou-et-quand-risquent-ils-de-frapper-actu-fr","status":"publish","type":"post","link":"https:\/\/www.europesays.com\/fr\/174081\/","title":{"rendered":"M\u00e9t\u00e9o. Des orages violents arrivent \u00e0 Paris et en \u00cele-de-France : o\u00f9 et quand risquent ils de frapper ? &#8211; Actu.fr"},"content":{"rendered":"<ol>\n<li><a href=\"https:\/\/news.google.com\/rss\/articles\/CBMizwFBVV95cUxPVlVORVFXYVYxRkREWXg0Y0s1OEZnRUoxYkhOeVl5QUhOR3Y1aHZKQ29JaW92TDRXQzlzVkhRZWZwTW8tVkJJUTVsRkg3SjQtQXN2YkJMaWZfQnF5c2lFVm43UzNDTUdXOEl6UlI0amtIRlpvVGMxY0RNc2c3M19wWk5kTEtCMjQ4YTN4dFNjdXVNdzUzcnAzMk01SnZyUGxOQ2Zqa2hiMDJQNG1UUDlWQWFfNEtaSFBpc3pNY3cwb3BUY1hSeEZWUTV5ZDBXMnc?oc=5\" target=\"_blank\" rel=\"noopener\">M\u00e9t\u00e9o. Des orages violents arrivent \u00e0 Paris et en \u00cele-de-France : o\u00f9 et quand risquent ils de frapper ?<\/a>&nbsp;&nbsp;Actu.fr<\/li>\n<li><a href=\"https:\/\/news.google.com\/rss\/articles\/CBMisgFBVV95cUxQU1pza280VkRGd0xfdmdKOWQxUDN3WFprdUdYd3g4M0dqWm9pRUNWb2llWmZBbUlMOExIdG5ScENBalFibzVNdHNZR25jTWdxTk80bnFpS1RFU3I1NnpBUnBVTS0zX0JiRzllcEhVcHlmVDZ6Zk1lX0dHVjNCMUdBUjNrLW52M3c1aWFmYWxfVk0xNzRqTnJlamVQWks2eFBYaTdRYTd1cFoxTTJfZ0tnVXNn?oc=5\" target=\"_blank\" rel=\"noopener\">Alerte M\u00e9t\u00e9o : Tr\u00e8s violents orages au nord-ouest et au sud-ouest ce soir<\/a>&nbsp;&nbsp;La Cha\u00eene M\u00e9t\u00e9o<\/li>\n<li><a href=\"https:\/\/news.google.com\/rss\/articles\/CBMi2AFBVV95cUxPTXJlcHhQQ2FILXJ5OFRZU2NPd21wZnpXN2Rycy02RDhJU1VvalVZc01wSGx5SXFxYXR3Q2NDcDREcnZjM3VTTUdmRUpzUGVYTDltNGdnMFJHNUxOMVdlSDM0X1A0dThLNnFxaHJpVUh2MmdmYzZwUS1CQ0ZwRk1RbGxTZDlZNUVIWlQ4UzRIN0ZUdDhsRDFCUE1tUXNUTXZ5LXVJSF91dlkwWlJzaFVhaVBfeEhCRm1xTGRSR280ZDJhV3dTbDJWb3NseWpvZmQ2VXA1ZGJjQy0?oc=5\" target=\"_blank\" rel=\"noopener\">Orages violents attendus autour de Paris : l&rsquo;a\u00e9roport d&rsquo;Orly doit r\u00e9duire ses vols de 20 %<\/a>&nbsp;&nbsp;Actu.fr<\/li>\n<li><a href=\"https:\/\/news.google.com\/rss\/articles\/CBMi8AFBVV95cUxNZWtvWUwySGpSN2JmazZfMFVqdk50ZVR6a1NVVWNTNUQ0RFlIc2E5ZGpFeEtoSGs2QTFKejhyWllhcUd5UVVYR0tYNUc2V3Ayd0l6angzQS01UktCY2ZkRGxib2pOeE1vU200MlR3QjlwejV5b1JTYllzWGJKZmtoRnE0RWMzVjZ6R2ppbzlDaWcxZ1dPdXJZcUpwMzY4OXZNazdFaDZPSmI0RjQ4dkZXTHFvNTF4MkZsbEJ0ZTR2Mm5sRHEtRnk4Rzk0UzR0ZnUxRFRyWlN5eGVkeVNKWkRxTS1hdHlxblNBNkd2Q0gyeVg?oc=5\" target=\"_blank\" rel=\"noopener\">Alerte m\u00e9t\u00e9o pour orages violents : vigilance orange activ\u00e9e dans 29 d\u00e9partements du Nord et du Sud-Ouest<\/a>&nbsp;&nbsp;Orange<\/li>\n<li><a href=\"https:\/\/news.google.com\/rss\/articles\/CBMijgJBVV95cUxOSE9KbFI1dDk2RnI4aG9LSURKaHV3UDhVbkVwUEhQMDg5WE1wSVJUbjFMN3dCMEpfTUxKTjJtejJMcHVZMk5KMXFMSWJDOTdSVS1sMG9URjdzRzFmb3IwS1FEMENWRTFhT2hmcndMWHRKS2tLemhmbDd3Y0RkcWJmVnM1dW13ZHVSMGFqNTdKWGdSSGlKU0w0UkhhdlpqdzF2OWJCUTFfbUVTdFd6Ul9wQTdTSENVc1VicmFXNFU0YlRlSHlJM09BSVlnQkxTUWkwamxsUmtPeHluUjZTM1ZjbTA2UzlyVEtVVXJNR3NxV2NfT3FjVlNmbkx6VUNnczdRd1VOaGo5NjNBX1dVOEE?oc=5\" target=\"_blank\" rel=\"noopener\">Gr\u00eale, ph\u00e9nom\u00e8nes tourbillonnaires, vents forts et fortes pluies. 17 d\u00e9partements en vigilance orange selon M\u00e9t\u00e9o-France<\/a>&nbsp;&nbsp;Tameteo.com<\/li>\n<\/ol>\n","protected":false},"excerpt":{"rendered":"M\u00e9t\u00e9o. Des orages violents arrivent \u00e0 Paris et en \u00cele-de-France : o\u00f9 et quand risquent ils de frapper&hellip;\n","protected":false},"author":2,"featured_media":174082,"comment_status":"","ping_status":"","sticky":false,"template":"","format":"standard","meta":{"footnotes":""},"categories":[1592],"tags":[1111,11,1777,674,1011,27,662,2487,2357,12,4594,626,25],"class_list":{"0":"post-174081","1":"post","2":"type-post","3":"status-publish","4":"format-standard","5":"has-post-thumbnail","7":"category-ile-de-france","8":"tag-actu","9":"tag-actualites","10":"tag-eu","11":"tag-europe","12":"tag-fr","13":"tag-france","14":"tag-ile-de-france","15":"tag-meteo","16":"tag-meteo-france","17":"tag-news","18":"tag-orages","19":"tag-paris","20":"tag-republique-francaise"},"share_on_mastodon":{"url":"https:\/\/pubeurope.com\/@fr\/114677683494510984","error":""},"_links":{"self":[{"href":"https:\/\/www.europesays.com\/fr\/wp-json\/wp\/v2\/posts\/174081","targetHints":{"allow":["GET"]}}],"collection":[{"href":"https:\/\/www.europesays.com\/fr\/wp-json\/wp\/v2\/posts"}],"about":[{"href":"https:\/\/www.europesays.com\/fr\/wp-json\/wp\/v2\/types\/post"}],"author":[{"embeddable":true,"href":"https:\/\/www.europesays.com\/fr\/wp-json\/wp\/v2\/users\/2"}],"replies":[{"embeddable":true,"href":"https:\/\/www.europesays.com\/fr\/wp-json\/wp\/v2\/comments?post=174081"}],"version-history":[{"count":0,"href":"https:\/\/www.europesays.com\/fr\/wp-json\/wp\/v2\/posts\/174081\/revisions"}],"wp:featuredmedia":[{"embeddable":true,"href":"https:\/\/www.europesays.com\/fr\/wp-json\/wp\/v2\/media\/174082"}],"wp:attachment":[{"href":"https:\/\/www.europesays.com\/fr\/wp-json\/wp\/v2\/media?parent=174081"}],"wp:term":[{"taxonomy":"category","embeddable":true,"href":"https:\/\/www.europesays.com\/fr\/wp-json\/wp\/v2\/categories?post=174081"},{"taxonomy":"post_tag","embeddable":true,"href":"https:\/\/www.europesays.com\/fr\/wp-json\/wp\/v2\/tags?post=174081"}],"curies":[{"name":"wp","href":"https:\/\/api.w.org\/{rel}","templated":true}]}}