{"id":174085,"date":"2025-06-13T19:25:09","date_gmt":"2025-06-13T19:25:09","guid":{"rendered":"https:\/\/www.europesays.com\/fr\/174085\/"},"modified":"2025-06-13T19:25:09","modified_gmt":"2025-06-13T19:25:09","slug":"deux-mineurs-condamnes-a-plusieurs-annees-de-prison-ferme","status":"publish","type":"post","link":"https:\/\/www.europesays.com\/fr\/174085\/","title":{"rendered":"deux mineurs condamn\u00e9s \u00e0 plusieurs ann\u00e9es de prison ferme"},"content":{"rendered":"<p>            Par<br \/>\n        <strong><br \/>\n            <a href=\"https:\/\/actu.fr\/auteur\/emilie-salabelle\" title=\"Consulter tous les articles de Emilie Salabelle\" rel=\"nofollow noopener\" target=\"_blank\">Emilie Salabelle<\/a><br \/>\n        <\/strong><\/p>\n<p>        Publi\u00e9 le<\/p>\n<p>            13 juin 2025 \u00e0 20h33        <\/p>\n<p>L\u2019affaire avait \u00e9mu tout le pays. Une <strong>jeune fille juive de 12\u00a0ans<\/strong>\u00a0avait \u00e9t\u00e9\u00a0<strong><a href=\"https:\/\/actu.fr\/faits-divers\/hauts-de-seine-une-jeune-fille-de-12-ans-violee-et-frappee-en-raison-de-sa-religion-trois-ados-interpelles_61223842.html\" rel=\"nofollow noopener\" target=\"_blank\">frapp\u00e9e et viol\u00e9e<\/a><\/strong>\u00a0\u00e0\u00a0<a href=\"https:\/\/actu.fr\/ile-de-france\/courbevoie_92026\" rel=\"nofollow noopener\" target=\"_blank\">Courbevoie<\/a>\u00a0(<a href=\"https:\/\/actu.fr\/ile-de-france\/hauts-de-seine_92\" rel=\"nofollow noopener\" target=\"_blank\">Hauts-de-Seine<\/a>) par des adolescents de son \u00e2ge en juin 2024. Ce vendredi 13 juin 2025, le tribunal pour enfants de <a href=\"https:\/\/actu.fr\/tag\/tribunal-de-nanterre\" rel=\"nofollow noopener\" target=\"_blank\">Nanterre<\/a> a donn\u00e9 son verdict \u00e0 l\u2019issue d\u2019<a href=\"https:\/\/actu.fr\/ile-de-france\/courbevoie_92026\/jeune-fille-juive-de-12-ans-violee-par-des-ados-a-courbevoie-trois-mineurs-juges-en-proces-a-huis-clos_62737249.html\" rel=\"nofollow noopener\" target=\"_blank\">une audience \u00e0 huis clos<\/a>. Elle a condamn\u00e9 \u00e0 neuf et sept ans de <strong>prison ferme<\/strong> deux des mineurs impliqu\u00e9s dans ce crime \u00e0 caract\u00e8re antis\u00e9mite.\u00a0<\/p>\n<p>Un troisi\u00e8me mineur trop jeune pour la prison<\/p>\n<p class=\" wall-content\">Les magistrats ont prononc\u00e9 une <strong>mesure \u00e9ducative<\/strong> de cinq ans et un placement \u00e0 l\u2019encontre d\u2019un troisi\u00e8me jeune homme, \u00e2g\u00e9 de 12 ans et 10 mois au moment des faits et contre qui une peine d\u2019emprisonnement ne pouvait pas \u00eatre prononc\u00e9e en raison de son \u00e2ge.\u00a0<\/p>\n<p class=\" wall-content wall-content\">L\u2019adolescente, victime d\u2019un viol en r\u00e9union, avait d\u00e9clar\u00e9 aux policiers avoir \u00e9t\u00e9\u00a0<strong>trait\u00e9e de \u00ab\u2009sale juive\u2009\u00bb<\/strong>\u00a0par ses agresseurs qui lui avaient pos\u00e9 des questions sur\u00a0<a href=\"https:\/\/actu.fr\/tag\/guerre-israel-hamas\" rel=\"nofollow noopener\" target=\"_blank\">Isra\u00ebl<\/a>.<\/p>\n<p class=\" wall-content wall-content\">Des\u00a0<a href=\"https:\/\/actu.fr\/societe\/viol-d-une-jeune-fille-a-courbevoie-nouveau-rassemblement-contre-l-antisemitisme-a-paris_61237637.html\" rel=\"nofollow noopener\" target=\"_blank\">rassemblements contre l\u2019antis\u00e9mitisme<\/a>\u00a0avaient \u00e9t\u00e9 organis\u00e9s \u00e0 Paris,<a href=\"https:\/\/actu.fr\/ile-de-france\/courbevoie_92026\/ca-aurait-pu-etre-notre-fille-apres-l-emotion-courbevoie-se-rassemble-en-soutien-a-la-fillette-violee_61239975.html\" rel=\"nofollow noopener\" target=\"_blank\">\u00a0\u00e0 Courbevoie<\/a>\u00a0et dans\u00a0<a href=\"https:\/\/actu.fr\/occitanie\/toulouse_31555\/viol-d-une-jeune-fille-a-courbevoie-un-rassemblement-contre-l-antisemitisme-organise-a-toulouse_61235530.html\" rel=\"nofollow noopener\" target=\"_blank\">d\u2019autres villes de France<\/a>. En pleine campagne pour les\u00a0<a href=\"https:\/\/actu.fr\/ile-de-france\/paris_75056\/legislatives-2024-a-paris-comment-avait-vote-votre-circonscription-lors-des-dernieres-elections-en-2022_61274958.html\" rel=\"nofollow noopener\" target=\"_blank\">\u00e9lections l\u00e9gislatives anticip\u00e9es<\/a>, toute la classe politique avait condamn\u00e9 l\u2019agression. En 2024, un total de\u00a0<strong>1\u2009570 actes\u00a0<a href=\"https:\/\/actu.fr\/tag\/antisemitisme\" rel=\"nofollow noopener\" target=\"_blank\">antis\u00e9mites<\/a><\/strong>\u00a0a \u00e9t\u00e9 recens\u00e9 en France, selon le minist\u00e8re de l\u2019Int\u00e9rieur.<\/p>\n<p class=\" wall-content\"><strong>Avec AFP<\/strong><\/p>\n<p class=\" wall-content\">Suivez toute l\u2019actualit\u00e9 de vos villes et m\u00e9dias favoris en vous inscrivant \u00e0 <a href=\"https:\/\/moncompte.actu.fr\" title=\"D\u00e9couvez Mon Actu\" rel=\"nofollow noopener\" data-trk=\"{&quot;cta&quot;:{&quot;action&quot;:&quot;https:\\\/\\\/moncompte.actu.fr&quot;,&quot;category&quot;:&quot;mon compte&quot;,&quot;from&quot;:&quot;article footer&quot;,&quot;name&quot;:&quot;Mon actu&quot;,&quot;type&quot;:&quot;cta&quot;}}\" target=\"_blank\">Mon Actu<\/a>.<\/p>\n","protected":false},"excerpt":{"rendered":"Par Emilie Salabelle Publi\u00e9 le 13 juin 2025 \u00e0 20h33 L\u2019affaire avait \u00e9mu tout le pays. Une jeune&hellip;\n","protected":false},"author":2,"featured_media":174086,"comment_status":"","ping_status":"","sticky":false,"template":"","format":"standard","meta":{"footnotes":""},"categories":[1888],"tags":[1111,1928,11,1927,6155,1777,674,1011,27,12,1926,626,1925,25,104,6296,799],"class_list":{"0":"post-174085","1":"post","2":"type-post","3":"status-publish","4":"format-standard","5":"has-post-thumbnail","7":"category-paris","8":"tag-actu","9":"tag-actu-paris","10":"tag-actualites","11":"tag-actualites-paris","12":"tag-antisemitisme","13":"tag-eu","14":"tag-europe","15":"tag-fr","16":"tag-france","17":"tag-news","18":"tag-news-paris","19":"tag-paris","20":"tag-paris-news","21":"tag-republique-francaise","22":"tag-societe","23":"tag-tribunal-de-nanterre","24":"tag-violences-sexuelles"},"share_on_mastodon":{"url":"https:\/\/pubeurope.com\/@fr\/114677699291283023","error":""},"_links":{"self":[{"href":"https:\/\/www.europesays.com\/fr\/wp-json\/wp\/v2\/posts\/174085","targetHints":{"allow":["GET"]}}],"collection":[{"href":"https:\/\/www.europesays.com\/fr\/wp-json\/wp\/v2\/posts"}],"about":[{"href":"https:\/\/www.europesays.com\/fr\/wp-json\/wp\/v2\/types\/post"}],"author":[{"embeddable":true,"href":"https:\/\/www.europesays.com\/fr\/wp-json\/wp\/v2\/users\/2"}],"replies":[{"embeddable":true,"href":"https:\/\/www.europesays.com\/fr\/wp-json\/wp\/v2\/comments?post=174085"}],"version-history":[{"count":0,"href":"https:\/\/www.europesays.com\/fr\/wp-json\/wp\/v2\/posts\/174085\/revisions"}],"wp:featuredmedia":[{"embeddable":true,"href":"https:\/\/www.europesays.com\/fr\/wp-json\/wp\/v2\/media\/174086"}],"wp:attachment":[{"href":"https:\/\/www.europesays.com\/fr\/wp-json\/wp\/v2\/media?parent=174085"}],"wp:term":[{"taxonomy":"category","embeddable":true,"href":"https:\/\/www.europesays.com\/fr\/wp-json\/wp\/v2\/categories?post=174085"},{"taxonomy":"post_tag","embeddable":true,"href":"https:\/\/www.europesays.com\/fr\/wp-json\/wp\/v2\/tags?post=174085"}],"curies":[{"name":"wp","href":"https:\/\/api.w.org\/{rel}","templated":true}]}}