{"id":174093,"date":"2025-06-13T19:29:14","date_gmt":"2025-06-13T19:29:14","guid":{"rendered":"https:\/\/www.europesays.com\/fr\/174093\/"},"modified":"2025-06-13T19:29:14","modified_gmt":"2025-06-13T19:29:14","slug":"les-russes-progressent-sur-le-terrain-lukraine-pleure-ses-morts-2","status":"publish","type":"post","link":"https:\/\/www.europesays.com\/fr\/174093\/","title":{"rendered":"Les Russes progressent sur le terrain, l\u2019Ukraine pleure ses morts"},"content":{"rendered":"<p>Vous avez rat\u00e9 les derniers \u00e9v\u00e9nements sur la <a href=\"https:\/\/www.20minutes.fr\/monde\/ukraine\/\" class=\"color-ultramarine c-link\" rel=\"nofollow noopener\" target=\"_blank\">guerre en Ukraine<\/a>\u00a0? 20 Minutes fait le point pour vous tous les soirs. Voici l\u2019essentiel de ce vendredi 13\u00a0juin 2025, 1.206e jour du conflit.<\/p>\n<p>Le fait du jour<\/p>\n<p>Trois nouvelles localit\u00e9s ukrainiennes sont tomb\u00e9es aux mains des <a href=\"https:\/\/www.20minutes.fr\/monde\/russie\/\" class=\"color-ultramarine c-link\" rel=\"nofollow noopener\" target=\"_blank\">Russes<\/a>. Selon le rapport quotidien du minist\u00e8re de la D\u00e9fense, les forces de Moscou se sont empar\u00e9es la localit\u00e9 de Iablonivka dans la r\u00e9gion de Soumy, situ\u00e9e \u00e0 environ 25 kilom\u00e8tres de la capitale r\u00e9gionale \u00e9ponyme. Dans la r\u00e9gion de Donetsk, o\u00f9 se d\u00e9roule l\u2019essentiel des combats depuis le d\u00e9but de l\u2019offensive russe contre l\u2019Ukraine en f\u00e9vrier\u00a02022, l\u2019arm\u00e9e russe a pris le contr\u00f4le des bourgades de Komar et de Koptiev\u00e9. <a href=\"https:\/\/www.20minutes.fr\/monde\/volodymyr-zelensky\/\" class=\"color-ultramarine c-link\" rel=\"nofollow noopener\" target=\"_blank\">Volodymyr Zelensky<\/a> avait pourtant assur\u00e9 jeudi soir que les forces ukrainiennes \u00ab\u00a0repoussent peu \u00e0 peu les occupants dans la r\u00e9gion de Soumy\u00a0\u00bb. C\u2019est dans cette r\u00e9gion que <a href=\"https:\/\/www.20minutes.fr\/monde\/vladimir_poutine\/\" class=\"color-ultramarine c-link\" rel=\"nofollow noopener\" target=\"_blank\">Vladimir Poutine<\/a> a annonc\u00e9 vouloir \u00e9tablir une \u00ab\u00a0zone tampon\u00a0\u00bb afin d\u2019\u00e9viter des incursions ukrainiennes sur le sol russe.<\/p>\n<p>Kiev redoute un assaut de grande envergure du c\u00f4t\u00e9 de Soumy, o\u00f9 les bombardements se sont intensifi\u00e9s.<\/p>\n<p>La d\u00e9claration du jour<\/p>\n<blockquote class=\"mx-m@xs mx-xxl@md color-ultramarine c-citation\">\n<p class=\"font-weight-regular@xs text-italic font-source-serif-pro text-l@xs c-citation__content\">\u00ab\u00a0Il n\u2019y a pas d\u2019\u00e9quivalent r\u00e9cent. C\u2019est un conflit extr\u00eamement meurtrier. D\u2019autant que sur la ligne de front, on a dix fois moins d\u2019hommes\u00a0\u00bb que lors des deux guerres mondiales\u00a0\u00bb<\/p>\n<\/blockquote>\n<p>Le sentiment de Michel Goya, ancien colonel et sp\u00e9cialiste des conflits arm\u00e9s, <a href=\"https:\/\/www.20minutes.fr\/monde\/ukraine\/4158187-20250613-guerre-ukraine-equivalent-recent-comment-placer-million-pertes-cote-russe-histoire\" class=\"color-ultramarine c-link\" rel=\"nofollow noopener\" target=\"_blank\">interrog\u00e9 par 20 Minutes<\/a> sur la cr\u00e9dibilit\u00e9 du chiffre d\u2019un million de morts russes en trois ans, avanc\u00e9 par l\u2019arm\u00e9e de Kiev, qui reste difficilement v\u00e9rifiable.<\/p>\n<\/p>\n<p>Le chiffre du jour<\/p>\n<p>1.200. Le nombre de corps rendus par la Russie \u00e0 l\u2019Ukraine, sans qu\u2019on sache si l\u2019op\u00e9ration a eu lieu jeudi ou vendredi. \u00ab\u00a0Selon les affirmations de la partie russe, les corps sont ceux de citoyens ukrainiens, notamment des militaires\u00a0\u00bb, a annonc\u00e9 le centre ukrainien de coordination pour les prisonniers de guerre sur les r\u00e9seaux sociaux. L\u2019Ukraine va maintenant effectuer ses propres \u00ab\u00a0expertises n\u00e9cessaires\u00a0\u00bb pour identifier ces personnes. Le centre a publi\u00e9 des images de wagons frigorifiques et de personnes en combinaisons blanches, masques et gants qui en d\u00e9chargent des sacs mortuaires.<\/p>\n<p>La Russie avait de son c\u00f4t\u00e9 indiqu\u00e9 avoir r\u00e9cup\u00e9r\u00e9 mercredi\u00a027 d\u00e9pouilles de militaires russes tu\u00e9s remis par l\u2019Ukraine. Elle n\u2019a pas fait d\u2019annonce pour l\u2019op\u00e9ration de vendredi.<\/p>\n<p>La tendance<\/p>\n<p>Ils fuyaient la guerre, le temps d\u2019un s\u00e9jour linguistique en Bretagne. Mais le destin les a rattrap\u00e9s. Un car transportant des adultes et adolescents ukrainiens s\u2019est couch\u00e9 ce vendredi matin sur l\u2019autoroute A81 pr\u00e8s du\u00a0Mans, dans la Sarthe. L\u2019autocar avait quitt\u00e9 en matin\u00e9e Plo\u00ebrmel pour rentrer \u00e0 Kitsman, dans l\u2019ouest de l\u2019Ukraine, d\u2019o\u00f9 sont originaires ces adolescents. <a href=\"https:\/\/www.20minutes.fr\/faits_divers\/4158374-20250613-sarthe-quatre-morts-dizaines-blesses-accident-car-autoroute-a81\" class=\"color-ultramarine c-link\" rel=\"nofollow noopener\" target=\"_blank\">Le bilan provisoire de l\u2019accident<\/a> fait \u00e9tat de quatre morts \u2013 tous des adultes \u2013 de neuf bless\u00e9s graves et de 18 bless\u00e9s l\u00e9gers.<\/p>\n<p><a href=\"https:\/\/www.20minutes.fr\/monde\/ukraine\/\" class=\"c-link c-btn c-btn--primary\" rel=\"nofollow noopener\" target=\"_blank\">Notre dossier sur la guerre en Ukraine<\/a><\/p>\n<p>L\u2019accident a \u00e9t\u00e9 \u00ab\u00a0tr\u00e8s tr\u00e8s soudain\u00a0\u00bb, a t\u00e9moign\u00e9 sur place l\u2019ambassadeur d\u2019Ukraine en France, Vadym Omelchenko, qui a pu discuter avec des victimes prises en charge.<\/p>\n","protected":false},"excerpt":{"rendered":"Vous avez rat\u00e9 les derniers \u00e9v\u00e9nements sur la guerre en Ukraine\u00a0? 20 Minutes fait le point pour vous&hellip;\n","protected":false},"author":2,"featured_media":174094,"comment_status":"","ping_status":"","sticky":false,"template":"","format":"standard","meta":{"footnotes":""},"categories":[1591],"tags":[119,11,1887,131,4998,74,1916,12,1885,1886,132,135,134],"class_list":{"0":"post-174093","1":"post","2":"type-post","3":"status-publish","4":"format-standard","5":"has-post-thumbnail","7":"category-russie","8":"tag-accident","9":"tag-actualites","10":"tag-federation-de-russie","11":"tag-guerre-en-ukraine","12":"tag-kremlin","13":"tag-monde","14":"tag-moscou","15":"tag-news","16":"tag-russia","17":"tag-russian-federation","18":"tag-russie","19":"tag-vladimir-poutine","20":"tag-volodymyr-zelensky"},"share_on_mastodon":{"url":"https:\/\/pubeurope.com\/@fr\/114677715142134030","error":""},"_links":{"self":[{"href":"https:\/\/www.europesays.com\/fr\/wp-json\/wp\/v2\/posts\/174093","targetHints":{"allow":["GET"]}}],"collection":[{"href":"https:\/\/www.europesays.com\/fr\/wp-json\/wp\/v2\/posts"}],"about":[{"href":"https:\/\/www.europesays.com\/fr\/wp-json\/wp\/v2\/types\/post"}],"author":[{"embeddable":true,"href":"https:\/\/www.europesays.com\/fr\/wp-json\/wp\/v2\/users\/2"}],"replies":[{"embeddable":true,"href":"https:\/\/www.europesays.com\/fr\/wp-json\/wp\/v2\/comments?post=174093"}],"version-history":[{"count":0,"href":"https:\/\/www.europesays.com\/fr\/wp-json\/wp\/v2\/posts\/174093\/revisions"}],"wp:featuredmedia":[{"embeddable":true,"href":"https:\/\/www.europesays.com\/fr\/wp-json\/wp\/v2\/media\/174094"}],"wp:attachment":[{"href":"https:\/\/www.europesays.com\/fr\/wp-json\/wp\/v2\/media?parent=174093"}],"wp:term":[{"taxonomy":"category","embeddable":true,"href":"https:\/\/www.europesays.com\/fr\/wp-json\/wp\/v2\/categories?post=174093"},{"taxonomy":"post_tag","embeddable":true,"href":"https:\/\/www.europesays.com\/fr\/wp-json\/wp\/v2\/tags?post=174093"}],"curies":[{"name":"wp","href":"https:\/\/api.w.org\/{rel}","templated":true}]}}