{"id":174095,"date":"2025-06-13T19:30:11","date_gmt":"2025-06-13T19:30:11","guid":{"rendered":"https:\/\/www.europesays.com\/fr\/174095\/"},"modified":"2025-06-13T19:30:11","modified_gmt":"2025-06-13T19:30:11","slug":"meme-quand-le-president-aleksandar-vucic-soutient-lukraine-il-laisse-planer-lambiguite-liberation","status":"publish","type":"post","link":"https:\/\/www.europesays.com\/fr\/174095\/","title":{"rendered":"\u00abM\u00eame quand le pr\u00e9sident Aleksandar Vucic soutient l\u2019Ukraine, il laisse planer l\u2019ambigu\u00eft\u00e9\u00bb \u2013 Lib\u00e9ration"},"content":{"rendered":"<p class=\"sc-ksZaOG ehjQrN text-element\">Pour la premi\u00e8re fois en douze ans de pr\u00e9sidence, Aleksandar Vucic s\u2019est rendu en Ukraine, \u00e0 l\u2019occasion du sommet Ukraine-Europe de l\u2019Est \u00e0 Odessa, mercredi 11 juin. Il a pos\u00e9 au c\u00f4t\u00e9 de Volodymyr Zelensky, et promis de soutenir la reconstruction \u00abd\u2019une ou deux villes ukrainiennes\u00bb. Le dirigeant serbe est pourtant proche de Poutine, qui l\u2019a invit\u00e9 <a href=\"https:\/\/www.liberation.fr\/international\/europe\/celebration-du-9-mai-vladimir-poutine-et-une-vingtaine-de-dirigeants-etrangers-pour-feter-la-victoire-sur-la-place-rouge-20250509_DK4JG6M75ZDKNGLG3SVJFUK3DA\/?redirected=1\" target=\"_blank\" rel=\"noreferrer nofollow noopener\" title=\"https:\/\/www.liberation.fr\/international\/europe\/celebration-du-9-mai-vladimir-poutine-et-une-vingtaine-de-dirigeants-etrangers-pour-feter-la-victoire-sur-la-place-rouge-20250509_DK4JG6M75ZDKNGLG3SVJFUK3DA\/?redirected=1\">au d\u00e9fil\u00e9 militaire du 9 mai \u00e0 Moscou<\/a>.<\/p>\n<p class=\"sc-ksZaOG ehjQrN text-element\">Son \u00aben m\u00eame temps\u00bb diplomatique a cependant connu une secousse fin mai, lorsque les renseignements russes ont signal\u00e9 que la Serbie livrait indirectement du mat\u00e9riel militaire \u00e0 l\u2019Ukraine, d\u00e9non\u00e7ant un \u00abcoup de poignard dans le dos\u00bb. En r\u00e9alit\u00e9, la brouille passag\u00e8re n\u2019a pas entra\u00een\u00e9 de cons\u00e9quence majeure. Pour Nemanja Todorovic Stiplija, chercheur au think tank European Western Balkans, le pr\u00e9sident serbe maintient tant bien que mal un \u00e9quilibre subtil entre Est et Ouest.<\/p>\n<p class=\"sc-ksZaOG ehjQrN text-element\"><b>Quel est l\u2019int\u00e9r\u00eat pour Aleksandar Vucic de s\u2019afficher au c\u00f4t\u00e9 du pr\u00e9sident ukrainien ?<\/b><\/p>\n<p class=\"sc-ksZaOG ehjQrN text-element\">Pour bien comprendre sa visite \u00e0 <\/p>\n","protected":false},"excerpt":{"rendered":"Pour la premi\u00e8re fois en douze ans de pr\u00e9sidence, Aleksandar Vucic s\u2019est rendu en Ukraine, \u00e0 l\u2019occasion du&hellip;\n","protected":false},"author":2,"featured_media":174096,"comment_status":"","ping_status":"","sticky":false,"template":"","format":"standard","meta":{"footnotes":""},"categories":[1590],"tags":[11,6701,1777,674,12,132,3329,220,297],"class_list":{"0":"post-174095","1":"post","2":"type-post","3":"status-publish","4":"format-standard","5":"has-post-thumbnail","7":"category-ukraine","8":"tag-actualites","9":"tag-aleksandar-vucic","10":"tag-eu","11":"tag-europe","12":"tag-news","13":"tag-russie","14":"tag-serbie","15":"tag-ukraine","16":"tag-ukraine-la-crise"},"share_on_mastodon":{"url":"https:\/\/pubeurope.com\/@fr\/114677719035455417","error":""},"_links":{"self":[{"href":"https:\/\/www.europesays.com\/fr\/wp-json\/wp\/v2\/posts\/174095","targetHints":{"allow":["GET"]}}],"collection":[{"href":"https:\/\/www.europesays.com\/fr\/wp-json\/wp\/v2\/posts"}],"about":[{"href":"https:\/\/www.europesays.com\/fr\/wp-json\/wp\/v2\/types\/post"}],"author":[{"embeddable":true,"href":"https:\/\/www.europesays.com\/fr\/wp-json\/wp\/v2\/users\/2"}],"replies":[{"embeddable":true,"href":"https:\/\/www.europesays.com\/fr\/wp-json\/wp\/v2\/comments?post=174095"}],"version-history":[{"count":0,"href":"https:\/\/www.europesays.com\/fr\/wp-json\/wp\/v2\/posts\/174095\/revisions"}],"wp:featuredmedia":[{"embeddable":true,"href":"https:\/\/www.europesays.com\/fr\/wp-json\/wp\/v2\/media\/174096"}],"wp:attachment":[{"href":"https:\/\/www.europesays.com\/fr\/wp-json\/wp\/v2\/media?parent=174095"}],"wp:term":[{"taxonomy":"category","embeddable":true,"href":"https:\/\/www.europesays.com\/fr\/wp-json\/wp\/v2\/categories?post=174095"},{"taxonomy":"post_tag","embeddable":true,"href":"https:\/\/www.europesays.com\/fr\/wp-json\/wp\/v2\/tags?post=174095"}],"curies":[{"name":"wp","href":"https:\/\/api.w.org\/{rel}","templated":true}]}}