{"id":174101,"date":"2025-06-13T19:33:12","date_gmt":"2025-06-13T19:33:12","guid":{"rendered":"https:\/\/www.europesays.com\/fr\/174101\/"},"modified":"2025-06-13T19:33:12","modified_gmt":"2025-06-13T19:33:12","slug":"dans-cette-residence-les-habitants-ne-paient-que-88-centimes-de-loyer-par-an-2","status":"publish","type":"post","link":"https:\/\/www.europesays.com\/fr\/174101\/","title":{"rendered":"Dans cette r\u00e9sidence, les habitants ne paient que 88 centimes de loyer\u2026 par an"},"content":{"rendered":"<p><strong>bon plan &#8211; \u00c0 Augsbourg, en Allemagne, les locataires de la r\u00e9sidence Fuggerei ne paient que 0,88 euro\u00a0de loyer par an depuis\u00a01521, en \u00e9change de r\u00e8gles de vie strictes et de services communautaires<\/strong><\/p>\n<p>C\u2019est un loyer d\u00e9risoire\u00a0et il n\u2019a pas chang\u00e9 depuis\u00a01521, malgr\u00e9 l\u2019<a href=\"https:\/\/www.20minutes.fr\/economie\/inflation\/?at_medium=RSS%20feed&amp;at_campaign=ynews&amp;utm_source=yahoo&amp;utm_medium=rss&amp;utm_campaign=news_feed&amp;utm_content=in_article_link\" rel=\"nofollow noopener\" target=\"_blank\" data-ylk=\"slk:inflation;elm:context_link;itc:0;sec:content-canvas\" class=\"link \">inflation<\/a>. Comme le rapporte le <a href=\"https:\/\/www.dailymail.co.uk\/travel\/article-14802275\/Europe-village-rent-1520-augsburg-fuggerei.html?at_medium=RSS%20feed&amp;at_campaign=ynews&amp;utm_source=yahoo&amp;utm_medium=rss&amp;utm_campaign=news_feed&amp;utm_content=in_article_link\" rel=\"nofollow noopener\" target=\"_blank\" data-ylk=\"slk:Daily Mail;elm:context_link;itc:0;sec:content-canvas\" class=\"link \">Daily Mail<\/a>\u00a0dans un article publi\u00e9 mercredi, les occupants de la r\u00e9sidence Fuggerei, situ\u00e9e \u00e0 Augsbourg\u00a0pr\u00e8s de Munich (<a href=\"https:\/\/www.20minutes.fr\/dossier\/allemagne?at_medium=RSS%20feed&amp;at_campaign=ynews&amp;utm_source=yahoo&amp;utm_medium=rss&amp;utm_campaign=news_feed&amp;utm_content=in_article_link\" rel=\"nofollow noopener\" target=\"_blank\" data-ylk=\"slk:Allemagne;elm:context_link;itc:0;sec:content-canvas\" class=\"link \">Allemagne<\/a>), ne paient que 0,88 euro de <a href=\"https:\/\/www.20minutes.fr\/dossier\/loyer?at_medium=RSS%20feed&amp;at_campaign=ynews&amp;utm_source=yahoo&amp;utm_medium=rss&amp;utm_campaign=news_feed&amp;utm_content=in_article_link\" rel=\"nofollow noopener\" target=\"_blank\" data-ylk=\"slk:loyer;elm:context_link;itc:0;sec:content-canvas\" class=\"link \">loyer<\/a>\u2026 par an\u00a0! Oui oui, vous avez bien lu.<\/p>\n<p>Cette r\u00e9sidence, o\u00f9 le loyer est purement symbolique, a \u00e9t\u00e9 fond\u00e9e en\u00a01521 par Jakob Fugger, un riche marchand bavarois. Son objectif \u00e9tait alors d\u2019aider les habitants d\u00e9munis de la ville. La Fuggerei comprend 142 logements r\u00e9partis sur un terrain de 15.000 m\u00e8tres carr\u00e9s. Chaque appartement a en moyenne une surface de 60 m\u00e8tres carr\u00e9s et dispose de trois pi\u00e8ces. Les locataires du rez-de-chauss\u00e9e b\u00e9n\u00e9ficient g\u00e9n\u00e9ralement d\u2019un petit jardin.<\/p>\n<p>Couvre-feu \u00e0 22 heures<\/p>\n<p>Mais tout le monde ne peut pas devenir locataire de ce lieu privil\u00e9gi\u00e9, et quasiment gratuit. Seuls les Augsbourgeois catholiques et \u00e0 faibles revenus peuvent postuler, comme le pr\u00e9cise le site Internet de la r\u00e9sidence. En \u00e9change de ce loyer symbolique, plusieurs r\u00e8gles doivent \u00eatre respect\u00e9es, \u00e0 commencer par le\u00a0couvre-feu de 22 heures. Il est possible de le d\u00e9passer en payant une taxe de 50 centimes avant minuit et d\u2019un euro apr\u00e8s.<\/p>\n<p>Les locataires doivent \u00e9galement prier trois fois par jour\u00a0en l\u2019honneur des actuels propri\u00e9taires des lieux. Enfin, chacun est tenu de consacrer du temps \u00e0 \u00ab\u00a0de petits services pour le bien commun\u00a0\u00bb, comme la surveillance ou le jardinage. La r\u00e9sidence, qui comprend aussi un mus\u00e9e et une mai(&#8230;)<\/p>\n<p><a href=\"https:\/\/www.20minutes.fr\/monde\/4158433-20250613-allemagne-residence-habitants-paient-88-centimes-loyer-an?at_medium=RSS%20feed&amp;at_campaign=ynews&amp;utm_source=yahoo&amp;utm_medium=rss&amp;utm_campaign=news_feed&amp;utm_content=read_more_link&quot;\" rel=\"nofollow noopener\" target=\"_blank\" data-ylk=\"slk:Lire la suite sur 20minutes;elm:context_link;itc:0;sec:content-canvas\" class=\"link \">Lire la suite sur 20minutes<\/a><\/p>\n<p>\u00c0 lire aussi :<br \/><a href=\"https:\/\/www.20minutes.fr\/economie\/immobilier\/4151714-20250512-loyer-bas-contre-ristourne-fiscale-elevee-presente-loc-avantages?at_medium=RSS%20feed&amp;at_campaign=ynews&amp;utm_source=yahoo&amp;utm_medium=rss&amp;utm_campaign=news_feed&amp;utm_content=related_content_link\" rel=\"nofollow noopener\" target=\"_blank\" data-ylk=\"slk:Un loyer bas contre une ristourne fiscale \u00e9lev\u00e9e, on vous pr\u00e9sente Loc&#039;Avantages;elm:context_link;itc:0;sec:content-canvas\" class=\"link \">Un loyer bas contre une ristourne fiscale \u00e9lev\u00e9e, on vous pr\u00e9sente Loc&rsquo;Avantages<\/a><br \/><a href=\"https:\/\/www.20minutes.fr\/societe\/4151313-20250502-loyers-bientot-indexes-revenus-locataires-faux?at_medium=RSS%20feed&amp;at_campaign=ynews&amp;utm_source=yahoo&amp;utm_medium=rss&amp;utm_campaign=news_feed&amp;utm_content=related_content_link\" rel=\"nofollow noopener\" target=\"_blank\" data-ylk=\"slk:Les loyers bient\u00f4t index\u00e9s sur les revenus des locataires\u00a0? c\u2019est faux;elm:context_link;itc:0;sec:content-canvas\" class=\"link \">Les loyers bient\u00f4t index\u00e9s sur les revenus des locataires\u00a0? c\u2019est faux<\/a><\/p>\n","protected":false},"excerpt":{"rendered":"bon plan &#8211; \u00c0 Augsbourg, en Allemagne, les locataires de la r\u00e9sidence Fuggerei ne paient que 0,88 euro\u00a0de&hellip;\n","protected":false},"author":2,"featured_media":174102,"comment_status":"","ping_status":"","sticky":false,"template":"","format":"standard","meta":{"footnotes":""},"categories":[1587],"tags":[11,672,1804,1805,1803,1777,674,30921,1801,30922,30920,22329,12,1802,30923],"class_list":{"0":"post-174101","1":"post","2":"type-post","3":"status-publish","4":"format-standard","5":"has-post-thumbnail","7":"category-allemagne","8":"tag-actualites","9":"tag-allemagne","10":"tag-bundesrepublik-deutschland","11":"tag-de","12":"tag-deutschland","13":"tag-eu","14":"tag-europe","15":"tag-fuggerei","16":"tag-germany","17":"tag-jakob-fugger","18":"tag-la-residence","19":"tag-loyer","20":"tag-news","21":"tag-republique-federale-dallemagne","22":"tag-services-communautaires"},"share_on_mastodon":{"url":"https:\/\/pubeurope.com\/@fr\/114677730818685680","error":""},"_links":{"self":[{"href":"https:\/\/www.europesays.com\/fr\/wp-json\/wp\/v2\/posts\/174101","targetHints":{"allow":["GET"]}}],"collection":[{"href":"https:\/\/www.europesays.com\/fr\/wp-json\/wp\/v2\/posts"}],"about":[{"href":"https:\/\/www.europesays.com\/fr\/wp-json\/wp\/v2\/types\/post"}],"author":[{"embeddable":true,"href":"https:\/\/www.europesays.com\/fr\/wp-json\/wp\/v2\/users\/2"}],"replies":[{"embeddable":true,"href":"https:\/\/www.europesays.com\/fr\/wp-json\/wp\/v2\/comments?post=174101"}],"version-history":[{"count":0,"href":"https:\/\/www.europesays.com\/fr\/wp-json\/wp\/v2\/posts\/174101\/revisions"}],"wp:featuredmedia":[{"embeddable":true,"href":"https:\/\/www.europesays.com\/fr\/wp-json\/wp\/v2\/media\/174102"}],"wp:attachment":[{"href":"https:\/\/www.europesays.com\/fr\/wp-json\/wp\/v2\/media?parent=174101"}],"wp:term":[{"taxonomy":"category","embeddable":true,"href":"https:\/\/www.europesays.com\/fr\/wp-json\/wp\/v2\/categories?post=174101"},{"taxonomy":"post_tag","embeddable":true,"href":"https:\/\/www.europesays.com\/fr\/wp-json\/wp\/v2\/tags?post=174101"}],"curies":[{"name":"wp","href":"https:\/\/api.w.org\/{rel}","templated":true}]}}