{"id":174109,"date":"2025-06-13T19:37:13","date_gmt":"2025-06-13T19:37:13","guid":{"rendered":"https:\/\/www.europesays.com\/fr\/174109\/"},"modified":"2025-06-13T19:37:13","modified_gmt":"2025-06-13T19:37:13","slug":"une-minute-de-silence-derape-pres-de-lyon","status":"publish","type":"post","link":"https:\/\/www.europesays.com\/fr\/174109\/","title":{"rendered":"une minute de silence d\u00e9rape pr\u00e8s de Lyon"},"content":{"rendered":"<p>            Par<br \/>\n        <strong><br \/>\n            <a href=\"https:\/\/actu.fr\/auteur\/julien-damboise\" title=\"Consulter tous les articles de Julien Damboise\" target=\"_blank\" rel=\"noopener\">Julien Damboise<\/a><br \/>\n        <\/strong><\/p>\n<p>        Publi\u00e9 le<\/p>\n<p>            13 juin 2025 \u00e0 17h26        <\/p>\n<p>Le coll\u00e8ge Jacques Coeur de Lentilly, pr\u00e8s de <a href=\"https:\/\/actu.fr\/auvergne-rhone-alpes\/lyon_69123\" target=\"_blank\" rel=\"noopener\">Lyon<\/a>, a \u00e9t\u00e9 le th\u00e9\u00e2tre d\u2019incident ce jeudi 12\u00a0 juin 2025 lors de la <strong>minute de silence<\/strong> en hommage \u00e0 la <a href=\"https:\/\/actu.fr\/faits-divers\/haute-marne-un-collegien-blesse-grievement-une-surveillante-au-couteau-la-victime-en-urgence-absolue_62749787.html\" target=\"_blank\" rel=\"noopener\">surveillante tu\u00e9e<\/a> mardi \u00e0 Nogent dans la Haute-Marne.<\/p>\n<p class=\" wall-content\">Un \u00e9l\u00e8ve a aussi tenu des <strong>propos mena\u00e7ants<\/strong> envers une assistante d\u2019\u00e9ducation. Le rectorat de Lyon donne des pr\u00e9cisions sur les suites apport\u00e9es aux affaires.<\/p>\n<p>Minute de silence perturb\u00e9e par deux \u00e9l\u00e8ves<\/p>\n<p class=\" wall-content\">En hommage \u00e0 M\u00e9lanie, assistante d\u2019\u00e9ducation tu\u00e9e par un adolescent de 14 ans devant le coll\u00e8ge Fran\u00e7oise Dolto \u00e0 Nogent (Haute-Marne), la ministre de l\u2019\u00c9ducation nationale Elisabeth Borne avait d\u00e9cr\u00e9t\u00e9 la tenue d\u2019une <a href=\"https:\/\/actu.fr\/faits-divers\/surveillante-tuee-a-nogent-elisabeth-borne-demande-une-minute-de-silence-dans-les-etablissements-scolaires_62754587.html\" target=\"_blank\" rel=\"noopener\">minute de silence<\/a>.<\/p>\n<p class=\" wall-content\">Mais durant le moment de recueillement, <strong>deux \u00e9l\u00e8ves ont perturb\u00e9<\/strong> la minute de silence selon des informations recueillies par actu Lyon. Des propos d\u00e9plac\u00e9s seraient en cause.<\/p>\n<p class=\" wall-content\">Contact\u00e9 par nos soins, le rectorat confirme l\u2019incident et pr\u00e9cise qu\u2019une punition a d\u00e9j\u00e0 \u00e9t\u00e9 d\u00e9cid\u00e9e pour les deux mis en cause : une <strong>exclusion de 8 jours<\/strong> de l\u2019\u00e9tablissement.<\/p>\n<p>Vid\u00e9os : en ce moment sur Actu<\/p>\n<p class=\" wall-content\">Mais ce n\u2019a pas \u00e9t\u00e9 le seul probl\u00e8me enregistr\u00e9 dans l\u2019\u00e9tablissement dans la journ\u00e9e.<\/p>\n<p>Un autre \u00e9l\u00e8ve menace de \u00ab\u00a0planter\u00a0\u00bb une assistante d\u2019\u00e9ducation<\/p>\n<p class=\" wall-content\">Toujours jeudi, cette fois \u00e0 la pause entre midi et deux, une assistante d\u2019\u00e9ducation a indiqu\u00e9 \u00e0 un autre coll\u00e9gien que la petite pochette qu\u2019il portait \u00e9tait interdite dans l\u2019\u00e9tablissement, et qu\u2019il devait lui remettre avant de la r\u00e9cup\u00e9rer en fin de journ\u00e9e.<\/p>\n<p class=\" wall-content\">Mais l\u2019\u00e9l\u00e8ve a eu des propos mena\u00e7ants, selon une information du <a href=\"https:\/\/www.leprogres.fr\/faits-divers-justice\/2025\/06\/13\/un-collegien-menace-de-planter-une-surveillante-dans-un-etablissement-au-nord-de-lyon?at_content=photo&amp;at_term=leprogreslyon&amp;at_campaign=Twitter&amp;at_medium=Social&amp;at_source=nonli\" target=\"_blank\" rel=\"noopener\">Progr\u00e8s<\/a> confirm\u00e9e par actu Lyon, avec semble-t-il ces termes : \u00ab\u00a0Moi aussi,<strong> je suis capable de planter<\/strong> une surveillante\u00a0\u00bb. Le mis en cause a ensuite piqu\u00e9 une col\u00e8re, avec de nouveau une attitude mena\u00e7ante face au principal. La <a href=\"https:\/\/actu.fr\/tag\/gendarmerie\" target=\"_blank\" rel=\"noopener\">gendarmerie<\/a> est finalement intervenue pour faire revenir le calme.<\/p>\n<p class=\" wall-content\">Pour le jeune homme, un <strong>conseil de discipline<\/strong> va se tenir pour d\u00e9terminer les sanctions exemplaires qui seront prises.<\/p>\n<p class=\" wall-content\">La rectrice, Anne Bisagni-Faure, \u00ab\u00a0apporte tout son soutien aux personnels du coll\u00e8ge Jacques C\u0153ur, qui ont \u00e9t\u00e9 confront\u00e9s \u00e0 des faits d\u2019une extr\u00eame gravit\u00e9 et qui ne resteront pas sans cons\u00e9quence\u00a0\u00bb.<\/p>\n<p class=\" wall-content\">Suivez toute l\u2019actualit\u00e9 de vos villes et m\u00e9dias favoris en vous inscrivant \u00e0 <a href=\"https:\/\/moncompte.actu.fr\" title=\"D\u00e9couvez Mon Actu\" rel=\"nofollow noopener\" data-trk=\"{&quot;cta&quot;:{&quot;action&quot;:&quot;https:\\\/\\\/moncompte.actu.fr&quot;,&quot;category&quot;:&quot;mon compte&quot;,&quot;from&quot;:&quot;article footer&quot;,&quot;name&quot;:&quot;Mon actu&quot;,&quot;type&quot;:&quot;cta&quot;}}\" target=\"_blank\">Mon Actu<\/a>.<\/p>\n","protected":false},"excerpt":{"rendered":"Par Julien Damboise Publi\u00e9 le 13 juin 2025 \u00e0 17h26 Le coll\u00e8ge Jacques Coeur de Lentilly, pr\u00e8s de&hellip;\n","protected":false},"author":2,"featured_media":174110,"comment_status":"","ping_status":"","sticky":false,"template":"","format":"standard","meta":{"footnotes":""},"categories":[2],"tags":[11,4019,118,1011,27,3381,12,25],"class_list":{"0":"post-174109","1":"post","2":"type-post","3":"status-publish","4":"format-standard","5":"has-post-thumbnail","7":"category-actualites","8":"tag-actualites","9":"tag-ecoles","10":"tag-faits-divers","11":"tag-fr","12":"tag-france","13":"tag-gendarmerie","14":"tag-news","15":"tag-republique-francaise"},"share_on_mastodon":{"url":"https:\/\/pubeurope.com\/@fr\/114677746590553372","error":""},"_links":{"self":[{"href":"https:\/\/www.europesays.com\/fr\/wp-json\/wp\/v2\/posts\/174109","targetHints":{"allow":["GET"]}}],"collection":[{"href":"https:\/\/www.europesays.com\/fr\/wp-json\/wp\/v2\/posts"}],"about":[{"href":"https:\/\/www.europesays.com\/fr\/wp-json\/wp\/v2\/types\/post"}],"author":[{"embeddable":true,"href":"https:\/\/www.europesays.com\/fr\/wp-json\/wp\/v2\/users\/2"}],"replies":[{"embeddable":true,"href":"https:\/\/www.europesays.com\/fr\/wp-json\/wp\/v2\/comments?post=174109"}],"version-history":[{"count":0,"href":"https:\/\/www.europesays.com\/fr\/wp-json\/wp\/v2\/posts\/174109\/revisions"}],"wp:featuredmedia":[{"embeddable":true,"href":"https:\/\/www.europesays.com\/fr\/wp-json\/wp\/v2\/media\/174110"}],"wp:attachment":[{"href":"https:\/\/www.europesays.com\/fr\/wp-json\/wp\/v2\/media?parent=174109"}],"wp:term":[{"taxonomy":"category","embeddable":true,"href":"https:\/\/www.europesays.com\/fr\/wp-json\/wp\/v2\/categories?post=174109"},{"taxonomy":"post_tag","embeddable":true,"href":"https:\/\/www.europesays.com\/fr\/wp-json\/wp\/v2\/tags?post=174109"}],"curies":[{"name":"wp","href":"https:\/\/api.w.org\/{rel}","templated":true}]}}