{"id":174111,"date":"2025-06-13T19:38:18","date_gmt":"2025-06-13T19:38:18","guid":{"rendered":"https:\/\/www.europesays.com\/fr\/174111\/"},"modified":"2025-06-13T19:38:18","modified_gmt":"2025-06-13T19:38:18","slug":"conflit-israel-iran-macron-annonce-un-renforcement-du-dispositif-sentinelle-en-france","status":"publish","type":"post","link":"https:\/\/www.europesays.com\/fr\/174111\/","title":{"rendered":"Conflit Isra\u00ebl-Iran : Macron annonce \u00ab\u00a0un renforcement\u00a0\u00bb du dispositif Sentinelle en France"},"content":{"rendered":"<ul class=\"jsx-862013697 ArticleChapo__List\">\n<li class=\"jsx-862013697 ArticleChapo__List_Item flex\">Alors que la tension grandit entre Isra\u00ebl et l&rsquo;Iran, le pr\u00e9sident fran\u00e7ais a annonc\u00e9 ce vendredi avoir pris \u00ab\u00a0plusieurs mesures\u00a0\u00bb pour \u00ab\u00a0garantir la s\u00e9curit\u00e9 de nos ressortissants et de nos troupes et de nos ambassades dans la r\u00e9gion\u00a0\u00bb.<\/li>\n<li class=\"jsx-862013697 ArticleChapo__List_Item flex\">D&rsquo;autres mesures seront aussi mises en place dans l&rsquo;Hexagone, sans que l&rsquo;on sache pour l&rsquo;instant les d\u00e9tails.<\/li>\n<\/ul>\n<p data-module=\"article-paragraph\" class=\"jsx-3046738180 Paragraph Paragraph__End\">Ce qui se joue au Proche-Orient a d\u00e9j\u00e0 des cons\u00e9quences en France. <a href=\"https:\/\/www.tf1info.fr\/international\/en-bref-les-jours-qui-viennent-sont-extremement-dangereux-ce-qu-a-dit-macron-sur-les-frappes-israeliennes-en-iran-2376917.html\" target=\"_blank\" rel=\"noopener\">Emmanuel Macron (nouvelle fen\u00eatre)<\/a> a annonc\u00e9 ce vendredi un \u00ab\u00a0renforcement\u00a0\u00bb du dispositif Sentinelle \u00ab\u00a0pour faire face \u00e0 toutes les potentielles menaces sur le territoire national\u00a0\u00bb, <a href=\"https:\/\/www.tf1info.fr\/international\/en-direct-moyen-orient-frappes-sur-l-iran-israel-mene-une-vaste-operation-rising-lions-contre-l-iran-gardien-revolution-tue-les-infos-du-vendredi-13-juin-2025-2376733.html\" target=\"_blank\" rel=\"noopener\">apr\u00e8s les frappes massives d&rsquo;Isra\u00ebl sur des sites militaires et nucl\u00e9aires de l&rsquo;Iran<\/a>. Ce dispositif militaire avait \u00e9t\u00e9 d\u00e9ploy\u00e9 au lendemain des attentats de janvier 2015 pour prot\u00e9ger les \u00ab\u00a0points sensibles\u00a0\u00bb du territoire. Les d\u00e9tails n&rsquo;ont pas \u00e9t\u00e9 communiqu\u00e9s<\/p>\n<p data-module=\"article-paragraph\" class=\"jsx-3046738180 Paragraph Paragraph__End\">\u00ab\u00a0Plusieurs mesures ont aussi \u00e9t\u00e9 act\u00e9es pour garantir la s\u00e9curit\u00e9 de nos ressortissants et de nos troupes et de nos ambassades dans la r\u00e9gion. Je demande \u00e0 nos compatriotes de ne pas se rendre sur place, quel que soit le pr\u00e9texte. Notre dispositif militaire dans la r\u00e9gion est quant \u00e0 lui en alerte\u00a0\u00bb, a ajout\u00e9 le pr\u00e9sident de la R\u00e9publique <a href=\"https:\/\/www.tf1info.fr\/international\/en-bref-les-jours-qui-viennent-sont-extremement-dangereux-ce-qu-a-dit-macron-sur-les-frappes-israeliennes-en-iran-2376917.html\" target=\"_blank\" rel=\"noopener\">lors d&rsquo;une conf\u00e9rence de presse \u00e0 l&rsquo;\u00c9lys\u00e9e.<\/a><\/p>\n<p><a href=\"https:\/\/www.tf1info.fr\/international\/en-bref-les-jours-qui-viennent-sont-extremement-dangereux-ce-qu-a-dit-macron-sur-les-frappes-israeliennes-en-iran-2376917.html\" rel=\"noopener\" class=\"jsx-3308031228 Link flex\" target=\"_blank\"><img decoding=\"async\" src=\"https:\/\/www.europesays.com\/fr\/wp-content\/uploads\/2025\/06\/conference-iran-emmanuel-macron-13-juin-2025-f9160f-0@1x.jpeg\" alt=\"Michel Euler \/ POOL \/ AFP\" loading=\"lazy\" importance=\"low\" fetchpriority=\"low\" class=\"\"\/><\/p>\n<p class=\"jsx-3657663356 ReadMoreArticle__Title\">Lire aussi<\/p>\n<p class=\"jsx-3657663356\">EN BREF &#8211; \u00ab\u00a0Les jours qui viennent sont extr\u00eamement dangereux\u00a0\u00bb : ce qu&rsquo;a dit Macron sur les frappes isra\u00e9liennes en Iran<\/p>\n<p><\/a><\/p>\n<p data-module=\"article-paragraph\" class=\"jsx-3046738180 Paragraph Paragraph__End\">La tension entre Isra\u00ebl et l&rsquo;Iran est mont\u00e9e d&rsquo;un cran t\u00f4t vendredi matin apr\u00e8s une attaque lanc\u00e9e par Tsahal contre des sites militaires et nucl\u00e9aires iraniens, entra\u00eenant une r\u00e9plique de T\u00e9h\u00e9ran. D&rsquo;une ampleur sans pr\u00e9c\u00e9dent, ces frappes pourraient aussi avoir des cons\u00e9quences \u00ab\u00a0\u00e9conomiques\u00a0\u00bb selon Emmanuel Macron. \u00ab\u00a0L&rsquo;\u00e9conomie mondiale peut \u00eatre impact\u00e9e, qu&rsquo;il s&rsquo;agisse des routes commerciales et des menaces sur le d\u00e9troit d&rsquo;Ormuz, qu&rsquo;il s&rsquo;agisse des capacit\u00e9s de production p\u00e9troli\u00e8re mondiale\u00a0\u00bb, a-t-il estim\u00e9.\u00a0<\/p>\n<p>D.D.F. avec AFP<\/p>\n","protected":false},"excerpt":{"rendered":"Alors que la tension grandit entre Isra\u00ebl et l&rsquo;Iran, le pr\u00e9sident fran\u00e7ais a annonc\u00e9 ce vendredi avoir pris&hellip;\n","protected":false},"author":2,"featured_media":174112,"comment_status":"","ping_status":"","sticky":false,"template":"","format":"standard","meta":{"footnotes":""},"categories":[4],"tags":[1111,11,1921,1073,1011,27,1922,3019,664,30925,12,30926,25,133,1920],"class_list":{"0":"post-174111","1":"post","2":"type-post","3":"status-publish","4":"format-standard","5":"has-post-thumbnail","7":"category-france","8":"tag-actu","9":"tag-actualites","10":"tag-article-video","11":"tag-emmanuel-macron","12":"tag-fr","13":"tag-france","14":"tag-info","15":"tag-iran","16":"tag-israel","17":"tag-israel-frappe-liran","18":"tag-news","19":"tag-qui-promet-une-riposte-dampleur","20":"tag-republique-francaise","21":"tag-video","22":"tag-video-international"},"share_on_mastodon":{"url":"https:\/\/pubeurope.com\/@fr\/114677750516226059","error":""},"_links":{"self":[{"href":"https:\/\/www.europesays.com\/fr\/wp-json\/wp\/v2\/posts\/174111","targetHints":{"allow":["GET"]}}],"collection":[{"href":"https:\/\/www.europesays.com\/fr\/wp-json\/wp\/v2\/posts"}],"about":[{"href":"https:\/\/www.europesays.com\/fr\/wp-json\/wp\/v2\/types\/post"}],"author":[{"embeddable":true,"href":"https:\/\/www.europesays.com\/fr\/wp-json\/wp\/v2\/users\/2"}],"replies":[{"embeddable":true,"href":"https:\/\/www.europesays.com\/fr\/wp-json\/wp\/v2\/comments?post=174111"}],"version-history":[{"count":0,"href":"https:\/\/www.europesays.com\/fr\/wp-json\/wp\/v2\/posts\/174111\/revisions"}],"wp:featuredmedia":[{"embeddable":true,"href":"https:\/\/www.europesays.com\/fr\/wp-json\/wp\/v2\/media\/174112"}],"wp:attachment":[{"href":"https:\/\/www.europesays.com\/fr\/wp-json\/wp\/v2\/media?parent=174111"}],"wp:term":[{"taxonomy":"category","embeddable":true,"href":"https:\/\/www.europesays.com\/fr\/wp-json\/wp\/v2\/categories?post=174111"},{"taxonomy":"post_tag","embeddable":true,"href":"https:\/\/www.europesays.com\/fr\/wp-json\/wp\/v2\/tags?post=174111"}],"curies":[{"name":"wp","href":"https:\/\/api.w.org\/{rel}","templated":true}]}}