{"id":174144,"date":"2025-06-13T19:57:10","date_gmt":"2025-06-13T19:57:10","guid":{"rendered":"https:\/\/www.europesays.com\/fr\/174144\/"},"modified":"2025-06-13T19:57:10","modified_gmt":"2025-06-13T19:57:10","slug":"voici-comment-se-sont-comportees-les-premieres-microsecondes-de-lunivers-primitif","status":"publish","type":"post","link":"https:\/\/www.europesays.com\/fr\/174144\/","title":{"rendered":"voici comment se sont comport\u00e9es les premi\u00e8res microsecondes de l&rsquo;univers primitif"},"content":{"rendered":"<p data-start=\"356\" data-end=\"843\"><strong>Pendant les toutes<br \/>\npremi\u00e8res microsecondes apr\u00e8s le Big Bang, <a href=\"https:\/\/sciencepost.fr\/le-cern-sapprete-a-deplacer-la-matiere-la-plus-instable-de-lunivers-voici-pourquoi-cest-important\/\" target=\"_blank\" rel=\"noopener nofollow\">l\u2019univers<\/a> n\u2019avait encore ni<br \/>\n\u00e9toiles, ni galaxies, ni m\u00eame atomes. Il baignait dans une soupe<br \/>\ninfernale de quarks et de gluons, \u00e0 des temp\u00e9ratures si extr\u00eames<br \/>\nque la mati\u00e8re telle que nous la connaissons ne pouvait exister.<br \/>\nPour la premi\u00e8re fois, des chercheurs sont parvenus \u00e0 mod\u00e9liser<br \/>\navec pr\u00e9cision cet \u00e9tat de la mati\u00e8re primordiale, r\u00e9v\u00e9lant un pan<br \/>\nfondamental \u2014 et longtemps insaisissable \u2014 de l\u2019histoire du<br \/>\ncosmos.<\/strong><\/p>\n<p>Un univers en fusion :<br \/>\nnaissance du plasma quark-gluon<\/p>\n<p data-start=\"910\" data-end=\"1293\">Revenons 13,8 milliards<br \/>\nd\u2019ann\u00e9es en arri\u00e8re. Imm\u00e9diatement apr\u00e8s le Big Bang, l\u2019univers<br \/>\nn\u2019\u00e9tait qu\u2019une bulle d\u2019\u00e9nergie surchauff\u00e9e. Les particules<br \/>\n\u00e9l\u00e9mentaires n\u2019\u00e9taient pas encore li\u00e9es entre elles : les quarks<br \/>\n(constituants des protons et neutrons) et les gluons (les \u00ab<br \/>\ncolleurs \u00bb de quarks) formaient un plasma dense et chaud, qu\u2019on<br \/>\nappelle plasma quark-gluon.<\/p>\n<p data-start=\"1295\" data-end=\"1627\">Ce plasma est consid\u00e9r\u00e9 comme<br \/>\nl\u2019\u00e9tat de mati\u00e8re le plus chaud ayant jamais exist\u00e9 dans l\u2019univers.<br \/>\nIl a dur\u00e9 quelques millioni\u00e8mes de seconde seulement, avant de se \u00ab<br \/>\nsolidifier \u00bb pour donner naissance aux premiers protons et<br \/>\nneutrons. Mais ce court \u00e9pisode a laiss\u00e9 une empreinte d\u00e9cisive<br \/>\ndans la structuration de l\u2019univers.<\/p>\n<p>Un mur math\u00e9matique : la<br \/>\nforce forte, l\u2019incontr\u00f4lable de la physique<\/p>\n<p data-start=\"1708\" data-end=\"2143\">Pour comprendre le<br \/>\ncomportement de ce plasma, les physiciens doivent mod\u00e9liser la<br \/>\nforce nucl\u00e9aire forte, celle qui lie les quarks entre eux. C\u2019est l\u00e0<br \/>\nque les choses se compliquent : cette force est extr\u00eamement intense<br \/>\net ne se laisse pas apprivoiser facilement par les \u00e9quations<br \/>\nclassiques. Les outils math\u00e9matiques habituellement utilis\u00e9s en<br \/>\nphysique quantique, comme la th\u00e9orie des perturbations, \u00e9chouent<br \/>\ntotalement ici.<\/p>\n<p data-start=\"2145\" data-end=\"2490\">Pourquoi ? Parce que dans les<br \/>\nconditions du plasma quark-gluon, la force forte ne faiblit jamais.<br \/>\nElle reste aussi puissante \u00e0 courte distance qu\u2019\u00e0 longue distance,<br \/>\nrendant toute tentative de calcul analytique extr\u00eamement instable.<br \/>\nC\u2019est comme essayer de pr\u00e9dire la m\u00e9t\u00e9o d\u2019une tornade avec une<br \/>\nboussole et une \u00e9charpe : totalement inadapt\u00e9.<\/p>\n<p>Une perc\u00e9e informatique : la<br \/>\nQCD sur r\u00e9seau combin\u00e9e \u00e0 la m\u00e9thode de Monte Carlo<\/p>\n<p data-start=\"2583\" data-end=\"2936\">Pour contourner ce probl\u00e8me,<br \/>\nune \u00e9quipe de chercheurs italiens a utilis\u00e9 une technique de<br \/>\nsimulation num\u00e9rique avanc\u00e9e : la chromodynamique quantique sur<br \/>\nr\u00e9seau (ou QCD sur r\u00e9seau). L\u2019id\u00e9e est de repr\u00e9senter<br \/>\nl\u2019espace-temps sous forme de grille \u00e0 quatre dimensions, sur<br \/>\nlaquelle les interactions des particules sont calcul\u00e9es point par<br \/>\npoint.<\/p>\n<p data-start=\"2938\" data-end=\"3335\">Mais cette \u00e9quipe est all\u00e9e<br \/>\nplus loin. Elle a combin\u00e9 la QCD sur r\u00e9seau \u00e0 la m\u00e9thode de Monte<br \/>\nCarlo, un algorithme probabiliste qui utilise des \u00e9chantillonnages<br \/>\nal\u00e9atoires pour mod\u00e9liser des syst\u00e8mes complexes. Ce duo<br \/>\nd\u2019approches a permis aux scientifiques d\u2019explorer un univers simul\u00e9<br \/>\nrempli de trois types de quarks tr\u00e8s l\u00e9gers, dans des conditions<br \/>\nproches de celles de l\u2019univers primordial.<\/p>\n<p data-start=\"3337\" data-end=\"3564\">Ils ont simul\u00e9 des<br \/>\ntemp\u00e9ratures allant jusqu\u2019\u00e0 165 GeV (soit plus de 2 millions de<br \/>\nmilliards de degr\u00e9s Kelvin), proches de la transition<br \/>\n\u00e9lectrofaible, le moment o\u00f9 les particules \u00e9l\u00e9mentaires acqui\u00e8rent<br \/>\nleur masse.<\/p>\n<p><img loading=\"lazy\" data-lazyloaded=\"1\" decoding=\"async\" class=\"size-full wp-image-311194\" src=\"https:\/\/www.europesays.com\/fr\/wp-content\/uploads\/2025\/06\/iStock-1838185694.jpg\" alt=\"big bang univers\" width=\"1986\" height=\"1509\"  data-\/><\/p>\n<p class=\"istock-credit\" style=\"text-align:center\">Cr\u00e9dit :<br \/>\niStock<\/p>\n<p>Cr\u00e9dits : Naeblys\/istockUne \u00e9quation d\u2019\u00e9tat pour<br \/>\nl\u2019aube du cosmos<\/p>\n<p data-start=\"3618\" data-end=\"3877\">Le r\u00e9sultat de cette prouesse<br \/>\nest la meilleure \u00e9quation d\u2019\u00e9tat jamais obtenue pour le plasma<br \/>\nquark-gluon. Cette \u00e9quation relie les grandeurs thermodynamiques<br \/>\nfondamentales : la temp\u00e9rature, la pression, la densit\u00e9 d\u2019\u00e9nergie<br \/>\net l\u2019entropie de ce plasma.<\/p>\n<p data-start=\"3879\" data-end=\"4072\">Elle permet de reconstituer la<br \/>\ndynamique exacte du plasma dans les toutes premi\u00e8res microsecondes<br \/>\napr\u00e8s le Big Bang, moment o\u00f9 les premi\u00e8res structures de la mati\u00e8re<br \/>\nont commenc\u00e9 \u00e0 \u00e9merger.<\/p>\n<p data-start=\"4074\" data-end=\"4394\">Et la surprise ne s\u2019est pas<br \/>\nfait attendre : m\u00eame \u00e0 ces temp\u00e9ratures extr\u00eames, les quarks et<br \/>\ngluons n\u2019\u00e9taient pas libres. L\u2019interaction forte restait dominante,<br \/>\nbien plus t\u00f4t qu\u2019on ne le croyait. L\u2019id\u00e9e que ces particules se<br \/>\ncomportaient comme un gaz libre et non li\u00e9 \u00e0 haute temp\u00e9rature<br \/>\nsemble d\u00e9sormais erron\u00e9e.<\/p>\n<p>Pourquoi c\u2019est un tournant<br \/>\nmajeur<\/p>\n<p data-start=\"4440\" data-end=\"4565\">Ces r\u00e9sultats ont des<br \/>\nimplications profondes. En affinant notre compr\u00e9hension du plasma<br \/>\nquark-gluon, les chercheurs peuvent :<\/p>\n<ul data-start=\"4567\" data-end=\"4769\">\n<li data-start=\"4567\" data-end=\"4616\">\n<p data-start=\"4569\" data-end=\"4616\">mieux mod\u00e9liser la naissance<br \/>\nde la mati\u00e8re,<\/p>\n<\/li>\n<li data-start=\"4617\" data-end=\"4672\">\n<p data-start=\"4619\" data-end=\"4672\">revoir les sc\u00e9narios de<br \/>\nformation des particules,<\/p>\n<\/li>\n<li data-start=\"4673\" data-end=\"4769\">\n<p data-start=\"4675\" data-end=\"4769\">et pr\u00e9ciser l\u2019\u00e9volution des<br \/>\nforces fondamentales dans les premi\u00e8res secondes de l\u2019univers.<\/p>\n<\/li>\n<\/ul>\n<p data-start=\"4771\" data-end=\"5102\"><a href=\"https:\/\/journals.aps.org\/prl\/abstract\/10.1103\/PhysRevLett.134.201904\" target=\"_blank\" rel=\"noopener nofollow\">L\u2019\u00e9tude<\/a> confirme \u00e9galement le<br \/>\npotentiel des m\u00e9thodes de calcul haute performance comme la QCD sur<br \/>\nr\u00e9seau, alli\u00e9es \u00e0 des techniques statistiques. Ce sont ces outils<br \/>\nqui permettront demain de percer d\u2019autres myst\u00e8res de la physique<br \/>\nfondamentale, comme l\u2019unification des forces ou les premiers<br \/>\ninstants apr\u00e8s l\u2019inflation cosmique.<\/p>\n<p>Et la suite ?<\/p>\n<p data-start=\"5128\" data-end=\"5368\">L\u2019\u00e9quipe italienne souligne<br \/>\nque les r\u00e9sultats actuels ne sont qu\u2019un d\u00e9but. Avec plus de<br \/>\nressources de calcul, ils pourront explorer des configurations plus<br \/>\ncomplexes, int\u00e9grer des quarks plus lourds et m\u00eame simuler des<br \/>\nunivers en expansion.<\/p>\n<p data-start=\"5370\" data-end=\"5574\">Mais une chose est s\u00fbre :<br \/>\ncomprendre les toutes premi\u00e8res microsecondes de l\u2019univers, ce<br \/>\nn\u2019est pas qu\u2019un exercice th\u00e9orique. C\u2019est remonter \u00e0 la racine m\u00eame<br \/>\nde tout ce qui existe \u2014 y compris nous.<\/p>\n","protected":false},"excerpt":{"rendered":"Pendant les toutes premi\u00e8res microsecondes apr\u00e8s le Big Bang, l\u2019univers n\u2019avait encore ni \u00e9toiles, ni galaxies, ni m\u00eame&hellip;\n","protected":false},"author":2,"featured_media":174145,"comment_status":"","ping_status":"","sticky":false,"template":"","format":"standard","meta":{"footnotes":""},"categories":[7],"tags":[1011,27,43,40,41,39,42,44],"class_list":{"0":"post-174144","1":"post","2":"type-post","3":"status-publish","4":"format-standard","5":"has-post-thumbnail","7":"category-sciences-et-technologies","8":"tag-fr","9":"tag-france","10":"tag-science","11":"tag-science-and-technology","12":"tag-sciences","13":"tag-sciences-et-technologies","14":"tag-technologies","15":"tag-technology"},"share_on_mastodon":{"url":"https:\/\/pubeurope.com\/@fr\/114677825141980252","error":""},"_links":{"self":[{"href":"https:\/\/www.europesays.com\/fr\/wp-json\/wp\/v2\/posts\/174144","targetHints":{"allow":["GET"]}}],"collection":[{"href":"https:\/\/www.europesays.com\/fr\/wp-json\/wp\/v2\/posts"}],"about":[{"href":"https:\/\/www.europesays.com\/fr\/wp-json\/wp\/v2\/types\/post"}],"author":[{"embeddable":true,"href":"https:\/\/www.europesays.com\/fr\/wp-json\/wp\/v2\/users\/2"}],"replies":[{"embeddable":true,"href":"https:\/\/www.europesays.com\/fr\/wp-json\/wp\/v2\/comments?post=174144"}],"version-history":[{"count":0,"href":"https:\/\/www.europesays.com\/fr\/wp-json\/wp\/v2\/posts\/174144\/revisions"}],"wp:featuredmedia":[{"embeddable":true,"href":"https:\/\/www.europesays.com\/fr\/wp-json\/wp\/v2\/media\/174145"}],"wp:attachment":[{"href":"https:\/\/www.europesays.com\/fr\/wp-json\/wp\/v2\/media?parent=174144"}],"wp:term":[{"taxonomy":"category","embeddable":true,"href":"https:\/\/www.europesays.com\/fr\/wp-json\/wp\/v2\/categories?post=174144"},{"taxonomy":"post_tag","embeddable":true,"href":"https:\/\/www.europesays.com\/fr\/wp-json\/wp\/v2\/tags?post=174144"}],"curies":[{"name":"wp","href":"https:\/\/api.w.org\/{rel}","templated":true}]}}