{"id":174150,"date":"2025-06-13T20:00:09","date_gmt":"2025-06-13T20:00:09","guid":{"rendered":"https:\/\/www.europesays.com\/fr\/174150\/"},"modified":"2025-06-13T20:00:09","modified_gmt":"2025-06-13T20:00:09","slug":"un-voyeur-de-piscine-condamne-a-10-mois-de-prison-avec-sursis","status":"publish","type":"post","link":"https:\/\/www.europesays.com\/fr\/174150\/","title":{"rendered":"un voyeur de piscine condamn\u00e9 \u00e0 10 mois de prison avec sursis"},"content":{"rendered":"<p><strong>COMPTE RENDU D\u2019AUDIENCE &#8211;<\/strong> Le trentenaire, qui a reconnu avoir film\u00e9 des dizaines de femmes dans des piscines parisiennes, \u00e9tait jug\u00e9 ce vendredi pour \u00abvoyeurisme aggrav\u00e9\u00bb \u00e0 l\u2019encontre d\u2019une journaliste en avril dernier.<\/p>\n<p class=\"fig-paragraph\">Tout a commenc\u00e9 par un post\u00a0<a href=\"http:\/\/www.lefigaro.fr\/secteur\/high-tech\/dossier\/facebook-tiktok-instagram-snapchat-youtube-twitch-les-secrets-des-reseaux-sociaux\" data-fig-type=\"Topic\" data-gtm-custom-categorie=\"navigation\" data-gtm-custom-action=\"crossclick\" data-gtm-custom-label=\"Contextuel\" data-gtm-event=\"customEventSPE\" data-fig-domain=\"LEFIGARO\" target=\"_blank\" rel=\"noopener\">Instagram<\/a>. Celui de la journaliste ind\u00e9pendante Laur\u00e8ne Daycard qui, le 2 avril, publie un message sur le r\u00e9seau social dans lequel elle raconte avoir \u00e9t\u00e9, la veille,\u00a0<a href=\"http:\/\/madame.lefigaro.fr\/societe\/actu\/j-avais-l-impression-qu-on-m-avait-vole-mon-corps-le-fleau-du-voyeurisme-dans-les-piscines-municipales-20250414\" data-fig-type=\"Article\" data-gtm-custom-categorie=\"navigation\" data-gtm-custom-action=\"crossclick\" data-gtm-custom-label=\"Contextuel\" data-gtm-event=\"customEventSPE\" data-fig-domain=\"MADAME\" target=\"_blank\" rel=\"noopener\">victime de voyeurisme<\/a>\u00a0dans une piscine publique parisienne. Cette publication rencontre un important \u00e9cho\u00a0: Laur\u00e8ne Daycard re\u00e7oit de nombreux messages de soutien, mais aussi des t\u00e9moignages d\u2019internautes racontant avoir v\u00e9cu une situation similaire. La presse s\u2019empare de l\u2019affaire et publie plusieurs articles sur le \u00abfl\u00e9au\u00bb du voyeurisme dans les piscines. C\u2019est donc devant une salle remplie de journalistes qu\u2019avait lieu, ce vendredi 13 juin au tribunal de Paris, le proc\u00e8s d\u2019Emmanuel L. pour \u00abvoyeurisme aggrav\u00e9\u00bb. \u00c0 l\u2019issue d\u2019une heure d\u2019audience, le pr\u00e9venu a \u00e9t\u00e9 condamn\u00e9 \u00e0 10 mois de prison avec sursis et 140 heures de travail d\u2019int\u00e9r\u00eat g\u00e9n\u00e9ral.<\/p>\n<p class=\"fig-paragraph\">\u00c0 la barre, Emmanuel L., grand, mince, v\u00eatu d\u2019une chemise blanche et d\u2019un pantalon noir, admet sans difficult\u00e9s avoir voulu \u00abfilmer des femmes nues\u00bb<\/p>\n<p class=\"fig-premium-paywall__infos\">\n        Cet article est r\u00e9serv\u00e9 aux abonn\u00e9s.        Il vous reste 85% \u00e0 d\u00e9couvrir.\n    <\/p>\n<p>                <img  data- alt=\"Le Figaro\" class=\"fig-img--complete fig-img\"\/><\/p>\n<p class=\"fig-premium-paywall__title\">Vente Flash<\/p>\n<p class=\"fig-premium-paywall__subtitle\">3,99\u20ac par mois pendant 12 mois. Sans engagement.<\/p>\n<p class=\"fig-premium-paywall__connect\">\n                D\u00e9j\u00e0 abonn\u00e9\u00a0?                <a class=\"fig-premium-paywall__connect-link\" href=\"https:\/\/connect.lefigaro.fr\/login?client=horizon_web&amp;type=main&amp;redirect_uri=https%3A%2F%2Fwww.lefigaro.fr%2Factualite-france%2Ffilmer-des-femmes-nues-un-voyeur-de-piscine-condamne-a-10-mois-de-prison-avec-sursis-20250613\" data-js-gtm=\"{&quot;customCategorie&quot;: &quot;conversion&quot;, &quot;customAction&quot;: &quot;before_Landing_Connexion_paywall_auto&quot;, &quot;customLabel&quot;: &quot;bGVmaWdhcm8uZnJfXzFmMDQ4MmZjLWZjMTAtNjNkZS1hNDMzLTYxN2U0NDliMGY2M19fTmV3c0ZsYXNo_\u00abFilmer des femmes nues\u00bb\u00a0: un voyeur de piscine condamn\u00e9 \u00e0 10 mois de prison avec sursis_145&quot;, &quot;customIDSPE&quot;: &quot;bGVmaWdhcm8uZnJfXzFmMDQ4MmZjLWZjMTAtNjNkZS1hNDMzLTYxN2U0NDliMGY2M19fTmV3c0ZsYXNo&quot;, &quot;event&quot;: &quot;customEventSPE&quot;}\" target=\"_blank\" rel=\"noopener\"><br \/>\n                    Connectez-vous<br \/>\n                <\/a>\n            <\/p>\n","protected":false},"excerpt":{"rendered":"COMPTE RENDU D\u2019AUDIENCE &#8211; Le trentenaire, qui a reconnu avoir film\u00e9 des dizaines de femmes dans des piscines&hellip;\n","protected":false},"author":2,"featured_media":174151,"comment_status":"","ping_status":"","sticky":false,"template":"","format":"standard","meta":{"footnotes":""},"categories":[4],"tags":[47,1058,1054,1059,1060,1055,11,1057,118,1011,27,1061,303,12,626,18812,1062,25,656,104,1056,809],"class_list":{"0":"post-174150","1":"post","2":"type-post","3":"status-publish","4":"format-standard","5":"has-post-thumbnail","7":"category-france","8":"tag-actualite","9":"tag-actualite-education","10":"tag-actualite-france","11":"tag-actualite-justice","12":"tag-actualite-securite","13":"tag-actualite-societe","14":"tag-actualites","15":"tag-education","16":"tag-faits-divers","17":"tag-fr","18":"tag-france","19":"tag-immigration","20":"tag-justice","21":"tag-news","22":"tag-paris","23":"tag-piscines","24":"tag-polemique","25":"tag-republique-francaise","26":"tag-securite","27":"tag-societe","28":"tag-societe-francaise","29":"tag-violence"},"share_on_mastodon":{"url":"https:\/\/pubeurope.com\/@fr\/114677836970950176","error":""},"_links":{"self":[{"href":"https:\/\/www.europesays.com\/fr\/wp-json\/wp\/v2\/posts\/174150","targetHints":{"allow":["GET"]}}],"collection":[{"href":"https:\/\/www.europesays.com\/fr\/wp-json\/wp\/v2\/posts"}],"about":[{"href":"https:\/\/www.europesays.com\/fr\/wp-json\/wp\/v2\/types\/post"}],"author":[{"embeddable":true,"href":"https:\/\/www.europesays.com\/fr\/wp-json\/wp\/v2\/users\/2"}],"replies":[{"embeddable":true,"href":"https:\/\/www.europesays.com\/fr\/wp-json\/wp\/v2\/comments?post=174150"}],"version-history":[{"count":0,"href":"https:\/\/www.europesays.com\/fr\/wp-json\/wp\/v2\/posts\/174150\/revisions"}],"wp:featuredmedia":[{"embeddable":true,"href":"https:\/\/www.europesays.com\/fr\/wp-json\/wp\/v2\/media\/174151"}],"wp:attachment":[{"href":"https:\/\/www.europesays.com\/fr\/wp-json\/wp\/v2\/media?parent=174150"}],"wp:term":[{"taxonomy":"category","embeddable":true,"href":"https:\/\/www.europesays.com\/fr\/wp-json\/wp\/v2\/categories?post=174150"},{"taxonomy":"post_tag","embeddable":true,"href":"https:\/\/www.europesays.com\/fr\/wp-json\/wp\/v2\/tags?post=174150"}],"curies":[{"name":"wp","href":"https:\/\/api.w.org\/{rel}","templated":true}]}}