{"id":174152,"date":"2025-06-13T20:01:10","date_gmt":"2025-06-13T20:01:10","guid":{"rendered":"https:\/\/www.europesays.com\/fr\/174152\/"},"modified":"2025-06-13T20:01:10","modified_gmt":"2025-06-13T20:01:10","slug":"une-chaleur-extreme-attendue-pour-psg-atm","status":"publish","type":"post","link":"https:\/\/www.europesays.com\/fr\/174152\/","title":{"rendered":"Une chaleur extr\u00eame attendue pour PSG \/ ATM"},"content":{"rendered":"<p><img width=\"700\" height=\"350\" src=\"https:\/\/www.europesays.com\/fr\/wp-content\/uploads\/2025\/06\/PSG-entrainement.jpg\" class=\"attachment-jannah-image-post size-jannah-image-post wp-post-image\" alt=\"Psg entrainement\" is_main_img=\"1\" decoding=\"async\" fetchpriority=\"high\"  \/><br \/>\n Image :<br \/>\npsg.fr<\/p>\n<p>Pour son entr\u00e9e en lice en Coupe du monde des clubs, le PSG<br \/>\nva affronter l\u2019Atl\u00e9tico de Madrid sous une chaleur<br \/>\nextr\u00eame.<\/p>\n<p>J-2 avant l\u2019entr\u00e9e en lice du <strong>PSG<\/strong> dans cette<br \/>\n<strong>Coupe du monde des clubs<\/strong>. Ce dimanche (21h en<br \/>\n<strong>France<\/strong>, sur TF1 et DAZN), les<br \/>\nchampions d\u2019Europe affronteront <strong><a href=\"https:\/\/canal-supporters.com\/robin-le-normand-nous-connaissons-la-qualite-du-psg\/\" title=\"\" target=\"_blank\" rel=\"noopener\">l\u2019Atl\u00e9tico de Madrid<\/a><\/strong> pour leur premier match<br \/>\nde poules. Une rencontre qui se disputera au <strong>Rose<br \/>\nBowl<\/strong> de <strong>Pasadena<\/strong> (<strong>Los<br \/>\nAngeles<\/strong>) dans des conditions de chaleur extr\u00eame.<\/p>\n<p>En effet, selon les pr\u00e9vision de <strong><a href=\"https:\/\/www.lachainemeteo.com\/meteo-etats-unis\/ville-6781\/previsions-meteo-pasadena-dimanche\" target=\"_blank\" rel=\"noopener\" title=\"\">La Cha\u00eene<br \/>\nM\u00e9t\u00e9o<\/a><\/strong>, les Parisiens et les Colchoneros<br \/>\nvont \u00e9voluer sous des conditions climatiques difficiles. Le<br \/>\nthermom\u00e8tre devrait afficher 31\u00b0C dimanche apr\u00e8s-midi \u00e0<br \/>\n<strong>Pasadena<\/strong>, avec un ressenti de 37\u00b0C. L\u2019indice UV \u2013<br \/>\nqui mesure l\u2019intensit\u00e9 du rayonnement ultraviolet \u00e9mis par le<br \/>\nSoleil \u2013 est \u00e9valu\u00e9 \u00e0 11, ce qui est consid\u00e9r\u00e9 comme une condition<br \/>\n\u00ab\u00a0extr\u00eame\u00a0\u00bb. Cette programmation \u00e0 midi, heure locale,<br \/>\nest pr\u00e9vue pour contenter le march\u00e9 europ\u00e9en, qui pourra voir cette<br \/>\naffiche en prime time. Pour leur deuxi\u00e8me match \u00e0<br \/>\n<strong>Pasadena<\/strong> face \u00e0 <strong>Botafogo<\/strong> le<br \/>\nvendredi 20 juin prochain (3h du matin en <strong>France<\/strong>,<br \/>\n18h heure locale), les joueurs de <strong><a href=\"https:\/\/canal-supporters.com\/luis-enrique-cest-le-moment-de-retrouver-la-competition-et-daller-decrocher-la-coupe-du-monde-des-clubs\/\" title=\"\" target=\"_blank\" rel=\"noopener\">Luis Enrique<\/a><\/strong> devront aussi faire face \u00e0 des<br \/>\nconditions difficiles avec 34\u00b0C de ressenti attendu et un indice UV<br \/>\nde 11. Des conditions climatiques compliqu\u00e9es qui auront donc un<br \/>\nimpact sur l\u2019organisme des joueurs.<\/p>\n<\/p>\n<p>Youtube :<br \/>\n<strong><a href=\"https:\/\/www.youtube.com\/@CanalSupportersParis\" target=\"_blank\" rel=\"noopener\" title=\"\">Canal Supporters<br \/>\nParis<\/a><\/strong><\/p>\n","protected":false},"excerpt":{"rendered":"Image : psg.fr Pour son entr\u00e9e en lice en Coupe du monde des clubs, le PSG va affronter&hellip;\n","protected":false},"author":2,"featured_media":174153,"comment_status":"","ping_status":"","sticky":false,"template":"","format":"standard","meta":{"footnotes":""},"categories":[2],"tags":[11,30929,81,7151,787,1011,27,12,91,92,30930,93,30931,96],"class_list":{"0":"post-174152","1":"post","2":"type-post","3":"status-publish","4":"format-standard","5":"has-post-thumbnail","7":"category-actualites","8":"tag-actualites","9":"tag-atletico-de-madrid","10":"tag-canal-supporters","11":"tag-coupe-du-monde-des-clubs","12":"tag-cs","13":"tag-fr","14":"tag-france","15":"tag-news","16":"tag-paris-saint-germain","17":"tag-paris-sg","18":"tag-pasadena","19":"tag-psg","20":"tag-psg-atletico","21":"tag-une"},"share_on_mastodon":{"url":"https:\/\/pubeurope.com\/@fr\/114677840922601027","error":""},"_links":{"self":[{"href":"https:\/\/www.europesays.com\/fr\/wp-json\/wp\/v2\/posts\/174152","targetHints":{"allow":["GET"]}}],"collection":[{"href":"https:\/\/www.europesays.com\/fr\/wp-json\/wp\/v2\/posts"}],"about":[{"href":"https:\/\/www.europesays.com\/fr\/wp-json\/wp\/v2\/types\/post"}],"author":[{"embeddable":true,"href":"https:\/\/www.europesays.com\/fr\/wp-json\/wp\/v2\/users\/2"}],"replies":[{"embeddable":true,"href":"https:\/\/www.europesays.com\/fr\/wp-json\/wp\/v2\/comments?post=174152"}],"version-history":[{"count":0,"href":"https:\/\/www.europesays.com\/fr\/wp-json\/wp\/v2\/posts\/174152\/revisions"}],"wp:featuredmedia":[{"embeddable":true,"href":"https:\/\/www.europesays.com\/fr\/wp-json\/wp\/v2\/media\/174153"}],"wp:attachment":[{"href":"https:\/\/www.europesays.com\/fr\/wp-json\/wp\/v2\/media?parent=174152"}],"wp:term":[{"taxonomy":"category","embeddable":true,"href":"https:\/\/www.europesays.com\/fr\/wp-json\/wp\/v2\/categories?post=174152"},{"taxonomy":"post_tag","embeddable":true,"href":"https:\/\/www.europesays.com\/fr\/wp-json\/wp\/v2\/tags?post=174152"}],"curies":[{"name":"wp","href":"https:\/\/api.w.org\/{rel}","templated":true}]}}