{"id":174156,"date":"2025-06-13T20:03:23","date_gmt":"2025-06-13T20:03:23","guid":{"rendered":"https:\/\/www.europesays.com\/fr\/174156\/"},"modified":"2025-06-13T20:03:23","modified_gmt":"2025-06-13T20:03:23","slug":"dernier-conseil-municipal-a-saint-etienne-de-montluc-avant-les-vacances","status":"publish","type":"post","link":"https:\/\/www.europesays.com\/fr\/174156\/","title":{"rendered":"Dernier conseil municipal \u00e0 Saint-\u00c9tienne-de-Montluc avant les vacances"},"content":{"rendered":"<p>Le bilan de la politique fonci\u00e8re de Saint-\u00c9tienne-de-Montluc, pour l\u2019exercice 2024, a \u00e9t\u00e9 pr\u00e9sent\u00e9 avec les acquisitions de la commune\u00a0: une parcelle de 82\u00a0m\u00b2, rue Amaury-d\u2019Assign\u00e9, pour r\u00e9gularisation de voirie, et l\u2019\u00e9tablissement Le R\u00e9tro, par le biais de l\u2019\u00e9tablissement public foncier 44.<\/p>\n<p>La commune devait approuver les axes majeurs du projet &#8230;<\/p>\n<p>\u00a0<\/p>\n","protected":false},"excerpt":{"rendered":"Le bilan de la politique fonci\u00e8re de Saint-\u00c9tienne-de-Montluc, pour l\u2019exercice 2024, a \u00e9t\u00e9 pr\u00e9sent\u00e9 avec les acquisitions de&hellip;\n","protected":false},"author":2,"featured_media":174157,"comment_status":"","ping_status":"","sticky":false,"template":"","format":"standard","meta":{"footnotes":""},"categories":[9653],"tags":[1111,11,2430,7516,4431,1777,674,1011,27,7517,12,25,4001,30932,3272,2528],"class_list":{"0":"post-174156","1":"post","2":"type-post","3":"status-publish","4":"format-standard","5":"has-post-thumbnail","7":"category-saint-etienne","8":"tag-actu","9":"tag-actualites","10":"tag-auvergne-rhone-alpes","11":"tag-conseil","12":"tag-dernier","13":"tag-eu","14":"tag-europe","15":"tag-fr","16":"tag-france","17":"tag-municipal","18":"tag-news","19":"tag-republique-francaise","20":"tag-saint-etienne","21":"tag-saint-etienne-de-montluc","22":"tag-saint-nazaire","23":"tag-vacances"},"share_on_mastodon":{"url":"https:\/\/pubeurope.com\/@fr\/114677848673105697","error":""},"_links":{"self":[{"href":"https:\/\/www.europesays.com\/fr\/wp-json\/wp\/v2\/posts\/174156","targetHints":{"allow":["GET"]}}],"collection":[{"href":"https:\/\/www.europesays.com\/fr\/wp-json\/wp\/v2\/posts"}],"about":[{"href":"https:\/\/www.europesays.com\/fr\/wp-json\/wp\/v2\/types\/post"}],"author":[{"embeddable":true,"href":"https:\/\/www.europesays.com\/fr\/wp-json\/wp\/v2\/users\/2"}],"replies":[{"embeddable":true,"href":"https:\/\/www.europesays.com\/fr\/wp-json\/wp\/v2\/comments?post=174156"}],"version-history":[{"count":0,"href":"https:\/\/www.europesays.com\/fr\/wp-json\/wp\/v2\/posts\/174156\/revisions"}],"wp:featuredmedia":[{"embeddable":true,"href":"https:\/\/www.europesays.com\/fr\/wp-json\/wp\/v2\/media\/174157"}],"wp:attachment":[{"href":"https:\/\/www.europesays.com\/fr\/wp-json\/wp\/v2\/media?parent=174156"}],"wp:term":[{"taxonomy":"category","embeddable":true,"href":"https:\/\/www.europesays.com\/fr\/wp-json\/wp\/v2\/categories?post=174156"},{"taxonomy":"post_tag","embeddable":true,"href":"https:\/\/www.europesays.com\/fr\/wp-json\/wp\/v2\/tags?post=174156"}],"curies":[{"name":"wp","href":"https:\/\/api.w.org\/{rel}","templated":true}]}}