{"id":174158,"date":"2025-06-13T20:04:15","date_gmt":"2025-06-13T20:04:15","guid":{"rendered":"https:\/\/www.europesays.com\/fr\/174158\/"},"modified":"2025-06-13T20:04:15","modified_gmt":"2025-06-13T20:04:15","slug":"onze-semaines-pour-decouvrir-le-charme-des-sept-lieux-top-depart","status":"publish","type":"post","link":"https:\/\/www.europesays.com\/fr\/174158\/","title":{"rendered":"onze semaines pour d\u00e9couvrir le charme des sept lieux, top d\u00e9part\u00a0!"},"content":{"rendered":"<p>La date d\u2019ouverture aura port\u00e9 bonheur aux sept guinguettes install\u00e9es dans Nancy jusqu\u2019au 31\u00a0ao\u00fbt. Pour cette saison 2025, parc Charles-III, la guinguette des Trois-Bargeots s\u2019est rebaptis\u00e9e La Cageot\u2019Folles. Des folies sont annonc\u00e9es aussi du c\u00f4t\u00e9 des parcs de la Cure-d\u2019Air, \u00e0 nouveau Blondlot dans une ambiance musette, et pour la premi\u00e8re fois en mode \u00ab\u00a0solidaire\u00a0\u00bb, au parc Olry aussi (jusqu\u2019au 26\u00a0juillet).<\/p>\n<p>\u00c0 18\u00a0h ce vendredi\u00a013, la chaleur faisant, place Carnot, sur la terrasse de la Porte de la Craffe et plage de la M\u00e9chelle \u00e9galement, les tabl\u00e9es se sont vite remplies et les premiers verres vite vid\u00e9s augurant de fins de semaines anim\u00e9es dans presque chaque quartier du c\u0153ur de ville.<\/p>\n","protected":false},"excerpt":{"rendered":"La date d\u2019ouverture aura port\u00e9 bonheur aux sept guinguettes install\u00e9es dans Nancy jusqu\u2019au 31\u00a0ao\u00fbt. Pour cette saison 2025,&hellip;\n","protected":false},"author":2,"featured_media":174159,"comment_status":"","ping_status":"","sticky":false,"template":"","format":"standard","meta":{"footnotes":""},"categories":[9635],"tags":[1111,11,1687,1704,1777,674,3326,1011,27,775,1702,1703,12,25],"class_list":{"0":"post-174158","1":"post","2":"type-post","3":"status-publish","4":"format-standard","5":"has-post-thumbnail","7":"category-nancy","8":"tag-actu","9":"tag-actualites","10":"tag-culture-loisirs","11":"tag-edition-nancy-et-agglomeration","12":"tag-eu","13":"tag-europe","14":"tag-fete-locale","15":"tag-fr","16":"tag-france","17":"tag-grand-est","18":"tag-nancy","19":"tag-nancy-ville-54b","20":"tag-news","21":"tag-republique-francaise"},"share_on_mastodon":{"url":"https:\/\/pubeurope.com\/@fr\/114677853098595216","error":""},"_links":{"self":[{"href":"https:\/\/www.europesays.com\/fr\/wp-json\/wp\/v2\/posts\/174158","targetHints":{"allow":["GET"]}}],"collection":[{"href":"https:\/\/www.europesays.com\/fr\/wp-json\/wp\/v2\/posts"}],"about":[{"href":"https:\/\/www.europesays.com\/fr\/wp-json\/wp\/v2\/types\/post"}],"author":[{"embeddable":true,"href":"https:\/\/www.europesays.com\/fr\/wp-json\/wp\/v2\/users\/2"}],"replies":[{"embeddable":true,"href":"https:\/\/www.europesays.com\/fr\/wp-json\/wp\/v2\/comments?post=174158"}],"version-history":[{"count":0,"href":"https:\/\/www.europesays.com\/fr\/wp-json\/wp\/v2\/posts\/174158\/revisions"}],"wp:featuredmedia":[{"embeddable":true,"href":"https:\/\/www.europesays.com\/fr\/wp-json\/wp\/v2\/media\/174159"}],"wp:attachment":[{"href":"https:\/\/www.europesays.com\/fr\/wp-json\/wp\/v2\/media?parent=174158"}],"wp:term":[{"taxonomy":"category","embeddable":true,"href":"https:\/\/www.europesays.com\/fr\/wp-json\/wp\/v2\/categories?post=174158"},{"taxonomy":"post_tag","embeddable":true,"href":"https:\/\/www.europesays.com\/fr\/wp-json\/wp\/v2\/tags?post=174158"}],"curies":[{"name":"wp","href":"https:\/\/api.w.org\/{rel}","templated":true}]}}