{"id":174172,"date":"2025-06-13T20:13:29","date_gmt":"2025-06-13T20:13:29","guid":{"rendered":"https:\/\/www.europesays.com\/fr\/174172\/"},"modified":"2025-06-13T20:13:29","modified_gmt":"2025-06-13T20:13:29","slug":"une-charte-pour-prevenir-les-accidents-sur-les-chantiers-signee-par-la-prefecture","status":"publish","type":"post","link":"https:\/\/www.europesays.com\/fr\/174172\/","title":{"rendered":"une charte pour pr\u00e9venir les accidents sur les chantiers sign\u00e9e par la pr\u00e9fecture"},"content":{"rendered":"<p>Ce jeudi 12\u00a0juin, \u00e0 Grenoble, la charte \u201cCap Pr\u00e9vention Chantiers\u201d a \u00e9t\u00e9 officiellement sign\u00e9e par la pr\u00e9fecture de l\u2019Is\u00e8re, des repr\u00e9sentants de plusieurs intercommunalit\u00e9s (Grenoble Alpes M\u00e9tropole, Bi\u00e8vre Is\u00e8re, Vienne Condrieu Agglom\u00e9ration), la Carsat Rh\u00f4ne-Alpes et l\u2019OPPBTP. Cette d\u00e9marche commune vise \u00e0 renforcer la pr\u00e9vention des risques professionnels sur les chantiers du b\u00e2timent et des travaux publics, en particulier ceux port\u00e9s par les ma\u00eetres d\u2019ouvrage publics.<\/p>\n<p>Malgr\u00e9 les efforts d\u00e9j\u00e0 engag\u00e9s, les chiffres restent pr\u00e9occupants\u00a0: en 2023, 1\u00a0450 accidents du travail ont \u00e9t\u00e9 recens\u00e9s dans le BTP en Is\u00e8re, dont quatre mortels. Les troubles musculo-squelettiques repr\u00e9sentent \u00e0 eux seuls 80\u00a0% des maladies professionnelles reconnues. La charte \u201cCap Pr\u00e9vention Chantiers\u201d fixe plusieurs objectifs\u00a0: r\u00e9duire le nombre d\u2019accidents, am\u00e9liorer les conditions de travail, renforcer la formation des salari\u00e9s et favoriser le partage des bonnes pratiques entre les diff\u00e9rents acteurs du secteur.<\/p>\n","protected":false},"excerpt":{"rendered":"Ce jeudi 12\u00a0juin, \u00e0 Grenoble, la charte \u201cCap Pr\u00e9vention Chantiers\u201d a \u00e9t\u00e9 officiellement sign\u00e9e par la pr\u00e9fecture de&hellip;\n","protected":false},"author":2,"featured_media":174173,"comment_status":"","ping_status":"","sticky":false,"template":"","format":"standard","meta":{"footnotes":""},"categories":[9566],"tags":[1111,11,2430,4749,33,115,112,113,116,111,114,1777,674,1795,1011,27,2731,108,12,25],"class_list":{"0":"post-174172","1":"post","2":"type-post","3":"status-publish","4":"format-standard","5":"has-post-thumbnail","7":"category-grenoble","8":"tag-actu","9":"tag-actualites","10":"tag-auvergne-rhone-alpes","11":"tag-btp-et-chantiers","12":"tag-economie","13":"tag-edition-bourgoin-jallieu-nord-dauphine","14":"tag-edition-grenoble-agglomeration","15":"tag-edition-gresivaudan-oisans","16":"tag-edition-la-tour-du-pin-nord-dauphine","17":"tag-edition-vienne-roussillon","18":"tag-edition-voiron-saint-marcellin","19":"tag-eu","20":"tag-europe","21":"tag-fil-web","22":"tag-fr","23":"tag-france","24":"tag-grenoble","25":"tag-isere","26":"tag-news","27":"tag-republique-francaise"},"share_on_mastodon":{"url":"https:\/\/pubeurope.com\/@fr\/114677888050903350","error":""},"_links":{"self":[{"href":"https:\/\/www.europesays.com\/fr\/wp-json\/wp\/v2\/posts\/174172","targetHints":{"allow":["GET"]}}],"collection":[{"href":"https:\/\/www.europesays.com\/fr\/wp-json\/wp\/v2\/posts"}],"about":[{"href":"https:\/\/www.europesays.com\/fr\/wp-json\/wp\/v2\/types\/post"}],"author":[{"embeddable":true,"href":"https:\/\/www.europesays.com\/fr\/wp-json\/wp\/v2\/users\/2"}],"replies":[{"embeddable":true,"href":"https:\/\/www.europesays.com\/fr\/wp-json\/wp\/v2\/comments?post=174172"}],"version-history":[{"count":0,"href":"https:\/\/www.europesays.com\/fr\/wp-json\/wp\/v2\/posts\/174172\/revisions"}],"wp:featuredmedia":[{"embeddable":true,"href":"https:\/\/www.europesays.com\/fr\/wp-json\/wp\/v2\/media\/174173"}],"wp:attachment":[{"href":"https:\/\/www.europesays.com\/fr\/wp-json\/wp\/v2\/media?parent=174172"}],"wp:term":[{"taxonomy":"category","embeddable":true,"href":"https:\/\/www.europesays.com\/fr\/wp-json\/wp\/v2\/categories?post=174172"},{"taxonomy":"post_tag","embeddable":true,"href":"https:\/\/www.europesays.com\/fr\/wp-json\/wp\/v2\/tags?post=174172"}],"curies":[{"name":"wp","href":"https:\/\/api.w.org\/{rel}","templated":true}]}}