{"id":174179,"date":"2025-06-13T20:17:15","date_gmt":"2025-06-13T20:17:15","guid":{"rendered":"https:\/\/www.europesays.com\/fr\/174179\/"},"modified":"2025-06-13T20:17:15","modified_gmt":"2025-06-13T20:17:15","slug":"strasbourg-il-vole-dans-des-cabinets-medicaux-pour-manger-et-se-loger","status":"publish","type":"post","link":"https:\/\/www.europesays.com\/fr\/174179\/","title":{"rendered":"Strasbourg. Il vole dans des cabinets m\u00e9dicaux pour \u00ab\u00a0manger\u00a0\u00bb et \u00ab\u00a0se loger\u00a0\u00bb"},"content":{"rendered":"<p>\u00ab\u00a0Je reconnais toutes les infractions et j\u2019en assumerai les cons\u00e9quences\u00a0\u00bb, admet le pr\u00e9venu, Amara El Arfaoui, qui comparait pour une dizaine de vols, commis entre f\u00e9vrier et mai, \u00e0 Strasbourg, Illkirch-Graffenstaden et Lingolsheim. Dans le box, ses yeux sont humides, sa voix tremblante. L\u2019heure est aux regrets. \u00ab\u00a0Je m\u2019efforce d\u2019\u00e9viter de faire \u00e7a, je m\u2019en veux d\u2019avoir vol\u00e9.\u00a0\u00bb<\/p>\n<p>Le pr\u00e9sident du tribunal, Marc Picard, lui demande\u00a0: \u00ab\u00a0Pourquoi on vous retrouve encore ici\u00a0?\u00a0\u00bb<\/p>\n<p>Condamn\u00e9 pour des faits similaires en 2021<\/p>\n<p>En 2021, une enqu\u00eate&#8230;<\/p>\n","protected":false},"excerpt":{"rendered":"\u00ab\u00a0Je reconnais toutes les infractions et j\u2019en assumerai les cons\u00e9quences\u00a0\u00bb, admet le pr\u00e9venu, Amara El Arfaoui, qui comparait&hellip;\n","protected":false},"author":2,"featured_media":174180,"comment_status":"","ping_status":"","sticky":false,"template":"","format":"standard","meta":{"footnotes":""},"categories":[2820],"tags":[1111,11,271,272,2880,1777,674,274,107,1011,27,775,12,25,640,2879],"class_list":{"0":"post-174179","1":"post","2":"type-post","3":"status-publish","4":"format-standard","5":"has-post-thumbnail","7":"category-strasbourg","8":"tag-actu","9":"tag-actualites","10":"tag-crime","11":"tag-delit-et-contravention","12":"tag-edition-strasbourg","13":"tag-eu","14":"tag-europe","15":"tag-faits-divers-justice","16":"tag-fil-info","17":"tag-fr","18":"tag-france","19":"tag-grand-est","20":"tag-news","21":"tag-republique-francaise","22":"tag-strasbourg","23":"tag-strasbourg-ville"},"share_on_mastodon":{"url":"https:\/\/pubeurope.com\/@fr\/114677903791819700","error":""},"_links":{"self":[{"href":"https:\/\/www.europesays.com\/fr\/wp-json\/wp\/v2\/posts\/174179","targetHints":{"allow":["GET"]}}],"collection":[{"href":"https:\/\/www.europesays.com\/fr\/wp-json\/wp\/v2\/posts"}],"about":[{"href":"https:\/\/www.europesays.com\/fr\/wp-json\/wp\/v2\/types\/post"}],"author":[{"embeddable":true,"href":"https:\/\/www.europesays.com\/fr\/wp-json\/wp\/v2\/users\/2"}],"replies":[{"embeddable":true,"href":"https:\/\/www.europesays.com\/fr\/wp-json\/wp\/v2\/comments?post=174179"}],"version-history":[{"count":0,"href":"https:\/\/www.europesays.com\/fr\/wp-json\/wp\/v2\/posts\/174179\/revisions"}],"wp:featuredmedia":[{"embeddable":true,"href":"https:\/\/www.europesays.com\/fr\/wp-json\/wp\/v2\/media\/174180"}],"wp:attachment":[{"href":"https:\/\/www.europesays.com\/fr\/wp-json\/wp\/v2\/media?parent=174179"}],"wp:term":[{"taxonomy":"category","embeddable":true,"href":"https:\/\/www.europesays.com\/fr\/wp-json\/wp\/v2\/categories?post=174179"},{"taxonomy":"post_tag","embeddable":true,"href":"https:\/\/www.europesays.com\/fr\/wp-json\/wp\/v2\/tags?post=174179"}],"curies":[{"name":"wp","href":"https:\/\/api.w.org\/{rel}","templated":true}]}}