{"id":174185,"date":"2025-06-13T20:20:09","date_gmt":"2025-06-13T20:20:09","guid":{"rendered":"https:\/\/www.europesays.com\/fr\/174185\/"},"modified":"2025-06-13T20:20:09","modified_gmt":"2025-06-13T20:20:09","slug":"peche-au-chalut-pollution-plastique-protection-des-abysses-a-quoi-aura-servi-le-sommet-sur-locean-de-nice","status":"publish","type":"post","link":"https:\/\/www.europesays.com\/fr\/174185\/","title":{"rendered":"P\u00eache au chalut, pollution plastique, protection des abysses\u2026 \u00e0 quoi aura servi le sommet sur l\u2019oc\u00e9an de Nice\u00a0?"},"content":{"rendered":"<p class=\"paragraph text_align_left\">Ils n\u2019\u00e9taient pas loin, \u00e0 quelque rue de l\u00e0 dans le port. Face aux \u00ab\u00a0pointues\u00a0\u00bb, barques peintes typiques de la ville, 64 chefs d\u2019\u00c9tat et de gouvernement ainsi que 12 000 d\u00e9l\u00e9gu\u00e9s \u00e9taient rassembl\u00e9s. Le sommet s\u2019est achev\u00e9 vendredi 13\u00a0juin par la signature d\u2019une d\u00e9claration de Nice, sans objectifs chiffr\u00e9s. \u00ab\u00a0Nous sommes d\u00e9\u00e7us car nous attendions beaucoup plus, mais dans deux semaines nous regretterons ce moment o\u00f9 les projecteurs \u00e9taient braqu\u00e9s sur la vie marine et les grandes urgences\u00a0\u00bb, juge Jean Burkard, directeur du plaidoyer de l\u2019ONG environnementale WWF.<\/p>\n","protected":false},"excerpt":{"rendered":"Ils n\u2019\u00e9taient pas loin, \u00e0 quelque rue de l\u00e0 dans le port. Face aux \u00ab\u00a0pointues\u00a0\u00bb, barques peintes typiques&hellip;\n","protected":false},"author":2,"featured_media":174186,"comment_status":"","ping_status":"","sticky":false,"template":"","format":"standard","meta":{"footnotes":""},"categories":[2819],"tags":[1111,11,436,1777,674,1011,27,12,2401,882,25],"class_list":{"0":"post-174185","1":"post","2":"type-post","3":"status-publish","4":"format-standard","5":"has-post-thumbnail","7":"category-nice","8":"tag-actu","9":"tag-actualites","10":"tag-environnement","11":"tag-eu","12":"tag-europe","13":"tag-fr","14":"tag-france","15":"tag-news","16":"tag-nice","17":"tag-provence-alpes-cote-dazur","18":"tag-republique-francaise"},"share_on_mastodon":{"url":"https:\/\/pubeurope.com\/@fr\/114677915544841548","error":""},"_links":{"self":[{"href":"https:\/\/www.europesays.com\/fr\/wp-json\/wp\/v2\/posts\/174185","targetHints":{"allow":["GET"]}}],"collection":[{"href":"https:\/\/www.europesays.com\/fr\/wp-json\/wp\/v2\/posts"}],"about":[{"href":"https:\/\/www.europesays.com\/fr\/wp-json\/wp\/v2\/types\/post"}],"author":[{"embeddable":true,"href":"https:\/\/www.europesays.com\/fr\/wp-json\/wp\/v2\/users\/2"}],"replies":[{"embeddable":true,"href":"https:\/\/www.europesays.com\/fr\/wp-json\/wp\/v2\/comments?post=174185"}],"version-history":[{"count":0,"href":"https:\/\/www.europesays.com\/fr\/wp-json\/wp\/v2\/posts\/174185\/revisions"}],"wp:featuredmedia":[{"embeddable":true,"href":"https:\/\/www.europesays.com\/fr\/wp-json\/wp\/v2\/media\/174186"}],"wp:attachment":[{"href":"https:\/\/www.europesays.com\/fr\/wp-json\/wp\/v2\/media?parent=174185"}],"wp:term":[{"taxonomy":"category","embeddable":true,"href":"https:\/\/www.europesays.com\/fr\/wp-json\/wp\/v2\/categories?post=174185"},{"taxonomy":"post_tag","embeddable":true,"href":"https:\/\/www.europesays.com\/fr\/wp-json\/wp\/v2\/tags?post=174185"}],"curies":[{"name":"wp","href":"https:\/\/api.w.org\/{rel}","templated":true}]}}