{"id":174200,"date":"2025-06-13T20:29:09","date_gmt":"2025-06-13T20:29:09","guid":{"rendered":"https:\/\/www.europesays.com\/fr\/174200\/"},"modified":"2025-06-13T20:29:09","modified_gmt":"2025-06-13T20:29:09","slug":"le-radar-chantier-de-la-gineste-deplace-il-flashe-a-la-sortie-de-marseille","status":"publish","type":"post","link":"https:\/\/www.europesays.com\/fr\/174200\/","title":{"rendered":"le radar chantier de la Gineste d\u00e9plac\u00e9, il flashe \u00e0 la sortie de Marseille"},"content":{"rendered":"<p class=\"rev-margin-0 rev-text-xs-normal\">Ce radar chantier, ici photographi\u00e9 lors de la course Marseille-Cassis, flashe les usagers de la route en exc\u00e8s de vitesse sur la Gineste, depuis 2018. Il est r\u00e9guli\u00e8rement d\u00e9plac\u00e9.<\/p>\n<p class=\"rev-margin-0 rev-text-xs-bold\">Archives La Provence \/ Antoine Tomaselli<\/p>\n<p>Son objectif scrute la d\u00e9partementale 559, \u00e0 la sortie de Marseille. Un radar de chantier a \u00e9t\u00e9 d\u00e9plac\u00e9, sur <a href=\"https:\/\/www.laprovence.com\/article\/faits-divers-justice\/3059840478650615\/un-accident-sur-la-route-de-la-gineste-fait-2-blesses-legers-et-provoque-des-ralentissements-importants\" target=\"_blank\" rel=\"noopener\">la Gineste<\/a>, pour flasher les conducteurs en exc\u00e8s de vitesse. Habituellement plac\u00e9 \u00e0 diff\u00e9rents endroits sur cet axe routier reliant Marseille \u00e0 Cassis et La Ciotat, le radar est d\u00e9sormais install\u00e9 \u00ab\u00a0entre la fin des lacets et l&rsquo;entr\u00e9e du camp de Carpiagne\u00a0\u00bb, annonce le site sp\u00e9cialis\u00e9 <a href=\"https:\/\/www.radars-auto.com\/emplacements\/bouches-du-rhone\/marseille\/5495-radar-autonome-d559\/\" target=\"_blank\" rel=\"noopener\">Radars-auto<\/a>.<\/p>\n<p>Contact\u00e9e, la pr\u00e9fecture de police des Bouches-du-Rh\u00f4ne confirme bien un \u00ab\u00a0changement de position\u00a0\u00bb de ce radar qui est en service depuis 2018. \u00ab\u00a0Tel que pr\u00e9vu, il conna\u00eet un changement d&rsquo;itin\u00e9raire et de contr\u00f4le de mani\u00e8re r\u00e9guli\u00e8re, pr\u00e9cise-t-elle. Un panneau annon\u00e7ant ce contr\u00f4le sur l&rsquo;itin\u00e9raire est implant\u00e9 en amont.\u00a0\u00bb<\/p>\n<p>Un radar qui flashe dans les deux sens de circulation<\/p>\n<p>Suivant son positionnement, ce radar autonome flashe les exc\u00e8s de vitesse \u00e0 partir de 70, ou 80 km\/h. Il est capable de proc\u00e9der \u00e0 une \u00ab\u00a0verbalisation bidirectionnelle\u00a0\u00bb. Autrement dit, il flashe dans les deux sens de circulation.<\/p>\n<p>Le d\u00e9placement de ce radar de chantier intervient alors que plusieurs radars du m\u00eame type ont \u00e9t\u00e9 install\u00e9s \u00e0 Marseille, ces derni\u00e8res semaines. L&rsquo;un d&rsquo;eux a notamment fait parler de lui, en \u00e9tant install\u00e9 <a href=\"https:\/\/www.laprovence.com\/article\/region\/1432254313916215\/installe-sur-une-route-tres-frequentee-a-marseille-ce-nouveau-radar-mobile-flashe-les-automobilistes-des-30-km-h\" target=\"_blank\" rel=\"noopener\">sur la route des Goudes<\/a>, o\u00f9 la limitation de vitesse ne d\u00e9passe pas les 30 km\/h. Un autre a fait son apparition sur le chemin du Littoral, dans les quartiers Nord.<\/p>\n<p>De plus en plus de radars dans le d\u00e9partement<\/p>\n<p>Dans les Bouches-du-Rh\u00f4ne, o\u00f9 96 <a href=\"https:\/\/www.laprovence.com\/article\/region\/8112409899014714\/info-la-provence-une-quinzaine-de-nouveaux-radars-urbains-attendus-dans-les-bouches-du-rhone-en-2025\" target=\"_blank\" rel=\"noopener\">radars<\/a> automatiques sont en service, les automobilistes et autres usagers de la route doivent, par ailleurs, faire face \u00e0 l&rsquo;arriv\u00e9e des voitures radars priv\u00e9es.<\/p>\n<p>Depuis le lundi 2 juin, deux de ces v\u00e9hicules banalis\u00e9s <a href=\"https:\/\/www.laprovence.com\/article\/faits-divers-justice\/2817705679919614\/les-voitures-radars-privees-flashent-dans-les-bouches-du-rhone-a-partir-du-2-juin-les-axes-accidentogenes-vises\" target=\"_blank\" rel=\"noopener\">circulent dans le d\u00e9partement<\/a>, et peuvent flasher les conducteurs qui commettent des exc\u00e8s sur certains axes identifi\u00e9s comme accidentog\u00e8nes. Ces voitures radars priv\u00e9es circulent \u00e9galement dans le Var, et arriveront durant l&rsquo;\u00e9t\u00e9 <a href=\"https:\/\/www.laprovence.com\/article\/region\/6325729569909414\/les-voitures-radars-privees-arrivent-dans-les-alpes-de-haute-provence-durant-lete\" target=\"_blank\" rel=\"noopener\">dans les Alpes-de-Haute-Provence<\/a>, avant <a href=\"https:\/\/www.laprovence.com\/article\/region\/30467816664588\/info-la-provence-les-voitures-radars-privees-bientot-dans-le-vaucluse-elles-controleront-2-000-km-de-routes\" target=\"_blank\" rel=\"noopener\">d&rsquo;entrer en service en Vaucluse<\/a> le 1er octobre.<\/p>\n<p><img alt=\"\" loading=\"lazy\" width=\"18\" height=\"18\" decoding=\"async\" data-nimg=\"1\" class=\"mx-[8px]\" style=\"color:transparent\" src=\"https:\/\/www.laprovence.com\/_next\/static\/media\/comment.b95dda91.svg\"\/>D\u00e9marrez la conversation<\/p>\n<p class=\"text-[1.8rem] mt-[32px]\">Votre opinion compte pour nous. Rejoignez la communaut\u00e9 laprovence.com en r\u00e9agissant sur l&rsquo;article Radars dans les Bouches-du-Rh\u00f4ne : le radar chantier de la Gineste d\u00e9plac\u00e9, il flashe \u00e0 la sortie de Marseille.<\/p>\n","protected":false},"excerpt":{"rendered":"Ce radar chantier, ici photographi\u00e9 lors de la course Marseille-Cassis, flashe les usagers de la route en exc\u00e8s&hellip;\n","protected":false},"author":2,"featured_media":174201,"comment_status":"","ping_status":"","sticky":false,"template":"","format":"standard","meta":{"footnotes":""},"categories":[2814],"tags":[17,1111,11,885,4107,1446,1777,674,1011,27,12090,151,884,12,882,27760,6957,16,25],"class_list":{"0":"post-174200","1":"post","2":"type-post","3":"status-publish","4":"format-standard","5":"has-post-thumbnail","7":"category-marseille","8":"tag-17","9":"tag-actu","10":"tag-actualites","11":"tag-bouches-du-rhone","12":"tag-chantier","13":"tag-dans","14":"tag-eu","15":"tag-europe","16":"tag-fr","17":"tag-france","18":"tag-gineste","19":"tag-les","20":"tag-marseille","21":"tag-news","22":"tag-provence-alpes-cote-dazur","23":"tag-radar","24":"tag-radars","25":"tag-region","26":"tag-republique-francaise"},"share_on_mastodon":{"url":"https:\/\/pubeurope.com\/@fr\/114677950963350279","error":""},"_links":{"self":[{"href":"https:\/\/www.europesays.com\/fr\/wp-json\/wp\/v2\/posts\/174200","targetHints":{"allow":["GET"]}}],"collection":[{"href":"https:\/\/www.europesays.com\/fr\/wp-json\/wp\/v2\/posts"}],"about":[{"href":"https:\/\/www.europesays.com\/fr\/wp-json\/wp\/v2\/types\/post"}],"author":[{"embeddable":true,"href":"https:\/\/www.europesays.com\/fr\/wp-json\/wp\/v2\/users\/2"}],"replies":[{"embeddable":true,"href":"https:\/\/www.europesays.com\/fr\/wp-json\/wp\/v2\/comments?post=174200"}],"version-history":[{"count":0,"href":"https:\/\/www.europesays.com\/fr\/wp-json\/wp\/v2\/posts\/174200\/revisions"}],"wp:featuredmedia":[{"embeddable":true,"href":"https:\/\/www.europesays.com\/fr\/wp-json\/wp\/v2\/media\/174201"}],"wp:attachment":[{"href":"https:\/\/www.europesays.com\/fr\/wp-json\/wp\/v2\/media?parent=174200"}],"wp:term":[{"taxonomy":"category","embeddable":true,"href":"https:\/\/www.europesays.com\/fr\/wp-json\/wp\/v2\/categories?post=174200"},{"taxonomy":"post_tag","embeddable":true,"href":"https:\/\/www.europesays.com\/fr\/wp-json\/wp\/v2\/tags?post=174200"}],"curies":[{"name":"wp","href":"https:\/\/api.w.org\/{rel}","templated":true}]}}