{"id":174204,"date":"2025-06-13T20:31:11","date_gmt":"2025-06-13T20:31:11","guid":{"rendered":"https:\/\/www.europesays.com\/fr\/174204\/"},"modified":"2025-06-13T20:31:11","modified_gmt":"2025-06-13T20:31:11","slug":"le-test-sarrete-fin-juin-le-sujet-est-hyper-clivant","status":"publish","type":"post","link":"https:\/\/www.europesays.com\/fr\/174204\/","title":{"rendered":"le test s\u2019arr\u00eate fin juin, le sujet est \u00ab\u00a0hyper clivant\u00a0\u00bb"},"content":{"rendered":"<p>Fin juin.\u00a0Selon nos informations, c\u2019est bien un premier retour de l\u2019exp\u00e9rimentation men\u00e9e avenue Rockefeller dans le cadre de la Voie lyonnaise 12\u00a0qui devrait \u00eatre pr\u00e9sent\u00e9 aux acteurs locaux, par la M\u00e9tropole de Lyon.\u00a0Et l\u2019on s\u2019attend, bien s\u00fbr, \u00e0 des r\u00e9actions nombreuses, certains diront houleuses, tant le sujet fait d\u00e9bat.<\/p>\n<p><strong>&gt;&gt; <a href=\"https:\/\/www.leprogres.fr\/economie\/2025\/01\/23\/jamais-vu-une-telle-pagaille-a-bron-partisans-et-opposants-de-la-voie-lyonnaise-12-s-echarpent-lors-d-une-reunion\" target=\"_blank\" rel=\"nofollow noopener\">\u00ab\u00a0Jamais vu une telle pagaille\u00a0\u00bb\u00a0: \u00e0 Bron, partisans et opposants de la voie lyonnaise 12 s\u2019\u00e9charpent lors d\u2019une r\u00e9union<\/a><\/strong><\/p>\n<p>Il y a eu des mouvements d\u2019humeur<\/p>\n<p>Ce projet de voie cyclable qui traverse les 9e, 5e, 3e, 7e et 8e arrondissements n\u2019a rien d\u2019une promenade de sant\u00e9. En particulier dans les secteurs les plus contraints. Faute d\u2019espace suffisant pour ins\u00e9rer cette voie cyclable, les am\u00e9nageurs proposent une mise en sens unique de l\u2019avenue,&#8230;<\/p>\n","protected":false},"excerpt":{"rendered":"Fin juin.\u00a0Selon nos informations, c\u2019est bien un premier retour de l\u2019exp\u00e9rimentation men\u00e9e avenue Rockefeller dans le cadre de&hellip;\n","protected":false},"author":2,"featured_media":174205,"comment_status":"","ping_status":"","sticky":false,"template":"","format":"standard","meta":{"footnotes":""},"categories":[1889],"tags":[1111,11,2430,3542,2757,436,1777,674,107,1011,27,2428,2756,12,25,2429,2803],"class_list":{"0":"post-174204","1":"post","2":"type-post","3":"status-publish","4":"format-standard","5":"has-post-thumbnail","7":"category-lyon","8":"tag-actu","9":"tag-actualites","10":"tag-auvergne-rhone-alpes","11":"tag-circulation","12":"tag-edition-lyon-villeurbanne","13":"tag-environnement","14":"tag-eu","15":"tag-europe","16":"tag-fil-info","17":"tag-fr","18":"tag-france","19":"tag-lyon","20":"tag-lyon-bassin","21":"tag-news","22":"tag-republique-francaise","23":"tag-rhone","24":"tag-transport"},"share_on_mastodon":{"url":"https:\/\/pubeurope.com\/@fr\/114677958868644778","error":""},"_links":{"self":[{"href":"https:\/\/www.europesays.com\/fr\/wp-json\/wp\/v2\/posts\/174204","targetHints":{"allow":["GET"]}}],"collection":[{"href":"https:\/\/www.europesays.com\/fr\/wp-json\/wp\/v2\/posts"}],"about":[{"href":"https:\/\/www.europesays.com\/fr\/wp-json\/wp\/v2\/types\/post"}],"author":[{"embeddable":true,"href":"https:\/\/www.europesays.com\/fr\/wp-json\/wp\/v2\/users\/2"}],"replies":[{"embeddable":true,"href":"https:\/\/www.europesays.com\/fr\/wp-json\/wp\/v2\/comments?post=174204"}],"version-history":[{"count":0,"href":"https:\/\/www.europesays.com\/fr\/wp-json\/wp\/v2\/posts\/174204\/revisions"}],"wp:featuredmedia":[{"embeddable":true,"href":"https:\/\/www.europesays.com\/fr\/wp-json\/wp\/v2\/media\/174205"}],"wp:attachment":[{"href":"https:\/\/www.europesays.com\/fr\/wp-json\/wp\/v2\/media?parent=174204"}],"wp:term":[{"taxonomy":"category","embeddable":true,"href":"https:\/\/www.europesays.com\/fr\/wp-json\/wp\/v2\/categories?post=174204"},{"taxonomy":"post_tag","embeddable":true,"href":"https:\/\/www.europesays.com\/fr\/wp-json\/wp\/v2\/tags?post=174204"}],"curies":[{"name":"wp","href":"https:\/\/api.w.org\/{rel}","templated":true}]}}