{"id":174209,"date":"2025-06-13T20:34:12","date_gmt":"2025-06-13T20:34:12","guid":{"rendered":"https:\/\/www.europesays.com\/fr\/174209\/"},"modified":"2025-06-13T20:34:12","modified_gmt":"2025-06-13T20:34:12","slug":"les-compagnies-doivent-reduire-de-20-leurs-vols-a-laeroport-dorly-ce-vendredi-soir","status":"publish","type":"post","link":"https:\/\/www.europesays.com\/fr\/174209\/","title":{"rendered":"les compagnies doivent r\u00e9duire de 20\u00a0% leurs vols \u00e0 l&rsquo;a\u00e9roport d&rsquo;Orly ce vendredi soir"},"content":{"rendered":"<p>Perdurations attendues \u00e0 l&rsquo;a\u00e9roport francilien d&rsquo;Orly&#8230; La Direction g\u00e9n\u00e9rale de l&rsquo;aviation civile a demand\u00e9 aux compagnies a\u00e9riennes d&rsquo;y r\u00e9duire de 20 % leur programme de vols ce vendredi soir, pour limiter d&rsquo;\u00e9ventuelles perturbations li\u00e9es \u00e0 un <a href=\"https:\/\/www.ledauphine.com\/environnement\/2025\/06\/13\/orages-17-departements-places-en-vigilance-orange-ce-vendredi-apres-midi\" target=\"_blank\" rel=\"nofollow noopener\">\u00e9pisode orageux annonc\u00e9 par M\u00e9t\u00e9o-France<\/a>.<\/p>\n<p>Jusqu&rsquo;\u00e0 minuit<\/p>\n<p>\u00ab Afin de limiter les perturbations du trafic a\u00e9rien, la Direction g\u00e9n\u00e9rale de l&rsquo;Aviation civile (DGAC) demande aux compagnies a\u00e9riennes de r\u00e9duire leur programme de vols de 20 % sur l&rsquo;a\u00e9roport de Paris-Orly \u00e0 partir de 18h jusqu&rsquo;\u00e0 24h \u00bb, a indiqu\u00e9 la DGAC dans un communiqu\u00e9.<\/p>\n<p>M\u00e9t\u00e9o-France a annonc\u00e9 ce vendredi matin le passage de 28 d\u00e9partements du sud-ouest et du nord-ouest de la France en vigilance orange \u00e0 partir de l&rsquo;apr\u00e8s-midi en raison d&rsquo;une \u00ab d\u00e9gradation orageuse \u00bb, avec un fort risque de ph\u00e9nom\u00e8nes localement violents. Dix d\u00e9partements du sud-ouest (Ari\u00e8ge, Dordogne, Haute-Garonne, Gers, Gironde, Landes, Lot-et-Garonne, Pyr\u00e9n\u00e9es-Atlantiques, Tarn-et-Garonne et Hautes-Pyr\u00e9n\u00e9es) et neuf du nord-ouest (toute la r\u00e9gion Normandie, Eure-et-Loir, Mayenne, Oise, Nord, Pas-de-Calais, Sarthe, Somme, Yvelines, Val d&rsquo;Oise, Paris et la petite couronne) seront concern\u00e9s progressivement \u00e0 partir de 16h, selon un bulletin de M\u00e9t\u00e9o-France publi\u00e9 vendredi matin.<\/p>\n<p>Pas de r\u00e9duction des vols pour l&rsquo;a\u00e9roport de Roissy<\/p>\n<p>\u00ab Cet \u00e9pisode m\u00e9t\u00e9orologique couvrira la r\u00e9gion parisienne dans le courant de la soir\u00e9e \u00bb, a soulign\u00e9 la DGAC, invitant les passagers \u00e0 s&rsquo;informer aupr\u00e8s de leur compagnie a\u00e9rienne pour conna\u00eetre l\u2019\u00e9tat de leur vol dans cet a\u00e9roport situ\u00e9 au sud de Paris.<\/p>\n<p>Elle n&rsquo;a en revanche pas mentionn\u00e9 de r\u00e9duction des vols pour l&rsquo;a\u00e9roport de Roissy, situ\u00e9 au nord de la capitale. Sur le nord-ouest de la France, les pr\u00e9visionnistes anticipent dans l&rsquo;apr\u00e8s-midi et en soir\u00e9e \u00ab de fortes rafales de vent, de l&rsquo;ordre de 100 km\/h, localement 110\/120 km\/h, de fortes pr\u00e9cipitations (jusqu&rsquo;\u00e0 30\/50 mm en 2 \u00e0 3 heures) et de chutes de gr\u00eale moyenne \u00e0 grosse \u00bb. Dix d\u00e9partements dans le nord de la France devraient rester en vigilance orange samedi.<\/p>\n","protected":false},"excerpt":{"rendered":"Perdurations attendues \u00e0 l&rsquo;a\u00e9roport francilien d&rsquo;Orly&#8230; La Direction g\u00e9n\u00e9rale de l&rsquo;aviation civile a demand\u00e9 aux compagnies a\u00e9riennes d&rsquo;y&hellip;\n","protected":false},"author":2,"featured_media":174210,"comment_status":"","ping_status":"","sticky":false,"template":"","format":"standard","meta":{"footnotes":""},"categories":[1592],"tags":[1111,11,1777,674,107,1011,27,329,662,8423,12,626,25,2803],"class_list":{"0":"post-174209","1":"post","2":"type-post","3":"status-publish","4":"format-standard","5":"has-post-thumbnail","7":"category-ile-de-france","8":"tag-actu","9":"tag-actualites","10":"tag-eu","11":"tag-europe","12":"tag-fil-info","13":"tag-fr","14":"tag-france","15":"tag-france-monde","16":"tag-ile-de-france","17":"tag-meteorologie-climat","18":"tag-news","19":"tag-paris","20":"tag-republique-francaise","21":"tag-transport"},"share_on_mastodon":{"url":"https:\/\/pubeurope.com\/@fr\/114677970685088923","error":""},"_links":{"self":[{"href":"https:\/\/www.europesays.com\/fr\/wp-json\/wp\/v2\/posts\/174209","targetHints":{"allow":["GET"]}}],"collection":[{"href":"https:\/\/www.europesays.com\/fr\/wp-json\/wp\/v2\/posts"}],"about":[{"href":"https:\/\/www.europesays.com\/fr\/wp-json\/wp\/v2\/types\/post"}],"author":[{"embeddable":true,"href":"https:\/\/www.europesays.com\/fr\/wp-json\/wp\/v2\/users\/2"}],"replies":[{"embeddable":true,"href":"https:\/\/www.europesays.com\/fr\/wp-json\/wp\/v2\/comments?post=174209"}],"version-history":[{"count":0,"href":"https:\/\/www.europesays.com\/fr\/wp-json\/wp\/v2\/posts\/174209\/revisions"}],"wp:featuredmedia":[{"embeddable":true,"href":"https:\/\/www.europesays.com\/fr\/wp-json\/wp\/v2\/media\/174210"}],"wp:attachment":[{"href":"https:\/\/www.europesays.com\/fr\/wp-json\/wp\/v2\/media?parent=174209"}],"wp:term":[{"taxonomy":"category","embeddable":true,"href":"https:\/\/www.europesays.com\/fr\/wp-json\/wp\/v2\/categories?post=174209"},{"taxonomy":"post_tag","embeddable":true,"href":"https:\/\/www.europesays.com\/fr\/wp-json\/wp\/v2\/tags?post=174209"}],"curies":[{"name":"wp","href":"https:\/\/api.w.org\/{rel}","templated":true}]}}