{"id":174213,"date":"2025-06-13T20:36:13","date_gmt":"2025-06-13T20:36:13","guid":{"rendered":"https:\/\/www.europesays.com\/fr\/174213\/"},"modified":"2025-06-13T20:36:13","modified_gmt":"2025-06-13T20:36:13","slug":"aeroport-dorly-la-dgac-demande-aux-compagnies-ariennes-de-reduire-de-20-leurs-vols-a-cause-des-orages","status":"publish","type":"post","link":"https:\/\/www.europesays.com\/fr\/174213\/","title":{"rendered":"A\u00e9roport d\u2019Orly\u00a0: la DGAC demande aux compagnies ariennes de r\u00e9duire de 20\u00a0% leurs vols \u00e0 cause des orages"},"content":{"rendered":"<p class=\"paragraph text_align_left\">Face \u00e0 l\u2019\u00e9pisode orageux attendu sur la r\u00e9gion parisienne ce vendredi soir, la Direction g\u00e9n\u00e9rale de l\u2019Aviation civile (DGAC) anticipe des perturbations \u00e0 l\u2019a\u00e9roport d\u2019Orly. <a href=\"https:\/\/www.leparisien.fr\/meteo\/grele-eclairs-et-vent-a-pres-de-100-kmh-de-forts-orages-attendus-dans-louest-et-le-sud-ouest-11-06-2025-2QFWHD5G7VG2XJYEVLGZIWJFZA.php\" target=\"_self\" rel=\"noopener\">Plusieurs d\u00e9partements ont \u00e9t\u00e9 plac\u00e9s en vigilance orange \u00ab Orages \u00bb <\/a>par M\u00e9t\u00e9o France ce vendredi. Cet \u00e9pisode m\u00e9t\u00e9orologique couvrira la r\u00e9gion parisienne dans le courant de la soir\u00e9e. \u00ab Afin de limiter les perturbations du trafic a\u00e9rien, la DGAC demande aux compagnies a\u00e9riennes de r\u00e9duire leur programme de vols de 20 % sur l\u2019a\u00e9roport de Paris-Orly \u00e0 partir de 18h heures \u00e0 minuit \u00bb, indique l\u2019organisme dans un communiqu\u00e9.<\/p>\n<p class=\"paragraph text_align_left\">La DGAC invite les passagers \u00e0 s\u2019informer aupr\u00e8s de leur compagnie a\u00e9rienne pour conna\u00eetre l\u2019\u00e9tat de leur vol.<\/p>\n<p class=\"paragraph text_align_left\">M\u00e9t\u00e9o France a annonc\u00e9 le passage de 28 d\u00e9partements du sud-ouest et du nord-ouest de la France en vigilance orange ce vendredi en raison d\u2019une \u00ab d\u00e9gradation orageuse \u00bb, avec un fort risque de ph\u00e9nom\u00e8nes localement violents.<\/p>\n<p class=\"paragraph text_align_left\">Dix d\u00e9partements du sud-ouest (Ari\u00e8ge, Dordogne, Haute-Garonne, Gers, Gironde, Landes, Lot-et-Garonne, Pyr\u00e9n\u00e9es-Atlantiques, Tarn-et-Garonne et Hautes-Pyr\u00e9n\u00e9es) et neuf du nord-ouest (toute la r\u00e9gion Normandie, Eure-et-Loir, Mayenne, Oise, Nord, Pas-de-Calais, Sarthe, Somme, Yvelines, Val-d\u2019Oise, Paris et la petite couronne) seront concern\u00e9s progressivement \u00e0 partir de 16h00, selon un bulletin de M\u00e9t\u00e9o France publi\u00e9 vendredi matin.<\/p>\n<p>Des rafales \u00e0 100 km\/h<\/p>\n<p class=\"paragraph text_align_left\">Sur le nord-ouest, les pr\u00e9visionnistes anticipent dans l\u2019apr\u00e8s-midi et en soir\u00e9e \u00ab de fortes rafales de vent, de l\u2019ordre de 100 km\/h, localement 110\/120 km\/h, de fortes pr\u00e9cipitations (jusqu\u2019\u00e0 30\/50 mm en 2 \u00e0 3 heures) et de chutes de gr\u00eale moyenne \u00e0 grosse \u00bb.<\/p>\n<p class=\"paragraph text_align_left\">Dans le Sud-Ouest, \u00ab de fortes chutes de gr\u00eale (diam\u00e8tre souvent sup\u00e9rieur \u00e0 2 cm), ainsi que de fortes rafales, de l\u2019ordre de 100 km\/h localement \u00bb, sont attendues par endroits sur l\u2019ouest de l\u2019Occitanie et le sud de la Nouvelle-Aquitaine.<\/p>\n<p class=\"paragraph text_align_left\">\u00ab Sur la Nouvelle-Aquitaine par ailleurs, les cumuls de pluie pourront devenir importants, de l\u2019ordre de 30 \u00e0 50 mm en une \u00e0 3 heures \u00bb, ajoute M\u00e9t\u00e9o France, pr\u00e9cisant que \u00ab l\u2019activit\u00e9 \u00e9lectrique sera intense \u00bb.<\/p>\n<p class=\"paragraph text_align_left\">\u00ab Sur les d\u00e9partements limitrophes de ceux plac\u00e9s en vigilance orange, compte tenu des incertitudes inh\u00e9rentes \u00e0 la situation, des ph\u00e9nom\u00e8nes localement violents sont \u00e9galement possibles \u00bb, pr\u00e9vient l\u2019agence m\u00e9t\u00e9orologique.<\/p>\n<p class=\"paragraph text_align_left\">Dix d\u00e9partements dans le nord de la France devraient toujours \u00eatre plac\u00e9s en vigilance orange samedi.<\/p>\n","protected":false},"excerpt":{"rendered":"Face \u00e0 l\u2019\u00e9pisode orageux attendu sur la r\u00e9gion parisienne ce vendredi soir, la Direction g\u00e9n\u00e9rale de l\u2019Aviation civile&hellip;\n","protected":false},"author":2,"featured_media":174214,"comment_status":"","ping_status":"","sticky":false,"template":"","format":"standard","meta":{"footnotes":""},"categories":[1888],"tags":[1111,1928,11,1927,898,8936,1777,674,1011,27,1944,2487,12,1926,626,1925,25,2382],"class_list":{"0":"post-174213","1":"post","2":"type-post","3":"status-publish","4":"format-standard","5":"has-post-thumbnail","7":"category-paris","8":"tag-actu","9":"tag-actu-paris","10":"tag-actualites","11":"tag-actualites-paris","12":"tag-alerte","13":"tag-breaking-news","14":"tag-eu","15":"tag-europe","16":"tag-fr","17":"tag-france","18":"tag-ma-ville","19":"tag-meteo","20":"tag-news","21":"tag-news-paris","22":"tag-paris","23":"tag-paris-news","24":"tag-republique-francaise","25":"tag-transport-idf-oise"},"share_on_mastodon":{"url":"https:\/\/pubeurope.com\/@fr\/114677978512157309","error":""},"_links":{"self":[{"href":"https:\/\/www.europesays.com\/fr\/wp-json\/wp\/v2\/posts\/174213","targetHints":{"allow":["GET"]}}],"collection":[{"href":"https:\/\/www.europesays.com\/fr\/wp-json\/wp\/v2\/posts"}],"about":[{"href":"https:\/\/www.europesays.com\/fr\/wp-json\/wp\/v2\/types\/post"}],"author":[{"embeddable":true,"href":"https:\/\/www.europesays.com\/fr\/wp-json\/wp\/v2\/users\/2"}],"replies":[{"embeddable":true,"href":"https:\/\/www.europesays.com\/fr\/wp-json\/wp\/v2\/comments?post=174213"}],"version-history":[{"count":0,"href":"https:\/\/www.europesays.com\/fr\/wp-json\/wp\/v2\/posts\/174213\/revisions"}],"wp:featuredmedia":[{"embeddable":true,"href":"https:\/\/www.europesays.com\/fr\/wp-json\/wp\/v2\/media\/174214"}],"wp:attachment":[{"href":"https:\/\/www.europesays.com\/fr\/wp-json\/wp\/v2\/media?parent=174213"}],"wp:term":[{"taxonomy":"category","embeddable":true,"href":"https:\/\/www.europesays.com\/fr\/wp-json\/wp\/v2\/categories?post=174213"},{"taxonomy":"post_tag","embeddable":true,"href":"https:\/\/www.europesays.com\/fr\/wp-json\/wp\/v2\/tags?post=174213"}],"curies":[{"name":"wp","href":"https:\/\/api.w.org\/{rel}","templated":true}]}}