{"id":174215,"date":"2025-06-13T20:37:09","date_gmt":"2025-06-13T20:37:09","guid":{"rendered":"https:\/\/www.europesays.com\/fr\/174215\/"},"modified":"2025-06-13T20:37:09","modified_gmt":"2025-06-13T20:37:09","slug":"cinq-suspects-presentes-a-un-juge-dinstruction","status":"publish","type":"post","link":"https:\/\/www.europesays.com\/fr\/174215\/","title":{"rendered":"cinq suspects pr\u00e9sent\u00e9s \u00e0 un juge d&rsquo;instruction"},"content":{"rendered":"<p>            Par<br \/>\n        <strong><br \/>\n            <a href=\"https:\/\/actu.fr\/auteur\/redaction-paris\" title=\"Consulter tous les articles de R\u00e9daction Paris\" target=\"_blank\" rel=\"noopener\">R\u00e9daction Paris<\/a><br \/>\n        <\/strong><\/p>\n<p>        Publi\u00e9 le<\/p>\n<p>            13 juin 2025 \u00e0 21h27        <\/p>\n<p>Du nouveau dans la <a href=\"https:\/\/actu.fr\/ile-de-france\/paris_75056\/le-pere-d-un-dirigeant-de-societe-dans-les-cryptomonnaies-libere-apres-avoir-ete-enleve-a-paris_62592790.html\" target=\"_blank\" rel=\"noopener\">rocambolesque affaire d\u2019enl\u00e8vement<\/a> en lien avec le milieu de la crytpomonnaie survenue le 1er mai 2025 dans le 14e arrondissement de <a href=\"https:\/\/actu.fr\/paris\/\" target=\"_blank\" rel=\"noopener\">Paris<\/a>. Le p\u00e8re d\u2019un entrepreneur en cryptomonnaies avait \u00e9t\u00e9 <strong>s\u00e9questr\u00e9 pendant trois jours<\/strong>, avant d\u2019\u00eatre lib\u00e9r\u00e9 au cours d\u2019une op\u00e9ration de police. Cinq personnes impliqu\u00e9es dans cette affaire avaient \u00e9t\u00e9 <a href=\"https:\/\/actu.fr\/ile-de-france\/paris_75056\/pere-d-un-entrepreneur-en-cryptomonnaie-enleve-en-pleine-rue-a-paris-cinq-hommes-mis-en-examen_62610795.html\" target=\"_blank\" rel=\"noopener\">mis en examen<\/a>. Elles ont \u00e9t\u00e9 pr\u00e9sent\u00e9es aux juges d\u2019instruction de la juridiction interr\u00e9gionale sp\u00e9cialis\u00e9e (JIRS) de Paris, nous indique le parquet ce vendredi 13 juin 2025.<\/p>\n<p>\u00ab\u00a0Actes de torture et de barbarie en bande organis\u00e9e\u00a0\u00bb<\/p>\n<p class=\" wall-content\">\u00c2g\u00e9es entre <strong>19 et 37 ans,<\/strong> ces personnes ont \u00e9t\u00e9 \u00ab\u00a0mises en examen pour les infractions d\u2019enl\u00e8vement et s\u00e9questration avec actes de torture et de barbarie en bande organis\u00e9e, extorsion en bande organis\u00e9e, blanchiment en bande organis\u00e9e, et association de malfaiteurs en vue de commettre un crime\u00a0\u00bb, pr\u00e9cise le parquet, qui ajoute que leur d\u00e9tention a \u00e9t\u00e9 requise. \u00ab\u00a0Ces personnes seront pr\u00e9sent\u00e9es au juge des libert\u00e9s et de la d\u00e9tention\u00a0\u00bb.<\/p>\n<p class=\" wall-content\">La victime avait \u00e9t\u00e9 kidnapp\u00e9e vers 10h30, le jeudi 1er mai 2025. L\u2019homme avait finalement \u00e9t\u00e9 lib\u00e9r\u00e9 vers 21 heures le samedi suivant, apr\u00e8s plus de 48 heures pass\u00e9es dans un logement. Au cours de cette s\u00e9questration, une <strong>demande de ran\u00e7on<\/strong> avait \u00e9t\u00e9 adress\u00e9e. La victime avait \u00e9galement \u00e9t\u00e9 <strong>bless\u00e9e<\/strong>.\u00a0<\/p>\n<p class=\" wall-content\">Suivez toute l\u2019actualit\u00e9 de vos villes et m\u00e9dias favoris en vous inscrivant \u00e0 <a href=\"https:\/\/moncompte.actu.fr\" title=\"D\u00e9couvez Mon Actu\" rel=\"nofollow noopener\" data-trk=\"{&quot;cta&quot;:{&quot;action&quot;:&quot;https:\\\/\\\/moncompte.actu.fr&quot;,&quot;category&quot;:&quot;mon compte&quot;,&quot;from&quot;:&quot;article footer&quot;,&quot;name&quot;:&quot;Mon actu&quot;,&quot;type&quot;:&quot;cta&quot;}}\" target=\"_blank\">Mon Actu<\/a>.<\/p>\n","protected":false},"excerpt":{"rendered":"Par R\u00e9daction Paris Publi\u00e9 le 13 juin 2025 \u00e0 21h27 Du nouveau dans la rocambolesque affaire d\u2019enl\u00e8vement en&hellip;\n","protected":false},"author":2,"featured_media":174216,"comment_status":"","ping_status":"","sticky":false,"template":"","format":"standard","meta":{"footnotes":""},"categories":[1888],"tags":[11,11250,1777,674,1011,27,303,12,626,25,104],"class_list":{"0":"post-174215","1":"post","2":"type-post","3":"status-publish","4":"format-standard","5":"has-post-thumbnail","7":"category-paris","8":"tag-actualites","9":"tag-enlevements","10":"tag-eu","11":"tag-europe","12":"tag-fr","13":"tag-france","14":"tag-justice","15":"tag-news","16":"tag-paris","17":"tag-republique-francaise","18":"tag-societe"},"share_on_mastodon":{"url":"https:\/\/pubeurope.com\/@fr\/114677982395766518","error":""},"_links":{"self":[{"href":"https:\/\/www.europesays.com\/fr\/wp-json\/wp\/v2\/posts\/174215","targetHints":{"allow":["GET"]}}],"collection":[{"href":"https:\/\/www.europesays.com\/fr\/wp-json\/wp\/v2\/posts"}],"about":[{"href":"https:\/\/www.europesays.com\/fr\/wp-json\/wp\/v2\/types\/post"}],"author":[{"embeddable":true,"href":"https:\/\/www.europesays.com\/fr\/wp-json\/wp\/v2\/users\/2"}],"replies":[{"embeddable":true,"href":"https:\/\/www.europesays.com\/fr\/wp-json\/wp\/v2\/comments?post=174215"}],"version-history":[{"count":0,"href":"https:\/\/www.europesays.com\/fr\/wp-json\/wp\/v2\/posts\/174215\/revisions"}],"wp:featuredmedia":[{"embeddable":true,"href":"https:\/\/www.europesays.com\/fr\/wp-json\/wp\/v2\/media\/174216"}],"wp:attachment":[{"href":"https:\/\/www.europesays.com\/fr\/wp-json\/wp\/v2\/media?parent=174215"}],"wp:term":[{"taxonomy":"category","embeddable":true,"href":"https:\/\/www.europesays.com\/fr\/wp-json\/wp\/v2\/categories?post=174215"},{"taxonomy":"post_tag","embeddable":true,"href":"https:\/\/www.europesays.com\/fr\/wp-json\/wp\/v2\/tags?post=174215"}],"curies":[{"name":"wp","href":"https:\/\/api.w.org\/{rel}","templated":true}]}}