{"id":174250,"date":"2025-06-13T20:57:09","date_gmt":"2025-06-13T20:57:09","guid":{"rendered":"https:\/\/www.europesays.com\/fr\/174250\/"},"modified":"2025-06-13T20:57:09","modified_gmt":"2025-06-13T20:57:09","slug":"les-derniers-internationaux-du-psg-presents-a-lentrainement","status":"publish","type":"post","link":"https:\/\/www.europesays.com\/fr\/174250\/","title":{"rendered":"Les derniers internationaux du PSG pr\u00e9sents \u00e0 l&rsquo;entra\u00eenement"},"content":{"rendered":"<p>Arriv\u00e9 aux Etats-Unis mardi soir, le PSG a vu son groupe<br \/>\n\u00eatre au presque complet lors du dernier entra\u00eenement apr\u00e8s le<br \/>\nretour de cinq internationaux.<\/p>\n<p>Le groupe du <strong>PSG<\/strong> est d\u00e9sormais au complet.<br \/>\nArriv\u00e9s en <strong>Californie<\/strong> mardi soir, les Rouge &amp; Bleu<br \/>\nont particip\u00e9 \u00e0 leur deuxi\u00e8me entra\u00eenement dans le campus<br \/>\nuniversitaire d\u2019<strong>Irvine<\/strong>. Et lors de la s\u00e9ance<br \/>\ncollective de ce jeudi, <strong>Luis Enrique<\/strong> a pu compter<br \/>\nsur le retour des ses derniers internationaux. En effet, cinq<br \/>\njoueurs n\u2019avaient pas pris part au voyage depuis<br \/>\n<strong>Paris<\/strong> en raison de leur pr\u00e9sence avec leur<br \/>\ns\u00e9lection. Ainsi, le coach parisien a pu compter sur les retours de<br \/>\n<strong>Gianluigi Donnarumma<\/strong>, <strong>Marquinhos<\/strong>,<br \/>\n<strong>Lucas Beraldo<\/strong>, <strong>Willian Pacho<\/strong> et<br \/>\n<strong>Lee Kang-in<\/strong> \u00e0 l\u2019entra\u00eenement ce jeudi.<\/p>\n<p>Barcola<br \/>\nincertain pour PSG \/ Atl\u00e9tico<\/p>\n<p>Ils \u00e9taient vingt-deux au total lors de la s\u00e9ance collective du<br \/>\njour. Les derniers internationaux \u00ab\u00a0ont pu tester leurs<br \/>\nsensations et se remettre tranquillement en jambes\u00a0\u00bb \u00e0<br \/>\nJ-3 de l\u2019entr\u00e9e en lice des champions d\u2019Europe dans cette<br \/>\n<strong><a href=\"https:\/\/canal-supporters.com\/cdm-des-clubs-la-france-optimiste-pour-le-psg\/\" title=\"\" rel=\"nofollow noopener\" target=\"_blank\">Coupe du monde des clubs<\/a><\/strong>, face \u00e0<br \/>\n<strong>l\u2019Atl\u00e9tico de Madrid<\/strong> (dimanche \u00e0 21h en<br \/>\n<strong>France<\/strong>, sur TF1 et DAZN).<br \/>\nVictime d\u2019une l\u00e9sion au quadriceps gauche, <strong>Ousmane<br \/>\nDemb\u00e9l\u00e9<\/strong> est encore rest\u00e9 en salle avant d\u2019effectuer<br \/>\nquelques tours de terrain, rapporte <strong><a href=\"https:\/\/www.leparisien.fr\/sports\/football\/coupe-du-monde-des-clubs\/coupe-du-monde-des-clubs-des-renforts-a-lentrainement-pour-le-psg-ce-jeudi-a-irvine-12-06-2025-VRHSQUWVJJF5PEQSH7UH4L6SQY.php\" target=\"_blank\" rel=\"noopener nofollow\" title=\"\">Le<br \/>\nParisien<\/a><\/strong>. Il se dirige vers un forfait pour les<br \/>\ntrois matches de poules. Incertain pour ce premi\u00e8re rencontre face<br \/>\naux Colchoneros apr\u00e8s avoir \u00e9t\u00e9 touch\u00e9 au genou avec<br \/>\n<strong>l\u2019\u00e9quipe de France<\/strong>, <strong>Bradley<br \/>\nBarcola<\/strong> s\u2019est entra\u00een\u00e9 individuellement en compagnie d\u2019un<br \/>\nmembre du staff. \u00ab\u00a0Alors qu\u2019il ne reste que deux s\u00e9ances<br \/>\nd\u2019entra\u00eenement \u00e0 disputer avant le choc contre le club espagnol, le<br \/>\nnum\u00e9ro 29 pourrait \u00eatre un peu court physiquement. <strong>Luis<br \/>\nEnrique<\/strong> ne prendra aucun risque \u00e0 ce sujet.\u00a0\u00bb<br \/>\nComme lors du premier entra\u00eenement, <strong>Gabriel<br \/>\nMoscardo<\/strong> s\u2019est une nouvelle entra\u00een\u00e9 \u00e0 l\u2019\u00e9cart du<br \/>\ngroupe.<\/p>\n<p>Apr\u00e8s les entra\u00eenements plac\u00e9es en fin de matin\u00e9e afin de se<br \/>\ncaler sur l\u2019horaire inhabituel du match face \u00e0<br \/>\n<strong>l\u2019Atl\u00e9tico<\/strong> (12h, heure locale), <strong><a href=\"https:\/\/canal-supporters.com\/luis-enrique-cest-le-moment-de-retrouver-la-competition-et-daller-decrocher-la-coupe-du-monde-des-clubs\/\" title=\"\" rel=\"nofollow noopener\" target=\"_blank\">Luis Enrique<\/a><\/strong> donne quartier libre \u00e0 ses<br \/>\njoueurs pendant l\u2019apr\u00e8s-midi. \u00ab\u00a0Cela leur permet de se<br \/>\nbalader ou de s\u2019occuper de leur c\u00f4t\u00e9, certains en compagnie de leur<br \/>\nfamille dont une partie a fait le d\u00e9placement pour la <strong>Coupe<br \/>\ndu monde des clubs<\/strong>. Une d\u00e9cision prise par le staff de<br \/>\n<strong>Luis Enrique<\/strong> et la direction sportive conduite par<br \/>\n<strong>Luis Campos<\/strong>. L\u2019id\u00e9e est de ne pas laisser les<br \/>\njoueurs clo\u00eetrer pendant des heures \u00e0 l\u2019h\u00f4tel et qu\u2019ils puissent<br \/>\ns\u2019a\u00e9rer la t\u00eate, en cette fin de saison \u00e0 rallonge\u00a0\u00bb,<br \/>\nexplique <strong>L\u2019Equipe<\/strong> dans son \u00e9dition du<br \/>\njour.<\/p>\n<blockquote class=\"twitter-tweet\">\n<p lang=\"fr\" dir=\"ltr\">Premi\u00e8re s\u00e9ance \u00e0 Los Angeles pour<br \/>\nMarquinhos, Beraldo, Pacho, Donnarumma et Kang-In Lee. \ud83d\udcaa<a href=\"https:\/\/twitter.com\/hashtag\/FIFACWC?src=hash&amp;ref_src=twsrc%5Etfw\" rel=\"nofollow noopener\" target=\"_blank\">#FIFACWC<\/a><br \/>\n<a href=\"https:\/\/t.co\/kNsaEApdhd\" rel=\"nofollow\">pic.twitter.com\/kNsaEApdhd<\/a><\/p>\n<p>\u2014 Paris Saint-Germain (@PSG_inside) <a href=\"https:\/\/twitter.com\/PSG_inside\/status\/1933289746681184667?ref_src=twsrc%5Etfw\" rel=\"nofollow noopener\" target=\"_blank\"><br \/>\nJune 12, 2025<\/a><\/p><\/blockquote>\n<blockquote class=\"twitter-tweet\">\n<p lang=\"fr\" dir=\"ltr\">\u00ab C\u2019est toi le champion d\u2019Europe ? \u00bb \ud83e\udd23<\/p>\n<p>Marqui est l\u00e0 ! \ud83d\udc4b<a href=\"https:\/\/twitter.com\/hashtag\/FIFACWC?src=hash&amp;ref_src=twsrc%5Etfw\" rel=\"nofollow noopener\" target=\"_blank\">#FIFACWC<\/a><br \/>\n<a href=\"https:\/\/t.co\/kQ8WPkokId\" rel=\"nofollow\">pic.twitter.com\/kQ8WPkokId<\/a><\/p>\n<p>\u2014 Paris Saint-Germain (@PSG_inside) <a href=\"https:\/\/twitter.com\/PSG_inside\/status\/1933297902035873906?ref_src=twsrc%5Etfw\" rel=\"nofollow noopener\" target=\"_blank\"><br \/>\nJune 12, 2025<\/a><\/p><\/blockquote>\n<p>Youtube :<br \/>\n<strong><a href=\"https:\/\/www.youtube.com\/@CanalSupportersParis\" target=\"_blank\" rel=\"noopener nofollow\" title=\"\">Canal Supporters<br \/>\nParis<\/a><\/strong><\/p>\n<p><script async src=\"https:\/\/platform.twitter.com\/widgets.js\" charset=\"utf-8\"><\/script><\/p>\n","protected":false},"excerpt":{"rendered":"Arriv\u00e9 aux Etats-Unis mardi soir, le PSG a vu son groupe \u00eatre au presque complet lors du dernier&hellip;\n","protected":false},"author":2,"featured_media":174251,"comment_status":"","ping_status":"","sticky":false,"template":"","format":"standard","meta":{"footnotes":""},"categories":[1410],"tags":[28851,30940,9707,81,7151,787,16775,15186,30941,63,1011,27,30942,10528,5049,30943,790,921,2781,791,15187,30944,2782,24971,91,92,93,30931,60,96,13197],"class_list":{"0":"post-174250","1":"post","2":"type-post","3":"status-publish","4":"format-standard","5":"has-post-thumbnail","7":"category-football","8":"tag-barcola-psg","9":"tag-beraldo-psg","10":"tag-bradley-barcola","11":"tag-canal-supporters","12":"tag-coupe-du-monde-des-clubs","13":"tag-cs","14":"tag-dembele-psg","15":"tag-donnarumma-psg","16":"tag-entrainement-psg","17":"tag-football","18":"tag-fr","19":"tag-france","20":"tag-gabriel-moscardo","21":"tag-gianluigi-donnarumma","22":"tag-lee-kang-in","23":"tag-lee-psg","24":"tag-lucas-beraldo","25":"tag-luis-enrique","26":"tag-luis-enrique-psg","27":"tag-marquinhos","28":"tag-marquinhos-psg","29":"tag-moscardo-psg","30":"tag-ousmane-dembele","31":"tag-pacho-psg","32":"tag-paris-saint-germain","33":"tag-paris-sg","34":"tag-psg","35":"tag-psg-atletico","36":"tag-sports","37":"tag-une","38":"tag-willian-pacho"},"share_on_mastodon":{"url":"https:\/\/pubeurope.com\/@fr\/114678061145943390","error":""},"_links":{"self":[{"href":"https:\/\/www.europesays.com\/fr\/wp-json\/wp\/v2\/posts\/174250","targetHints":{"allow":["GET"]}}],"collection":[{"href":"https:\/\/www.europesays.com\/fr\/wp-json\/wp\/v2\/posts"}],"about":[{"href":"https:\/\/www.europesays.com\/fr\/wp-json\/wp\/v2\/types\/post"}],"author":[{"embeddable":true,"href":"https:\/\/www.europesays.com\/fr\/wp-json\/wp\/v2\/users\/2"}],"replies":[{"embeddable":true,"href":"https:\/\/www.europesays.com\/fr\/wp-json\/wp\/v2\/comments?post=174250"}],"version-history":[{"count":0,"href":"https:\/\/www.europesays.com\/fr\/wp-json\/wp\/v2\/posts\/174250\/revisions"}],"wp:featuredmedia":[{"embeddable":true,"href":"https:\/\/www.europesays.com\/fr\/wp-json\/wp\/v2\/media\/174251"}],"wp:attachment":[{"href":"https:\/\/www.europesays.com\/fr\/wp-json\/wp\/v2\/media?parent=174250"}],"wp:term":[{"taxonomy":"category","embeddable":true,"href":"https:\/\/www.europesays.com\/fr\/wp-json\/wp\/v2\/categories?post=174250"},{"taxonomy":"post_tag","embeddable":true,"href":"https:\/\/www.europesays.com\/fr\/wp-json\/wp\/v2\/tags?post=174250"}],"curies":[{"name":"wp","href":"https:\/\/api.w.org\/{rel}","templated":true}]}}