{"id":174260,"date":"2025-06-13T21:02:14","date_gmt":"2025-06-13T21:02:14","guid":{"rendered":"https:\/\/www.europesays.com\/fr\/174260\/"},"modified":"2025-06-13T21:02:14","modified_gmt":"2025-06-13T21:02:14","slug":"le-groupe-suedois-abba-preparerait-un-nouveau-projet-secret-selon-son-chanteur-bjorn","status":"publish","type":"post","link":"https:\/\/www.europesays.com\/fr\/174260\/","title":{"rendered":"Le groupe su\u00e9dois ABBA pr\u00e9parerait un nouveau projet secret, selon son chanteur Bj\u00f6rn"},"content":{"rendered":"<p class=\"ap-StoryElement ap-StoryElement--mb ap-StoryText\">Plus de cinquante ans apr\u00e8s sa victoire au Concours Eurovision de la Chanson, le groupe su\u00e9dois ABBA n&rsquo;a pas fini de faire r\u00eaver ses fans. Aujourd&rsquo;hui octog\u00e9naire, Bj\u00f6rn Ulvaeus (l&rsquo;un de ses chanteurs) a accord\u00e9 une interview au journal \u00ab\u00a0<a href=\"https:\/\/www.mirror.co.uk\/3am\/celebrity-news\/abba-legend-bjorn-teases-secret-35386745\" target=\"_blank\" rel=\"noopener\">The Mirror<\/a>\u00ab\u00a0. Il y r\u00e9v\u00e8le qu&rsquo;un nouveau projet secret du quatuor iconique sera bient\u00f4t en pr\u00e9paration.<\/p>\n<p class=\"ap-StoryElement ap-StoryElement--mb ap-StoryText\">\u00ab\u00a0Il y aura quelque chose. On ne sait juste pas encore exactement ce que c&rsquo;est. Quelque chose de nouveau. Oui, j&rsquo;ai 80 ans, mais je me l\u00e8ve chaque matin avec la curiosit\u00e9\u00a0\u00bb, a-t-il confi\u00e9 au quotidien britannique.<\/p>\n","protected":false},"excerpt":{"rendered":"Plus de cinquante ans apr\u00e8s sa victoire au Concours Eurovision de la Chanson, le groupe su\u00e9dois ABBA n&rsquo;a&hellip;\n","protected":false},"author":2,"featured_media":174261,"comment_status":"","ping_status":"","sticky":false,"template":"","format":"standard","meta":{"footnotes":""},"categories":[1355],"tags":[9013,58,11035,59,1011,27,20294,1227,1361,873,9024],"class_list":{"0":"post-174260","1":"post","2":"type-post","3":"status-publish","4":"format-standard","5":"has-post-thumbnail","7":"category-musique","8":"tag-color-image","9":"tag-divertissement","10":"tag-election","11":"tag-entertainment","12":"tag-fr","13":"tag-france","14":"tag-gettyimagerank3","15":"tag-horizontal","16":"tag-music","17":"tag-musique","18":"tag-politics"},"share_on_mastodon":{"url":"https:\/\/pubeurope.com\/@fr\/114678080718303249","error":""},"_links":{"self":[{"href":"https:\/\/www.europesays.com\/fr\/wp-json\/wp\/v2\/posts\/174260","targetHints":{"allow":["GET"]}}],"collection":[{"href":"https:\/\/www.europesays.com\/fr\/wp-json\/wp\/v2\/posts"}],"about":[{"href":"https:\/\/www.europesays.com\/fr\/wp-json\/wp\/v2\/types\/post"}],"author":[{"embeddable":true,"href":"https:\/\/www.europesays.com\/fr\/wp-json\/wp\/v2\/users\/2"}],"replies":[{"embeddable":true,"href":"https:\/\/www.europesays.com\/fr\/wp-json\/wp\/v2\/comments?post=174260"}],"version-history":[{"count":0,"href":"https:\/\/www.europesays.com\/fr\/wp-json\/wp\/v2\/posts\/174260\/revisions"}],"wp:featuredmedia":[{"embeddable":true,"href":"https:\/\/www.europesays.com\/fr\/wp-json\/wp\/v2\/media\/174261"}],"wp:attachment":[{"href":"https:\/\/www.europesays.com\/fr\/wp-json\/wp\/v2\/media?parent=174260"}],"wp:term":[{"taxonomy":"category","embeddable":true,"href":"https:\/\/www.europesays.com\/fr\/wp-json\/wp\/v2\/categories?post=174260"},{"taxonomy":"post_tag","embeddable":true,"href":"https:\/\/www.europesays.com\/fr\/wp-json\/wp\/v2\/tags?post=174260"}],"curies":[{"name":"wp","href":"https:\/\/api.w.org\/{rel}","templated":true}]}}