{"id":174267,"date":"2025-06-13T21:06:17","date_gmt":"2025-06-13T21:06:17","guid":{"rendered":"https:\/\/www.europesays.com\/fr\/174267\/"},"modified":"2025-06-13T21:06:17","modified_gmt":"2025-06-13T21:06:17","slug":"iris-mittenaere-annonce-deposer-plainte-pour-diffamation-publique-et-cyberharcelement","status":"publish","type":"post","link":"https:\/\/www.europesays.com\/fr\/174267\/","title":{"rendered":"Iris Mittenaere annonce d\u00e9poser plainte pour \u00ab\u00a0diffamation publique\u00a0\u00bb et \u00ab\u00a0cyberharc\u00e8lement\u00a0\u00bb"},"content":{"rendered":"<p class=\"article-p mdl\">Dans un communiqu\u00e9 publi\u00e9 sur son compte Instagram, jeudi 12 juin, l&rsquo;ex-Miss France Iris Mittenaere dit faire \u00ab\u00a0l&rsquo;objet<\/p>\n<p>d&rsquo;une campagne de haine et de diffamation sur les r\u00e9seaux sociaux\u00a0\u00bb. \u00ab\u00a0Il est temps que cela cesse\u00a0\u00bb, a-t-elle \u00e9crit.<\/p>\n<p class=\"article-p mdl\">Elle d\u00e9clare avoir\u00a0<a class=\"link\" href=\"https:\/\/www.rtl.fr\/actu\/justice-faits-divers\/iris-mittenaere-son-ex-compagnon-condamne-a-six-mois-de-prison-ferme-pour-violences-conjugales-7900437583\" target=\"_blank\" rel=\"noopener\">d\u00e9pos\u00e9 plainte<\/a>\u00a0pour \u00ab\u00a0divulgation de correspondances priv\u00e9es, diffamation publique, cyberharc\u00e8lement et incitation au cyberharc\u00e8lement\u00a0\u00bb. Elle a \u00e9galement expliqu\u00e9 qu&rsquo;une <strong>proc\u00e9dure d&rsquo;urgence civile avait \u00e9t\u00e9 engag\u00e9e<\/strong> pour \u00ab\u00a0atteinte \u00e0 l&rsquo;intimit\u00e9\u00a0\u00bb de sa vie priv\u00e9e.<\/p>\n<p class=\"article-p mdl\">L&rsquo;ancienne <strong>Miss Univers<\/strong> a d\u00e9nonc\u00e9 des \u00ab\u00a0propos mensongers, d\u00e9form\u00e9s, sortis de leur contexte\u00a0\u00bb. La plainte a \u00e9t\u00e9 d\u00e9pos\u00e9e quelques jours apr\u00e8s la publication d&rsquo;un communiqu\u00e9 sur Instagram de son ex-fianc\u00e9 Diego El Glaoui, comme le rappelle\u00a0<a class=\"link\" href=\"https:\/\/www.bfmtv.com\/people\/il-est-temps-que-cela-cesse-pourquoi-iris-mittenaere-porte-plainte-pour-diffamation-publique-et-cyberharcelement_AN-202506130423.html\" target=\"_blank\" rel=\"noopener\">BFMTV<\/a>. Le couple avait annonc\u00e9 sa <strong>s\u00e9paration<\/strong> en mai 2024 apr\u00e8s une relation de cinq ans.<br \/>L&rsquo;entrepreneur avait choisi de s&rsquo;exprimer apr\u00e8s des <strong>all\u00e9gations de l&rsquo;influenceur Aqababe<\/strong>, d\u00e9non\u00e7ant de <strong>suppos\u00e9es infid\u00e9lit\u00e9s d&rsquo;Iris Mittenaere<\/strong>. \u00ab\u00a0J\u2019ai d\u00e9couvert que j\u2019avais \u00e9t\u00e9 tromp\u00e9 peu apr\u00e8s nos fian\u00e7ailles et durant plusieurs mois\u00a0\u00bb, a-t-il confi\u00e9 dans son communiqu\u00e9. Il a toutefois pr\u00e9cis\u00e9 n&rsquo;avoir \u00ab\u00a0jamais souhait\u00e9 que la v\u00e9rit\u00e9 soit rendue publique\u00a0\u00bb. \u00ab\u00a0<strong>Elle ne m\u00e9rite ni haine ni vengeance<\/strong>\u00ab\u00a0, avait-il conclu.<\/p>\n<p>    La r\u00e9daction vous recommande<\/p>\n<p class=\"s-newsletter__title\">\n                L\u2019actualit\u00e9 par la r\u00e9daction de RTL dans votre bo\u00eete mail.\n            <\/p>\n<p class=\"s-newsletter__subtitle\">\n                Gr\u00e2ce \u00e0 votre compte RTL abonnez-vous \u00e0 la newsletter RTL info pour suivre toute l&rsquo;actualit\u00e9 au quotidien\n            <\/p>\n<p>\n                                    Lire la suite\n                                <\/p>\n","protected":false},"excerpt":{"rendered":"Dans un communiqu\u00e9 publi\u00e9 sur son compte Instagram, jeudi 12 juin, l&rsquo;ex-Miss France Iris Mittenaere dit faire \u00ab\u00a0l&rsquo;objet&hellip;\n","protected":false},"author":2,"featured_media":174268,"comment_status":"","ping_status":"","sticky":false,"template":"","format":"standard","meta":{"footnotes":""},"categories":[8],"tags":[22016,58,59,107,1011,27,7308,2634,104],"class_list":{"0":"post-174267","1":"post","2":"type-post","3":"status-publish","4":"format-standard","5":"has-post-thumbnail","7":"category-divertissement","8":"tag-diffamation","9":"tag-divertissement","10":"tag-entertainment","11":"tag-fil-info","12":"tag-fr","13":"tag-france","14":"tag-iris-mittenaere","15":"tag-plainte","16":"tag-societe"},"share_on_mastodon":{"url":"https:\/\/pubeurope.com\/@fr\/114678096398572201","error":""},"_links":{"self":[{"href":"https:\/\/www.europesays.com\/fr\/wp-json\/wp\/v2\/posts\/174267","targetHints":{"allow":["GET"]}}],"collection":[{"href":"https:\/\/www.europesays.com\/fr\/wp-json\/wp\/v2\/posts"}],"about":[{"href":"https:\/\/www.europesays.com\/fr\/wp-json\/wp\/v2\/types\/post"}],"author":[{"embeddable":true,"href":"https:\/\/www.europesays.com\/fr\/wp-json\/wp\/v2\/users\/2"}],"replies":[{"embeddable":true,"href":"https:\/\/www.europesays.com\/fr\/wp-json\/wp\/v2\/comments?post=174267"}],"version-history":[{"count":0,"href":"https:\/\/www.europesays.com\/fr\/wp-json\/wp\/v2\/posts\/174267\/revisions"}],"wp:featuredmedia":[{"embeddable":true,"href":"https:\/\/www.europesays.com\/fr\/wp-json\/wp\/v2\/media\/174268"}],"wp:attachment":[{"href":"https:\/\/www.europesays.com\/fr\/wp-json\/wp\/v2\/media?parent=174267"}],"wp:term":[{"taxonomy":"category","embeddable":true,"href":"https:\/\/www.europesays.com\/fr\/wp-json\/wp\/v2\/categories?post=174267"},{"taxonomy":"post_tag","embeddable":true,"href":"https:\/\/www.europesays.com\/fr\/wp-json\/wp\/v2\/tags?post=174267"}],"curies":[{"name":"wp","href":"https:\/\/api.w.org\/{rel}","templated":true}]}}