{"id":174278,"date":"2025-06-13T21:13:20","date_gmt":"2025-06-13T21:13:20","guid":{"rendered":"https:\/\/www.europesays.com\/fr\/174278\/"},"modified":"2025-06-13T21:13:20","modified_gmt":"2025-06-13T21:13:20","slug":"saint-etienne-un-nouveau-magasin-normal-ouvre-ses-portes-2","status":"publish","type":"post","link":"https:\/\/www.europesays.com\/fr\/174278\/","title":{"rendered":"Saint-\u00c9tienne : un nouveau magasin Normal ouvre ses portes"},"content":{"rendered":"<p>\u00c0 Saint-\u00c9tienne, un nouveau magasin Normal va ouvrir ses portes au sein de la Galerie Espace Monthieu. Ouverture pr\u00e9vue le jeudi 19 juin 2025.<\/p>\n<p>C&rsquo;est le troisi\u00e8me magasin de l&rsquo;enseigne \u00e0 Saint-\u00c9tienne. <b>Normal<\/b> <b>va ouvrir une boutique le jeudi 19 juin 2025 dans la Galerie Espace Monthieu<\/b>.<\/p>\n<p>Une ouverture pr\u00e9vue \u00e0 9h30, juste \u00e0 c\u00f4t\u00e9 de la FNAC et \u00e0 la place de l&rsquo;ancien magasin de pr\u00eat-\u00e0-porter Pilou.<\/p>\n<p>Les premiers clients de la boutique Normal recevront un petit cadeau.<\/p>\n<p>\u00c0 noter que deux autres magasins de la marque danoise sont d\u00e9j\u00e0 ouverts \u00e0 Saint-\u00c9tienne : un \u00e0 Centre-Deux et <a class=\"url\" href=\"https:\/\/www.radioscoop.com\/infos\/saint-etienne-le-magasin-normal-ouvre-ce-samedi_318931\" target=\"_blank\" rel=\"noopener\">un autre en centre-ville<\/a> (rue du G\u00e9n\u00e9ral Foy).<\/p>\n<p><img loading=\"lazy\" decoding=\"async\" src=\"https:\/\/www.europesays.com\/fr\/wp-content\/uploads\/2025\/06\/1749849200_970_img\" width=\"350\" height=\"200\" border=\"0\" title=\"\u00c3\u0080 Saint-\u00c3\u0089tienne, le Bistrot de Paris devient le bistrot de Saint\u00c3\u00a9\"\/><\/p>\n<p>\u25baConso<\/p>\n<p style=\"font-size: 22px;\"><b>Saint-\u00c9tienne : le Bistrot de Paris rouvre ses portes sous un nouveau nom<\/b><\/p>\n<p>Ferm\u00e9 \u00e0 la fin de l&rsquo;ann\u00e9e 2024, le Bistrot de&#8230;<\/p>\n<p><\/p>\n","protected":false},"excerpt":{"rendered":"\u00c0 Saint-\u00c9tienne, un nouveau magasin Normal va ouvrir ses portes au sein de la Galerie Espace Monthieu. Ouverture&hellip;\n","protected":false},"author":2,"featured_media":173762,"comment_status":"","ping_status":"","sticky":false,"template":"","format":"standard","meta":{"footnotes":""},"categories":[9653],"tags":[1111,11,2430,1777,674,1011,27,18358,30898,12,30897,25,9920,4001],"class_list":{"0":"post-174278","1":"post","2":"type-post","3":"status-publish","4":"format-standard","5":"has-post-thumbnail","7":"category-saint-etienne","8":"tag-actu","9":"tag-actualites","10":"tag-auvergne-rhone-alpes","11":"tag-eu","12":"tag-europe","13":"tag-fr","14":"tag-france","15":"tag-magasin","16":"tag-monthieu","17":"tag-news","18":"tag-normal","19":"tag-republique-francaise","20":"tag-saint-tienne","21":"tag-saint-etienne"},"share_on_mastodon":{"url":"https:\/\/pubeurope.com\/@fr\/114678124292608700","error":""},"_links":{"self":[{"href":"https:\/\/www.europesays.com\/fr\/wp-json\/wp\/v2\/posts\/174278","targetHints":{"allow":["GET"]}}],"collection":[{"href":"https:\/\/www.europesays.com\/fr\/wp-json\/wp\/v2\/posts"}],"about":[{"href":"https:\/\/www.europesays.com\/fr\/wp-json\/wp\/v2\/types\/post"}],"author":[{"embeddable":true,"href":"https:\/\/www.europesays.com\/fr\/wp-json\/wp\/v2\/users\/2"}],"replies":[{"embeddable":true,"href":"https:\/\/www.europesays.com\/fr\/wp-json\/wp\/v2\/comments?post=174278"}],"version-history":[{"count":0,"href":"https:\/\/www.europesays.com\/fr\/wp-json\/wp\/v2\/posts\/174278\/revisions"}],"wp:featuredmedia":[{"embeddable":true,"href":"https:\/\/www.europesays.com\/fr\/wp-json\/wp\/v2\/media\/173762"}],"wp:attachment":[{"href":"https:\/\/www.europesays.com\/fr\/wp-json\/wp\/v2\/media?parent=174278"}],"wp:term":[{"taxonomy":"category","embeddable":true,"href":"https:\/\/www.europesays.com\/fr\/wp-json\/wp\/v2\/categories?post=174278"},{"taxonomy":"post_tag","embeddable":true,"href":"https:\/\/www.europesays.com\/fr\/wp-json\/wp\/v2\/tags?post=174278"}],"curies":[{"name":"wp","href":"https:\/\/api.w.org\/{rel}","templated":true}]}}