{"id":174279,"date":"2025-06-13T21:14:23","date_gmt":"2025-06-13T21:14:23","guid":{"rendered":"https:\/\/www.europesays.com\/fr\/174279\/"},"modified":"2025-06-13T21:14:23","modified_gmt":"2025-06-13T21:14:23","slug":"lorraine-nancy-jazz-pulsations-2025-la-programmation-est-devoilee-2","status":"publish","type":"post","link":"https:\/\/www.europesays.com\/fr\/174279\/","title":{"rendered":"Lorraine. Nancy Jazz Pulsations 2025\u00a0: la programmation est d\u00e9voil\u00e9e\u00a0!"},"content":{"rendered":"<p>C\u2019est une sorte de grand-messe annuelle que beaucoup attendent. Elle change de lieu chaque ann\u00e9e et attire du monde. Partenaires, m\u00e9c\u00e8nes et officiels s\u2019y pressent.<\/p>\n<p>La pr\u00e9sentation de la <a href=\"https:\/\/www.estrepublicain.fr\/culture-loisirs\/2025\/05\/13\/nancy-jazz-pulsations-l-affiche-et-les-premiers-noms-devoiles\" target=\"_blank\" rel=\"nofollow noopener\">programmation de Nancy Jazz Pulsations 2025<\/a> s\u2019est tenue ce jeudi, sous la grande halle ouverte de l\u2019Octroi. L\u2019occasion pour l\u2019\u00e9quipe de pr\u00e9senter le nouveau pr\u00e9sident, Yves Colombain, succ\u00e9dant au cofondateur Claude-Jean Antoine\u2026 Tito pour tout le monde.<\/p>\n<p>  Poirel d\u00e9marre fort<\/p>\n<p>Surtout, ce temps fort d\u00e9voile la vol\u00e9e d\u2019artistes et de concerts figurant au programme de cette \u00e9dition, qui se tiendra du 5 au 18\u00a0octobre prochain.<\/p>\n<p>Le dimanche\u00a05 donc, une fois n\u2019est pas coutume, place aux enfants avec un spectacle Magic Kids \u00e0 la P\u00e9pini\u00e8re.<\/p>\n<p>Les concerts d\u00e9buteront le mercredi\u00a08 \u00e0 la salle Poirel avec Sophyie Soliveau et la grande Rhoda Scott, et son c\u00e9l\u00e8bre Lady Quartet, qui sera accompagn\u00e9e de Hugh Coltman.<\/p>\n<p>Une salle Poirel qui accueillera, le lendemain, Ganavya et Salif Keita\u2026 Quand Stella Cole et Kareen Guiock-Thuram seront sur sc\u00e8ne le vendredi\u00a010.<\/p>\n<p>Le samedi, place \u00e0 Mathieu Boogaerts et \u00e0 Thibaud Voyou pour \u00ab\u00a0Henri Salvador est un Voyou\u00a0\u00bb.<\/p>\n<p>  Chapiteau pour tous les styles<\/p>\n<p>Haut lieu des soir\u00e9es de NJP, le Chapiteau de la P\u00e9pini\u00e8re s\u2019\u00e9veillera, lui, le jeudi\u00a09 avec du jazz et le cin\u00e9-concert Whiplash \u00a0suivi de Chilly Gonzales.<\/p>\n<p>Le vendredi\u00a010 sera plac\u00e9 sous le signe de la soul, de la funk et du disco avec Delvon Lamarr Trio, The Brooks et Dabeull Live Band.<\/p>\n<p>Samedi\u00a011, place au hip-hop avec Billie, Dali et le grand Oxmo Puccino\u2026 Avant que la pop ne prenne le relais le lundi\u00a013 avec Gildaa, Solann et Ad\u00e8le Castillon.<\/p>\n<p>Le mardi\u00a014 s\u2019annonce fort en \u00e9motion avec la venue de KaS Product que Mona Soyoc a ressuscit\u00e9 en 2021. \u00c9galement \u00e0 l\u2019affiche ce soir-l\u00e0, The Liminanas et Morcheeba parach\u00e8veront le plateau. Plateau mettant sous les projecteurs, le mercredi, Asinine, Jungle Jack, Mairo et Jolagreen 23 pour une soir\u00e9e rap.<\/p>\n<p>En attendant une grande premi\u00e8re, le jeudi, avec l\u2019\u00e9lectro d\u00e9barquant sous le Chapiteau. Au menu, Uto, Myd et Mezerg\u00a0!<\/p>\n<p>Vendredi, la soir\u00e9e reggae ne fera pas dans la demi-mesure en misant sur Clinton Fearon, Queen Omega et les incontournables Groundation.<\/p>\n<p>Enfin, en cl\u00f4ture, samedi 18\u00a0octobre, Gallowstreet, la Fanfare Ciocarla et Deluxe assureront le bouquet final.<\/p>\n<p>  Deux grandes soir\u00e9es \u00e0 l\u2019Op\u00e9ra<\/p>\n<p>Non loin de l\u00e0, l\u2019Op\u00e9ra national de Lorraine s\u2019appr\u00eate \u00e0 vivre deux soir\u00e9es inoubliables avec Avisha\u00ef Cohen le mardi\u00a014, et l\u2019immortelle Dee Dee Bridgewater le lendemain.<\/p>\n<p>De son c\u00f4t\u00e9, La Manufacture prendra vie le lundi\u00a013 et d\u00e9roulera une programmation r\u00e9solument jazz \u2013 sous toutes ses formes.<\/p>\n<p>Au final, ce sont plus de 150\u2002concerts qui sont programm\u00e9s \u00e0 Nancy et dans la r\u00e9gion.<\/p>\n<p>\u00c0 52 ans, Nancy Jazz Pulsations affiche toujours une belle sant\u00e9\u00a0!<\/p>\n<p class=\"note\">La billetterie est ouverte. \u00c0 vos tickets\u00a0!<\/p>\n","protected":false},"excerpt":{"rendered":"C\u2019est une sorte de grand-messe annuelle que beaucoup attendent. Elle change de lieu chaque ann\u00e9e et attire du&hellip;\n","protected":false},"author":2,"featured_media":174280,"comment_status":"","ping_status":"","sticky":false,"template":"","format":"standard","meta":{"footnotes":""},"categories":[9635],"tags":[1111,11,1687,1777,674,1011,27,775,873,1702,12,3456,25],"class_list":{"0":"post-174279","1":"post","2":"type-post","3":"status-publish","4":"format-standard","5":"has-post-thumbnail","7":"category-nancy","8":"tag-actu","9":"tag-actualites","10":"tag-culture-loisirs","11":"tag-eu","12":"tag-europe","13":"tag-fr","14":"tag-france","15":"tag-grand-est","16":"tag-musique","17":"tag-nancy","18":"tag-news","19":"tag-region-lorraine","20":"tag-republique-francaise"},"share_on_mastodon":{"url":"https:\/\/pubeurope.com\/@fr\/114678127878644694","error":""},"_links":{"self":[{"href":"https:\/\/www.europesays.com\/fr\/wp-json\/wp\/v2\/posts\/174279","targetHints":{"allow":["GET"]}}],"collection":[{"href":"https:\/\/www.europesays.com\/fr\/wp-json\/wp\/v2\/posts"}],"about":[{"href":"https:\/\/www.europesays.com\/fr\/wp-json\/wp\/v2\/types\/post"}],"author":[{"embeddable":true,"href":"https:\/\/www.europesays.com\/fr\/wp-json\/wp\/v2\/users\/2"}],"replies":[{"embeddable":true,"href":"https:\/\/www.europesays.com\/fr\/wp-json\/wp\/v2\/comments?post=174279"}],"version-history":[{"count":0,"href":"https:\/\/www.europesays.com\/fr\/wp-json\/wp\/v2\/posts\/174279\/revisions"}],"wp:featuredmedia":[{"embeddable":true,"href":"https:\/\/www.europesays.com\/fr\/wp-json\/wp\/v2\/media\/174280"}],"wp:attachment":[{"href":"https:\/\/www.europesays.com\/fr\/wp-json\/wp\/v2\/media?parent=174279"}],"wp:term":[{"taxonomy":"category","embeddable":true,"href":"https:\/\/www.europesays.com\/fr\/wp-json\/wp\/v2\/categories?post=174279"},{"taxonomy":"post_tag","embeddable":true,"href":"https:\/\/www.europesays.com\/fr\/wp-json\/wp\/v2\/tags?post=174279"}],"curies":[{"name":"wp","href":"https:\/\/api.w.org\/{rel}","templated":true}]}}