{"id":174294,"date":"2025-06-13T21:24:11","date_gmt":"2025-06-13T21:24:11","guid":{"rendered":"https:\/\/www.europesays.com\/fr\/174294\/"},"modified":"2025-06-13T21:24:11","modified_gmt":"2025-06-13T21:24:11","slug":"grenoble-lhumoriste-verino-fait-du-rodeo","status":"publish","type":"post","link":"https:\/\/www.europesays.com\/fr\/174294\/","title":{"rendered":"Grenoble. L\u2019humoriste V\u00e9rino fait du rod\u00e9o"},"content":{"rendered":"<p>V\u00e9rino explore une nouvelle fois la complexit\u00e9 des tensions qui nous habitent. Ancr\u00e9 dans le sol mais les pieds dans le vide, il navigue avec agilit\u00e9 pour tenter de trouver un peu de stabilit\u00e9 au milieu des turbulences de notre \u00e9poque. Et c\u2019est pas facile. On ne fait pas de balade sur un cheval fougueux. On fait du rod\u00e9o. Le saviez-vous\u00a0? Ayant affich\u00e9 complet dans les plus belles salles de France avec FOCUS , l\u2019humoriste aux 150\u00a0millions de vues sur Youtube vous pr\u00e9sente son nouveau spectacle, Rod\u00e9o.<\/p>\n<p class=\"note\">Samedi 7\u00a0mars 2026 \u00e0 20\u00a0h au Summum. \u00c0 partir de 39\u00a0\u20ac.<\/p>\n","protected":false},"excerpt":{"rendered":"V\u00e9rino explore une nouvelle fois la complexit\u00e9 des tensions qui nous habitent. Ancr\u00e9 dans le sol mais les&hellip;\n","protected":false},"author":2,"featured_media":174295,"comment_status":"","ping_status":"","sticky":false,"template":"","format":"standard","meta":{"footnotes":""},"categories":[9566],"tags":[1111,11,2430,1687,112,1777,674,1011,27,2731,2732,108,12,25,3140],"class_list":{"0":"post-174294","1":"post","2":"type-post","3":"status-publish","4":"format-standard","5":"has-post-thumbnail","7":"category-grenoble","8":"tag-actu","9":"tag-actualites","10":"tag-auvergne-rhone-alpes","11":"tag-culture-loisirs","12":"tag-edition-grenoble-agglomeration","13":"tag-eu","14":"tag-europe","15":"tag-fr","16":"tag-france","17":"tag-grenoble","18":"tag-grenoble-bassin","19":"tag-isere","20":"tag-news","21":"tag-republique-francaise","22":"tag-spectacle"},"share_on_mastodon":{"url":"https:\/\/pubeurope.com\/@fr\/114678167772101738","error":""},"_links":{"self":[{"href":"https:\/\/www.europesays.com\/fr\/wp-json\/wp\/v2\/posts\/174294","targetHints":{"allow":["GET"]}}],"collection":[{"href":"https:\/\/www.europesays.com\/fr\/wp-json\/wp\/v2\/posts"}],"about":[{"href":"https:\/\/www.europesays.com\/fr\/wp-json\/wp\/v2\/types\/post"}],"author":[{"embeddable":true,"href":"https:\/\/www.europesays.com\/fr\/wp-json\/wp\/v2\/users\/2"}],"replies":[{"embeddable":true,"href":"https:\/\/www.europesays.com\/fr\/wp-json\/wp\/v2\/comments?post=174294"}],"version-history":[{"count":0,"href":"https:\/\/www.europesays.com\/fr\/wp-json\/wp\/v2\/posts\/174294\/revisions"}],"wp:featuredmedia":[{"embeddable":true,"href":"https:\/\/www.europesays.com\/fr\/wp-json\/wp\/v2\/media\/174295"}],"wp:attachment":[{"href":"https:\/\/www.europesays.com\/fr\/wp-json\/wp\/v2\/media?parent=174294"}],"wp:term":[{"taxonomy":"category","embeddable":true,"href":"https:\/\/www.europesays.com\/fr\/wp-json\/wp\/v2\/categories?post=174294"},{"taxonomy":"post_tag","embeddable":true,"href":"https:\/\/www.europesays.com\/fr\/wp-json\/wp\/v2\/tags?post=174294"}],"curies":[{"name":"wp","href":"https:\/\/api.w.org\/{rel}","templated":true}]}}