{"id":174299,"date":"2025-06-13T21:27:10","date_gmt":"2025-06-13T21:27:10","guid":{"rendered":"https:\/\/www.europesays.com\/fr\/174299\/"},"modified":"2025-06-13T21:27:10","modified_gmt":"2025-06-13T21:27:10","slug":"trams-gratuits-tarif-reduit-chez-velhop-ce-quil-faut-savoir","status":"publish","type":"post","link":"https:\/\/www.europesays.com\/fr\/174299\/","title":{"rendered":"trams gratuits, tarif r\u00e9duit chez V\u00e9lhop\u2026 ce qu\u2019il faut savoir"},"content":{"rendered":"<p>            Par<br \/>\n        <strong><br \/>\n            <a href=\"https:\/\/actu.fr\/auteur\/ivan-capecchi\" title=\"Consulter tous les articles de Ivan CAPECCHI\" target=\"_blank\" rel=\"noopener\">Ivan CAPECCHI<\/a><br \/>\n        <\/strong><\/p>\n<p>        Publi\u00e9 le<\/p>\n<p>            13 juin 2025 \u00e0 17h50<br \/>\n        ; mis \u00e0 jour le 13 juin 2025 \u00e0 18h23    <\/p>\n<p>Un <strong>\u00e9pisode de pollution \u00e0 l\u2019ozone<\/strong> touche actuellement l\u2019<a href=\"https:\/\/actu.fr\/grand-est\/strasbourg_67482\/pia-imbs-presidente-de-l-eurometropole-de-strasbourg-ne-briguera-pas-de-nouveau-mandat-voici-pourquoi_62767929.html\" target=\"_blank\" rel=\"noopener\">Eurom\u00e9tropole de Strasbourg<\/a>.<\/p>\n<p class=\" wall-content\">Selon <strong>ATMO Grand Est<\/strong>, l\u2019association charg\u00e9e de la surveillance de la qualit\u00e9 de l\u2019air dans la r\u00e9gion, le seuil d\u2019information et de recommandation sera <strong>\u00e0 nouveau d\u00e9pass\u00e9 ce samedi 14 juin 2025<\/strong>, pour la deuxi\u00e8me journ\u00e9e cons\u00e9cutive.<\/p>\n<p class=\" wall-content\">Un crit\u00e8re de persistance qui a conduit la collectivit\u00e9 \u00e0 <strong>activer son plan d\u2019actions contre la pollution de l\u2019air<\/strong>.<\/p>\n<p>Transports gratuits et tarifs r\u00e9duits<\/p>\n<p class=\" wall-content\">En cons\u00e9quence, voici les mesures mises en place :\u00a0<\/p>\n<ul class=\" wall-content\">\n<li>Gratuit\u00e9 sur l\u2019ensemble du r\u00e9seau <a href=\"https:\/\/actu.fr\/tag\/compagnie-des-transports-strasbourgeois-cts\" target=\"_blank\" rel=\"noopener\">CTS<\/a> (tram et bus),<\/li>\n<li>Forfait sp\u00e9cial \u00ab pollution air \u00bb \u00e0 2,50 \u20ac l\u2019A\/R sur le r\u00e9seau 67 de la R\u00e9gion Grand Est,<\/li>\n<li>Tarif r\u00e9duit \u00e0 3,50 \u20ac pour la location journali\u00e8re d\u2019un v\u00e9lo m\u00e9canique adulte chez <a href=\"https:\/\/actu.fr\/grand-est\/strasbourg_67482\/velhop-en-libre-service-pourquoi-nous-oblige-t-on-a-rendre-le-velo-la-ou-on-l-a-pris_61547464.html\" target=\"_blank\" rel=\"noopener\">V\u00e9lhop<\/a>.<\/li>\n<\/ul>\n<p>Vid\u00e9os : en ce moment sur ActuLa vitesse r\u00e9duite de 20 km\/h sur les grands axes<\/p>\n<p class=\" wall-content\">De son c\u00f4t\u00e9, la pr\u00e9fecture du Bas-Rhin indique que <strong>la vitesse maximale est r\u00e9duite de 20 km\/h sur les grands axes<\/strong> (sans descendre sous les 70 km\/h).<\/p>\n<p class=\" wall-content\">Par ailleurs, les feux d\u2019artifice sont interdits, et les sites industriels les plus polluants doivent appliquer les mesures pr\u00e9vues dans leur autorisation ICPE (Installation class\u00e9e pour la protection de l\u2019environnement).<\/p>\n<p class=\" wall-content\">Ces mesures s\u2019appliquent <strong>\u00e0 partir du samedi 14 juin \u00e0 6h<\/strong>.<\/p>\n<p>O\u00f9 suivre l\u2019\u00e9volution de la qualit\u00e9 de l\u2019air ?<\/p>\n<p class=\" wall-content\">Les habitants peuvent suivre en temps r\u00e9el la qualit\u00e9 de l\u2019air sur le site <a href=\"https:\/\/www.atmo-grandest.eu\/\" target=\"_blank\" rel=\"noopener\">www.atmo-grandest.eu<\/a> et trouver des conseils sanitaires sur <a href=\"https:\/\/www.strasbourg.eu\/\" target=\"_blank\" rel=\"noopener\">strasbourg.eu<\/a>.<\/p>\n<p class=\" wall-content\">Un num\u00e9ro est \u00e9galement d\u00e9di\u00e9 aux questions de sant\u00e9 : 03 83 22 50 50.<\/p>\n<p class=\" wall-content\">Suivez toute l\u2019actualit\u00e9 de vos villes et m\u00e9dias favoris en vous inscrivant \u00e0 <a href=\"https:\/\/moncompte.actu.fr\" title=\"D\u00e9couvez Mon Actu\" rel=\"nofollow noopener\" data-trk=\"{&quot;cta&quot;:{&quot;action&quot;:&quot;https:\\\/\\\/moncompte.actu.fr&quot;,&quot;category&quot;:&quot;mon compte&quot;,&quot;from&quot;:&quot;article footer&quot;,&quot;name&quot;:&quot;Mon actu&quot;,&quot;type&quot;:&quot;cta&quot;}}\" target=\"_blank\">Mon Actu<\/a>.<\/p>\n","protected":false},"excerpt":{"rendered":"Par Ivan CAPECCHI Publi\u00e9 le 13 juin 2025 \u00e0 17h50 ; mis \u00e0 jour le 13 juin 2025&hellip;\n","protected":false},"author":2,"featured_media":174300,"comment_status":"","ping_status":"","sticky":false,"template":"","format":"standard","meta":{"footnotes":""},"categories":[2820],"tags":[1111,11,7344,1777,674,1011,27,775,12,1800,25,104,640,2803],"class_list":{"0":"post-174299","1":"post","2":"type-post","3":"status-publish","4":"format-standard","5":"has-post-thumbnail","7":"category-strasbourg","8":"tag-actu","9":"tag-actualites","10":"tag-compagnie-des-transports-strasbourgeois-cts","11":"tag-eu","12":"tag-europe","13":"tag-fr","14":"tag-france","15":"tag-grand-est","16":"tag-news","17":"tag-pollution","18":"tag-republique-francaise","19":"tag-societe","20":"tag-strasbourg","21":"tag-transport"},"share_on_mastodon":{"url":"https:\/\/pubeurope.com\/@fr\/114678178970552287","error":""},"_links":{"self":[{"href":"https:\/\/www.europesays.com\/fr\/wp-json\/wp\/v2\/posts\/174299","targetHints":{"allow":["GET"]}}],"collection":[{"href":"https:\/\/www.europesays.com\/fr\/wp-json\/wp\/v2\/posts"}],"about":[{"href":"https:\/\/www.europesays.com\/fr\/wp-json\/wp\/v2\/types\/post"}],"author":[{"embeddable":true,"href":"https:\/\/www.europesays.com\/fr\/wp-json\/wp\/v2\/users\/2"}],"replies":[{"embeddable":true,"href":"https:\/\/www.europesays.com\/fr\/wp-json\/wp\/v2\/comments?post=174299"}],"version-history":[{"count":0,"href":"https:\/\/www.europesays.com\/fr\/wp-json\/wp\/v2\/posts\/174299\/revisions"}],"wp:featuredmedia":[{"embeddable":true,"href":"https:\/\/www.europesays.com\/fr\/wp-json\/wp\/v2\/media\/174300"}],"wp:attachment":[{"href":"https:\/\/www.europesays.com\/fr\/wp-json\/wp\/v2\/media?parent=174299"}],"wp:term":[{"taxonomy":"category","embeddable":true,"href":"https:\/\/www.europesays.com\/fr\/wp-json\/wp\/v2\/categories?post=174299"},{"taxonomy":"post_tag","embeddable":true,"href":"https:\/\/www.europesays.com\/fr\/wp-json\/wp\/v2\/tags?post=174299"}],"curies":[{"name":"wp","href":"https:\/\/api.w.org\/{rel}","templated":true}]}}