{"id":174303,"date":"2025-06-13T21:29:13","date_gmt":"2025-06-13T21:29:13","guid":{"rendered":"https:\/\/www.europesays.com\/fr\/174303\/"},"modified":"2025-06-13T21:29:13","modified_gmt":"2025-06-13T21:29:13","slug":"routes-parkings-plage-ce-qui-rouvre-a-nice-apres-le-sommet-de-locean-et-quand","status":"publish","type":"post","link":"https:\/\/www.europesays.com\/fr\/174303\/","title":{"rendered":"Routes, parkings, plage&#8230; Ce qui rouvre \u00e0 Nice apr\u00e8s le Sommet de l\u2019Oc\u00e9an (et quand)"},"content":{"rendered":"<p>Qui dit conf\u00e9rence internationale dit forc\u00e9ment restrictions et limitations dans les habitudes des Ni\u00e7oises et des Ni\u00e7ois. La fin du sommet de l\u2019Oc\u00e9an, ce vendredi 13 juin 2025, lance donc le bal des r\u00e9ouvertures. Routes, parkings, plage, colline du Ch\u00e2teau&#8230; On fait le point.<\/p>\n<p>Circulation pi\u00e9tonne et routi\u00e8re<\/p>\n<p>\u00ab\u00a0D\u00e8s le 13 juin, le port est \u00e0 nouveau accessible \u00e0 tous. La circulation pi\u00e9tonne sur le quai des \u00c9tats-Unis sera r\u00e9tablie d\u00e8s le 13 juin \u00e0 partir de 19h. La r\u00e9ouverture de la circulation automobile pourrait intervenir dans la nuit du 13 au 14 juin, sur autorisation des forces de police. La piste cyclable rouvrira, elle, le 14 juin\u00a0\u00bb, indique la Ville de Nice dans un communiqu\u00e9.<\/p>\n<p>Parkings du port<\/p>\n<p>La Ville indique: \u00ab\u00a0Le parking Lympia rouvrira aux abonn\u00e9s et usagers \u00e0 compter du 15 juin \u00e0 7h. Les parkings Gal\u00e8res et Entrecasteaux rouvriront aux abonn\u00e9s le 15 juin \u00e0 7h. Enfin, le Parc Azur Lympia (P + R) rouvrira le 17 juin \u00e0 7h.\u00a0\u00bb<\/p>\n<p>Transports en commun<\/p>\n<p>\u00ab\u00a0Les deux lignes du r\u00e9seau Ligne d\u2019Azur qui avaient \u00e9t\u00e9 modifi\u00e9es, la ligne 98 et la ligne 8 +, reprendront leur trac\u00e9 habituel d\u00e8s le 14 juin\u00a0\u00bb, pr\u00e9cise la Ville.<\/p>\n<p>Colline du ch\u00e2teau<\/p>\n<p>\u00ab\u00a0La colline du ch\u00e2teau rouvrira d\u00e8s le 14 juin au matin, aux horaires habituels, et l\u2019acc\u00e8s aux ascenseurs sera r\u00e9tabli\u00a0\u00bb, selon la Ville.<\/p>\n<p>Plage<\/p>\n<p>La plage des Bains militaires rouvrira le 14 juin.<\/p>\n","protected":false},"excerpt":{"rendered":"Qui dit conf\u00e9rence internationale dit forc\u00e9ment restrictions et limitations dans les habitudes des Ni\u00e7oises et des Ni\u00e7ois. La&hellip;\n","protected":false},"author":2,"featured_media":174304,"comment_status":"","ping_status":"","sticky":false,"template":"","format":"standard","meta":{"footnotes":""},"categories":[2819],"tags":[1111,11,1777,674,1011,27,1393,12,2401,882,25,800],"class_list":{"0":"post-174303","1":"post","2":"type-post","3":"status-publish","4":"format-standard","5":"has-post-thumbnail","7":"category-nice","8":"tag-actu","9":"tag-actualites","10":"tag-eu","11":"tag-europe","12":"tag-fr","13":"tag-france","14":"tag-loisirs","15":"tag-news","16":"tag-nice","17":"tag-provence-alpes-cote-dazur","18":"tag-republique-francaise","19":"tag-transports"},"share_on_mastodon":{"url":"https:\/\/pubeurope.com\/@fr\/114678186880064189","error":""},"_links":{"self":[{"href":"https:\/\/www.europesays.com\/fr\/wp-json\/wp\/v2\/posts\/174303","targetHints":{"allow":["GET"]}}],"collection":[{"href":"https:\/\/www.europesays.com\/fr\/wp-json\/wp\/v2\/posts"}],"about":[{"href":"https:\/\/www.europesays.com\/fr\/wp-json\/wp\/v2\/types\/post"}],"author":[{"embeddable":true,"href":"https:\/\/www.europesays.com\/fr\/wp-json\/wp\/v2\/users\/2"}],"replies":[{"embeddable":true,"href":"https:\/\/www.europesays.com\/fr\/wp-json\/wp\/v2\/comments?post=174303"}],"version-history":[{"count":0,"href":"https:\/\/www.europesays.com\/fr\/wp-json\/wp\/v2\/posts\/174303\/revisions"}],"wp:featuredmedia":[{"embeddable":true,"href":"https:\/\/www.europesays.com\/fr\/wp-json\/wp\/v2\/media\/174304"}],"wp:attachment":[{"href":"https:\/\/www.europesays.com\/fr\/wp-json\/wp\/v2\/media?parent=174303"}],"wp:term":[{"taxonomy":"category","embeddable":true,"href":"https:\/\/www.europesays.com\/fr\/wp-json\/wp\/v2\/categories?post=174303"},{"taxonomy":"post_tag","embeddable":true,"href":"https:\/\/www.europesays.com\/fr\/wp-json\/wp\/v2\/tags?post=174303"}],"curies":[{"name":"wp","href":"https:\/\/api.w.org\/{rel}","templated":true}]}}