{"id":174305,"date":"2025-06-13T21:30:10","date_gmt":"2025-06-13T21:30:10","guid":{"rendered":"https:\/\/www.europesays.com\/fr\/174305\/"},"modified":"2025-06-13T21:30:10","modified_gmt":"2025-06-13T21:30:10","slug":"la-mer-brule-et-nous-ne-pouvons-plus-regarder-ailleurs-2","status":"publish","type":"post","link":"https:\/\/www.europesays.com\/fr\/174305\/","title":{"rendered":"\u00ab La mer br\u00fble, et nous ne pouvons plus regarder ailleurs \u00bb"},"content":{"rendered":"<p>Trois fois ministre, le maire de Nice Christian Estrosi pr\u00e9side la Coalition des villes et r\u00e9gions c\u00f4ti\u00e8res de l&rsquo;ONU. Il vient d&rsquo;accueillir dans sa ville la Conf\u00e9rence sur l&rsquo;oc\u00e9an et publie Ma ligne bleue (Michel Lafon), livre-manifeste pour sauver la plan\u00e8te mer.<\/p>\n<p><strong><strong class=\"glbl-red\">Le Point\u00a0:<\/strong> Que retenir de la Conf\u00e9rence des Nations unies sur l&rsquo;oc\u00e9an\u00a0? <\/strong><\/p>\n<p><strong class=\"glbl-red\"><strong>Christian Estrosi\u00a0:<\/strong><\/strong> Que les Nations unies nous aient confi\u00e9s, apr\u00e8s New York en 2017\u00a0et Lisbonne en 2022, un sommet d\u00e9di\u00e9 \u00e0 l&rsquo;oc\u00e9an est, pour la France et ma ville de Nice, une grande reconnaissance. Lisbonne avait attir\u00e9 800\u00a0scientifiques\u00a0; \u00e0 Nice, ils \u00e9taient 2\u00a0300. On voit bien qu&rsquo;il se passe quelque chose et que les consciences s&rsquo;\u00e9veillent. Nous entrons aujourd&rsquo;hui dans une phase de d\u00e9cisions.<\/p>\n<p>\u00c0 LIRE AUSSI <strong class=\"strong\"><a href=\"https:\/\/www.lepoint.fr\/environnement\/nice-cite-exemplaire-pour-la-protection-des-oceans-08-06-2025-2591506_1927.php\" rel=\"nofollow noopener\" target=\"_blank\" data-ylk=\"slk:Nice, la cit\u00e9 qui se veut exemplaire dans la protection des oc\u00e9ans;elm:context_link;itc:0;sec:content-canvas\" class=\"link \">Nice, la cit\u00e9 qui se veut exemplaire dans la protection des oc\u00e9ans<\/a><\/strong><\/p>\n<p><strong>Quelles d\u00e9cisions\u00a0? <\/strong><\/p>\n<p>Il s&rsquo;agit de r\u00e9pondre aux alertes lanc\u00e9es par les uns et les autres depuis des ann\u00e9es, et notamment le Giec. \u00c0 Nice, la grande innovation fut d&rsquo;associer des maires de la plan\u00e8te enti\u00e8re qui rassemblent pr\u00e8s d&rsquo;un milliard d&rsquo;habitants. Face au <a class=\"link \" href=\"https:\/\/www.lepoint.fr\/eureka\/quel-est-l-impact-des-oceans-sur-le-climat-11-06-2025-2591782_4706.php\" rel=\"nofollow noopener\" target=\"_blank\" data-ylk=\"slk:d\u00e9r\u00e8glement climatique;elm:context_link;itc:0;sec:content-canvas\">d\u00e9r\u00e8glement climatique<\/a> \u2013\u00a0la fonte des glaces, les risques de submersions, d&rsquo;\u00e9rosion, de salinisation des terres qui conduisent \u00e0 la destruction d&rsquo;\u00e9levages et de mara\u00eechages et aux d\u00e9placements forc\u00e9s de populations\u00a0\u2013, nous, les \u00e9lus du dernier kilom\u00e8tre, sommes les premiers \u00e0 pouvoir agir. Agir sur des r\u00e8gles d&rsquo;urbanisme plus soucieuses de l&rsquo;environnement, sur la renaturation des espaces, la d\u00e9carbon [&#8230;] <a href=\"https:\/\/www.lepoint.fr\/sciences-nature\/christian-estrosi-la-mer-brule-et-nous-ne-pouvons-plus-regarder-ailleurs-13-06-2025-2591966_1924.php\" rel=\"nofollow noopener\" target=\"_blank\" data-ylk=\"slk:Lire la suite;elm:context_link;itc:0;sec:content-canvas\" class=\"link \">Lire la suite<\/a><\/p>\n","protected":false},"excerpt":{"rendered":"Trois fois ministre, le maire de Nice Christian Estrosi pr\u00e9side la Coalition des villes et r\u00e9gions c\u00f4ti\u00e8res de&hellip;\n","protected":false},"author":2,"featured_media":174306,"comment_status":"","ping_status":"","sticky":false,"template":"","format":"standard","meta":{"footnotes":""},"categories":[2819],"tags":[1111,11,2397,1777,674,1011,27,30949,12,2401,882,25],"class_list":{"0":"post-174305","1":"post","2":"type-post","3":"status-publish","4":"format-standard","5":"has-post-thumbnail","7":"category-nice","8":"tag-actu","9":"tag-actualites","10":"tag-christian-estrosi","11":"tag-eu","12":"tag-europe","13":"tag-fr","14":"tag-france","15":"tag-les-uns-et-les-autres","16":"tag-news","17":"tag-nice","18":"tag-provence-alpes-cote-dazur","19":"tag-republique-francaise"},"share_on_mastodon":{"url":"https:\/\/pubeurope.com\/@fr\/114678190852279881","error":""},"_links":{"self":[{"href":"https:\/\/www.europesays.com\/fr\/wp-json\/wp\/v2\/posts\/174305","targetHints":{"allow":["GET"]}}],"collection":[{"href":"https:\/\/www.europesays.com\/fr\/wp-json\/wp\/v2\/posts"}],"about":[{"href":"https:\/\/www.europesays.com\/fr\/wp-json\/wp\/v2\/types\/post"}],"author":[{"embeddable":true,"href":"https:\/\/www.europesays.com\/fr\/wp-json\/wp\/v2\/users\/2"}],"replies":[{"embeddable":true,"href":"https:\/\/www.europesays.com\/fr\/wp-json\/wp\/v2\/comments?post=174305"}],"version-history":[{"count":0,"href":"https:\/\/www.europesays.com\/fr\/wp-json\/wp\/v2\/posts\/174305\/revisions"}],"wp:featuredmedia":[{"embeddable":true,"href":"https:\/\/www.europesays.com\/fr\/wp-json\/wp\/v2\/media\/174306"}],"wp:attachment":[{"href":"https:\/\/www.europesays.com\/fr\/wp-json\/wp\/v2\/media?parent=174305"}],"wp:term":[{"taxonomy":"category","embeddable":true,"href":"https:\/\/www.europesays.com\/fr\/wp-json\/wp\/v2\/categories?post=174305"},{"taxonomy":"post_tag","embeddable":true,"href":"https:\/\/www.europesays.com\/fr\/wp-json\/wp\/v2\/tags?post=174305"}],"curies":[{"name":"wp","href":"https:\/\/api.w.org\/{rel}","templated":true}]}}