{"id":174323,"date":"2025-06-13T21:39:10","date_gmt":"2025-06-13T21:39:10","guid":{"rendered":"https:\/\/www.europesays.com\/fr\/174323\/"},"modified":"2025-06-13T21:39:10","modified_gmt":"2025-06-13T21:39:10","slug":"le-club-apex-celebre-ses-50-ans-et-un-nouveau-president","status":"publish","type":"post","link":"https:\/\/www.europesays.com\/fr\/174323\/","title":{"rendered":"Le Club Apex c\u00e9l\u00e8bre ses 50 ans et un nouveau pr\u00e9sident"},"content":{"rendered":"<p>\u00c0 l\u2019occasion de son 50e anniversaire, le <a href=\"https:\/\/www.laprovence.com\/article\/economie\/4333721850934314\/a-marseille-apex-le-club-des-entreprises-a-linternational-change-de-gouvernance\" target=\"_blank\" rel=\"noopener\">club Apex <\/a>a r\u00e9uni 250 acteurs \u00e9conomiques du territoire pour une soir\u00e9e exceptionnelle, ce jeudi 12 juin, au Ch\u00e2teau de la Roque Forcade. Ce gala de l\u2019international a permis de retracer un demi-si\u00e8cle d\u2019histoire et d\u2019engagement \u00ab\u00a0au service du d\u00e9veloppement international des entreprises de la r\u00e9gion\u00a0\u00bb, a soulign\u00e9 Jean-Yves Baeteman, qui a officiellement pass\u00e9 le relais \u00e0 Matthieu Capuono, d\u00e9sormais nouveau pr\u00e9sident. Il a insist\u00e9 sur les valeurs fondatrices du r\u00e9seau, \u00ab\u00a0le dynamisme, l\u2019audace, l\u2019expertise, la convivialit\u00e9 et la solidarit\u00e9 entrepreneuriale\u00a0\u00bb.<\/p>\n<p>Matthieu Capuono a indiqu\u00e9 que son mandat serait \u00ab\u00a0r\u00e9solument tourn\u00e9 vers l\u2019innovation, l\u2019international et l\u2019accompagnement des entreprises dans les grands d\u00e9fis de demain\u00a0\u00bb.<\/p>\n","protected":false},"excerpt":{"rendered":"\u00c0 l\u2019occasion de son 50e anniversaire, le club Apex a r\u00e9uni 250 acteurs \u00e9conomiques du territoire pour une&hellip;\n","protected":false},"author":2,"featured_media":174324,"comment_status":"","ping_status":"","sticky":false,"template":"","format":"standard","meta":{"footnotes":""},"categories":[2814],"tags":[17,1111,11,1764,30950,3010,5244,33,1777,674,1011,27,884,12,4565,4919,882,25,2407],"class_list":{"0":"post-174323","1":"post","2":"type-post","3":"status-publish","4":"format-standard","5":"has-post-thumbnail","7":"category-marseille","8":"tag-17","9":"tag-actu","10":"tag-actualites","11":"tag-ans","12":"tag-apex","13":"tag-celebre","14":"tag-club","15":"tag-economie","16":"tag-eu","17":"tag-europe","18":"tag-fr","19":"tag-france","20":"tag-marseille","21":"tag-news","22":"tag-nouveau","23":"tag-president","24":"tag-provence-alpes-cote-dazur","25":"tag-republique-francaise","26":"tag-ses"},"share_on_mastodon":{"url":"https:\/\/pubeurope.com\/@fr\/114678226148258864","error":""},"_links":{"self":[{"href":"https:\/\/www.europesays.com\/fr\/wp-json\/wp\/v2\/posts\/174323","targetHints":{"allow":["GET"]}}],"collection":[{"href":"https:\/\/www.europesays.com\/fr\/wp-json\/wp\/v2\/posts"}],"about":[{"href":"https:\/\/www.europesays.com\/fr\/wp-json\/wp\/v2\/types\/post"}],"author":[{"embeddable":true,"href":"https:\/\/www.europesays.com\/fr\/wp-json\/wp\/v2\/users\/2"}],"replies":[{"embeddable":true,"href":"https:\/\/www.europesays.com\/fr\/wp-json\/wp\/v2\/comments?post=174323"}],"version-history":[{"count":0,"href":"https:\/\/www.europesays.com\/fr\/wp-json\/wp\/v2\/posts\/174323\/revisions"}],"wp:featuredmedia":[{"embeddable":true,"href":"https:\/\/www.europesays.com\/fr\/wp-json\/wp\/v2\/media\/174324"}],"wp:attachment":[{"href":"https:\/\/www.europesays.com\/fr\/wp-json\/wp\/v2\/media?parent=174323"}],"wp:term":[{"taxonomy":"category","embeddable":true,"href":"https:\/\/www.europesays.com\/fr\/wp-json\/wp\/v2\/categories?post=174323"},{"taxonomy":"post_tag","embeddable":true,"href":"https:\/\/www.europesays.com\/fr\/wp-json\/wp\/v2\/tags?post=174323"}],"curies":[{"name":"wp","href":"https:\/\/api.w.org\/{rel}","templated":true}]}}